{"id":71481,"date":"2024-10-01T08:25:07","date_gmt":"2024-10-01T06:25:07","guid":{"rendered":"https:\/\/miradordeatarfe.es\/?p=71481"},"modified":"2024-09-29T20:31:19","modified_gmt":"2024-09-29T18:31:19","slug":"bulos-sobre-los-inmigrantes-ilegales","status":"publish","type":"post","link":"https:\/\/miradordeatarfe.es\/?p=71481","title":{"rendered":"BULOS SOBRE LOS INMIGRANTES ILEGALES"},"content":{"rendered":"<div id=\"headernav\">\n<div id=\"menu-wrap\" class=\"sub-menu-wrap hidden lg:flex justify-center text-xs\">\n<div class=\"sub-menu\">\n<nav id=\"sub-main\" class=\"menu \">\n<h1 class=\"mb-6\" style=\"text-align: justify;\">La posible regularizaci\u00f3n de 500.000 \u201cinmigrantes ilegales\u201d: no podr\u00edan votar en las generales ni auton\u00f3micas, s\u00ed en las municipales en algunos casos<\/h1>\n<\/nav>\n<\/div>\n<\/div>\n<\/div>\n<div id=\"content\">\n<div id=\"article-with-sidebar\" class=\"max-w-mobile lg:max-w-desktop flex flex-col lg:flex-row justify-between mx-auto mt-8\">\n<div id=\"article-wrapper\" class=\"max-w-article-wrap\">\n<div class=\"article-section-headline section-title section-background-malditobulo\" style=\"text-align: justify;\"><a class=\"link\" href=\"https:\/\/maldita.es\/malditobulo\/\">MALDITO <strong class=\"section-title-malditobulo\">BULO<\/strong><\/a><\/div>\n<div id=\"article-meta\" class=\"mb-6\" style=\"text-align: justify;\">\n<div id=\"article-keys\" class=\"flex flex-col mb-6\">\n<ul>\n<li>Tras el desbloqueo en el Congreso de la Iniciativa Legislativa Popular (ILP) para regularizar a 500.000 personas inmigrantes, est\u00e1n circulando contenidos que afirman que estas personas podr\u00edan votar en las pr\u00f3ximas elecciones si sale adelante<\/li>\n<li>En las elecciones generales y auton\u00f3micas, solo pueden votar personas con nacionalidad espa\u00f1ola. En las municipales, ciudadanos europeos o de pa\u00edses con los que Espa\u00f1a tenga acuerdos de reciprocidad<\/li>\n<li>A 25 de septiembre de 2024, esta regularizaci\u00f3n todav\u00eda no se ha aprobado<\/li>\n<\/ul>\n<\/div>\n<\/div>\n<div id=\"article-content\" class=\"flex flex-col-reverse lg:flex-row\">\n<div id=\"article-text\" class=\"max-w-regular-content\">\n<p style=\"text-align: justify;\">\u201c<strong>Medio mill\u00f3n de votos de debajo de una piedra, es criminal. Nos quieren reemplazar<\/strong>\u201d (sic.) Mensajes como este est\u00e1n circulando por redes sociales despu\u00e9s de que se desbloqueara la tramitaci\u00f3n parlamentaria de la iniciativa legislativa popular (ILP) para regularizar a medio mill\u00f3n de personas migrantes. Sin embargo, a 25 de septiembre esta iniciativa no ha sido aprobada y, adem\u00e1s, <strong>busca la regularizaci\u00f3n, no la nacionalizaci\u00f3n de estas personas<\/strong>. En Espa\u00f1a, s\u00f3lo las <strong>personas con nacionalidad espa\u00f1ola<\/strong> pueden votar en las <a href=\"https:\/\/maldita.es\/migracion\/20240828\/inmigrante-no-votar-elecciones-generales\/#:~:text=En%20las%20elecciones%20generales%20y%20auton%C3%B3micas%20solo%20pueden%20votar%20personas%20con%20nacionalidad%20espa%C3%B1ola\" target=\"_blank\" rel=\"noopener noreferrer nofollow\"><strong>elecciones generales y auton\u00f3micas<\/strong><\/a>.\u00a0<\/p>\n<p style=\"text-align: justify;\">En el caso de\u00a0 las <a href=\"https:\/\/maldita.es\/migracion\/20240828\/inmigrante-no-votar-elecciones-generales\/#:~:text=En%20las%20elecciones%20municipales%20pueden%20votar%20inmigrantes%20de%20pa%C3%ADses%20con%20los%20que%20Espa%C3%B1a%20tenga%20firmado%20un%20acuerdo\" target=\"_blank\" rel=\"noopener noreferrer nofollow\"><strong>municipales<\/strong><\/a>, pueden participar ciudadanos europeos o de algunos pa\u00edses con los que Espa\u00f1a tiene acuerdos de reciprocidad y en las <a href=\"https:\/\/maldita.es\/migracion\/20240828\/inmigrante-no-votar-elecciones-generales\/#:~:text=En%20las%20elecciones%20europeas%20pueden%20votar%20nacionales%20y%20ciudadanos%20de%20la%20UE\" target=\"_blank\" rel=\"noopener noreferrer nofollow\"><strong>europeas<\/strong><\/a>, ciudadanos de otros pa\u00edses de la Uni\u00f3n Europea que residan en Espa\u00f1a.\u00a0<\/p>\n<h2 style=\"text-align: justify;\">La regularizaci\u00f3n no implica la concesi\u00f3n de la nacionalidad ni el derecho al voto en auton\u00f3micas o generales, pero s\u00ed en municipales si hay acuerdos con el pa\u00eds origen<\/h2>\n<p style=\"text-align: justify;\">\u201c<strong>Medio mill\u00f3n de votos m\u00e1s para la PSOE. Qu\u00e9 miedo<\/strong>\u201d (sic.) <a href=\"https:\/\/archive.li\/aSbjz\" target=\"_blank\" rel=\"noopener noreferrer nofollow\">Este<\/a> tipo de mensajes circulan desde que el Congreso de los Diputados desbloque\u00f3, el 24 de septiembre, la tramitaci\u00f3n de la ILP para el debate sobre la regularizaci\u00f3n de medio mill\u00f3n de <strong>personas migrantes en situaci\u00f3n administrativa irregular<\/strong>. Por un lado, a fecha de 25 de septiembre de 2024, esta iniciativa no est\u00e1 aprobada. Solo se ha aprobado la tramitaci\u00f3n para poder debatir su posible aprobaci\u00f3n o las enmiendas en el Congreso de los Diputados.\u00a0<\/p>\n<p style=\"text-align: justify;\">Por otro lado, la regularizaci\u00f3n se traduce en permitir el trabajo y la residencia a las personas inmigrantes que viven en Espa\u00f1a de manera irregular, pero <strong>no supone la <\/strong><a href=\"https:\/\/maldita.es\/migracion\/bulo\/20240411\/ilp-regularizacion-migrantes-desinformacion\/#:~:text=Regularizar%20no%20es%20conceder%20la%20nacionalidad\" target=\"_blank\" rel=\"noopener noreferrer nofollow\"><strong>concesi\u00f3n de la nacionalidad<\/strong><\/a> y, por tanto, <strong>no permite que estas personas voten ni en unas elecciones generales ni en las auton\u00f3micas<\/strong>. En las <a href=\"https:\/\/www.boe.es\/buscar\/act.php?id=BOE-A-1985-11672&amp;b=8&amp;tn=1&amp;p=20181206#acientosetentayseis:~:text=Art%C3%ADculo%20ciento%20setenta%20y%20seis\" target=\"_blank\" rel=\"noopener noreferrer nofollow\"><strong>municipales<\/strong><\/a> solo pueden votar <strong>extranjeros con residencia legal<\/strong> en Espa\u00f1a que sean, o ciudadanos de la Uni\u00f3n Europea, o provengan de <strong>pa\u00edses con los que Espa\u00f1a tiene firmados acuerdos de reciprocidad<\/strong>.<\/p>\n<p style=\"text-align: justify;\">En las <strong>elecciones municipales de 2023<\/strong>, estos <a href=\"https:\/\/www.ine.es\/prensa\/elecmun23_1.pdf\" target=\"_blank\" rel=\"noopener noreferrer nofollow\">pa\u00edses<\/a> fueron Bolivia, Cabo Verde, Chile, Colombia, Corea, Ecuador, Islandia, Noruega, Nueva Zelanda, Paraguay, Per\u00fa, Reino Unido y Trinidad y Tobago y los pa\u00edses miembro de la Uni\u00f3n Europea. Seg\u00fan una <a href=\"https:\/\/porcausa.org\/wp-content\/uploads\/2020\/07\/RetratodelairregularidadporCausa.pdf\" target=\"_blank\" rel=\"noopener noreferrer nofollow\">estimaci\u00f3n contemplada en un informe<\/a> de la Fundaci\u00f3n porCausa y la Universidad Carlos III, en\u00a02020 hab\u00eda entre <strong>390.000 y 470.000 personas en situaci\u00f3n irregular en Espa\u00f1a<\/strong>, una cifra que se menciona en la ILP. En el informe tambi\u00e9n se dan algunas cifras del desglose por nacionalidades, como por ejemplo 93.304 en el caso de Colombia y 30.119 en el caso de Per\u00fa, pa\u00edses con los que s\u00ed hay acuerdo de reciprocidad y, por tanto, podr\u00edan votar en las municipales en caso de aprobarse la ILP.\u00a0<\/p>\n<div class=\"raw-html-node\" style=\"text-align: justify;\">\n<div>\n<p>Adem\u00e1s, en las <a href=\"https:\/\/www.boe.es\/buscar\/act.php?id=BOE-A-1985-11672&amp;p=20181206&amp;tn=1#adoscientosdiez:~:text=Art%C3%ADculo%20doscientos%20diez.\" target=\"_blank\" rel=\"noopener noreferrer nofollow\"><strong>elecciones europeas<\/strong><\/a> solo pueden participar <strong>ciudadanos con nacionalidad espa\u00f1ola<\/strong> o aquellos <strong>procedentes de un Estados miembro de la Uni\u00f3n Europea<\/strong> residentes en Espa\u00f1a. Las <strong>personas migrantes en situaci\u00f3n administrativa irregular<\/strong>, al no poder inscribirse en el censo, <a href=\"https:\/\/maldita.es\/migracion\/20240828\/inmigrante-no-votar-elecciones-generales\/#:~:text=Los%20extranjeros%20en%20situaci%C3%B3n%20irregular%20no%20pueden%20votar%20en%20las%20elecciones\" target=\"_blank\" rel=\"noopener noreferrer nofollow\"><strong>no pueden votar en ninguna<\/strong><\/a> de estas elecciones.\u00a0<\/p>\n<\/div>\n<\/div>\n<p style=\"text-align: justify;\">Para que las personas migrantes regularizadas a partir de esta ILP puedan obtener finalmente la <a href=\"https:\/\/maldita.es\/migracion\/20240228\/doble-nacionalidad-acceso-espana\/#:~:text=La%20nacionalidad%20por%20residencia%20exige\" target=\"_blank\" rel=\"noopener noreferrer nofollow\"><strong>nacionalidad espa\u00f1ola por residencia<\/strong><\/a>, deber\u00e1n residir, al menos, 10 a\u00f1os de forma \u201clegal, continuada e inmediatamente anterior a la petici\u00f3n\u201d en Espa\u00f1a. Adem\u00e1s, tendr\u00e1n que hacer dos pruebas en el Instituto Cervantes: una sobre el idioma espa\u00f1ol y otra sobre conocimientos constitucionales y socioculturales.\u00a0<\/p>\n<p><strong>MALDITA.ES<\/strong><\/p>\n<p><a class=\"link\" href=\"https:\/\/maldita.es\/malditobulo\/\">MALDITO <strong class=\"section-title-malditobulo\">BULO<\/strong><\/a><\/p>\n<p>https:\/\/maldita.es\/malditobulo\/20240925\/ilp-regularizacion-500000-inmigrantes-votar-espana\/<\/p>\n<\/div>\n<\/div>\n<\/div>\n<\/div>\n<\/div>\n","protected":false},"excerpt":{"rendered":"<p>La posible regularizaci\u00f3n de 500.000 \u201cinmigrantes ilegales\u201d: no podr\u00edan votar en las generales ni auton\u00f3micas,&#8230;<\/p>\n","protected":false},"author":1,"featured_media":71482,"comment_status":"closed","ping_status":"closed","sticky":false,"template":"","format":"standard","meta":{"_coblocks_attr":"","_coblocks_dimensions":"","_coblocks_responsive_height":"","_coblocks_accordion_ie_support":"","jetpack_post_was_ever_published":false,"_jetpack_newsletter_access":"","_jetpack_dont_email_post_to_subs":false,"_jetpack_newsletter_tier_id":0,"_jetpack_memberships_contains_paywalled_content":false,"_jetpack_memberships_contains_paid_content":false,"footnotes":"","jetpack_publicize_message":"","jetpack_publicize_feature_enabled":true,"jetpack_social_post_already_shared":true,"jetpack_social_options":{"image_generator_settings":{"template":"highway","default_image_id":0,"enabled":false},"version":2}},"categories":[1161,44,7671],"tags":[],"class_list":["post-71481","post","type-post","status-publish","format-standard","has-post-thumbnail","hentry","category-ciudadania","category-noticias-de-hoy","category-politica"],"jetpack_publicize_connections":[],"jetpack_featured_media_url":"https:\/\/i0.wp.com\/miradordeatarfe.es\/wp-content\/uploads\/2024\/09\/66f3fe2845b6aportada-voto-ilp-2-png.png?fit=1600%2C675&ssl=1","jetpack_likes_enabled":true,"jetpack_sharing_enabled":true,"_links":{"self":[{"href":"https:\/\/miradordeatarfe.es\/index.php?rest_route=\/wp\/v2\/posts\/71481","targetHints":{"allow":["GET"]}}],"collection":[{"href":"https:\/\/miradordeatarfe.es\/index.php?rest_route=\/wp\/v2\/posts"}],"about":[{"href":"https:\/\/miradordeatarfe.es\/index.php?rest_route=\/wp\/v2\/types\/post"}],"author":[{"embeddable":true,"href":"https:\/\/miradordeatarfe.es\/index.php?rest_route=\/wp\/v2\/users\/1"}],"replies":[{"embeddable":true,"href":"https:\/\/miradordeatarfe.es\/index.php?rest_route=%2Fwp%2Fv2%2Fcomments&post=71481"}],"version-history":[{"count":1,"href":"https:\/\/miradordeatarfe.es\/index.php?rest_route=\/wp\/v2\/posts\/71481\/revisions"}],"predecessor-version":[{"id":71483,"href":"https:\/\/miradordeatarfe.es\/index.php?rest_route=\/wp\/v2\/posts\/71481\/revisions\/71483"}],"wp:featuredmedia":[{"embeddable":true,"href":"https:\/\/miradordeatarfe.es\/index.php?rest_route=\/wp\/v2\/media\/71482"}],"wp:attachment":[{"href":"https:\/\/miradordeatarfe.es\/index.php?rest_route=%2Fwp%2Fv2%2Fmedia&parent=71481"}],"wp:term":[{"taxonomy":"category","embeddable":true,"href":"https:\/\/miradordeatarfe.es\/index.php?rest_route=%2Fwp%2Fv2%2Fcategories&post=71481"},{"taxonomy":"post_tag","embeddable":true,"href":"https:\/\/miradordeatarfe.es\/index.php?rest_route=%2Fwp%2Fv2%2Ftags&post=71481"}],"curies":[{"name":"wp","href":"https:\/\/api.w.org\/{rel}","templated":true}]}}