{"id":71487,"date":"2024-10-03T10:30:48","date_gmt":"2024-10-03T08:30:48","guid":{"rendered":"https:\/\/miradordeatarfe.es\/?p=71487"},"modified":"2024-10-01T13:06:20","modified_gmt":"2024-10-01T11:06:20","slug":"carta-publica-a-dona-maria-del-rocio-hernandez-soto-consejera-de-salud-y-consumo-de-la-junta-de-andalucia","status":"publish","type":"post","link":"https:\/\/miradordeatarfe.es\/?p=71487","title":{"rendered":"Carta p\u00fablica a Do\u00f1a Mar\u00eda del Roc\u00edo Hern\u00e1ndez Soto, consejera de Salud y Consumo de la Junta de Andaluc\u00eda&#8217;"},"content":{"rendered":"<h3 class=\"entrad\" style=\"text-align: justify;\">Juan Mata reflexiona sobre el deterioto de la sanidad p\u00fablica en esta misiva, que compartimos, por la profunidad de su an\u00e1lis. Para leer detenidamente, reflexionar y compartir.<\/h3>\n<div class=\"cuerpo\">\n<p style=\"text-align: justify;\"><em>Se\u00f1ora consejera:<\/em><\/p>\n<p style=\"text-align: justify;\"><em>Quien se dirige a usted mediante esta carta es un paciente reci\u00e9n salido de una de las muy extensas listas de espera que ensombrecen al Servicio Andaluz de Salud, dependiente de la Consejer\u00eda de Salud y Consumo que usted dirige. He esperado a estar operado para hacerle algunas consideraciones al respecto.<\/em><\/p>\n<p class=\"sumari\" style=\"text-align: justify;\"><em>Me siento tremendamente orgulloso de pertenecer a la sanidad p\u00fablica. La he venido defendiendo desde que, bastante joven, comprend\u00ed su inmenso valor social como instrumento de equidad y justicia. Aprend\u00ed pronto, y en eso tuve suerte, que la salud nunca deber\u00eda ser un asunto sujeto a negocio, a la mercantilizaci\u00f3n que parece contaminar todos los \u00e1mbitos de la vida<\/em><\/p>\n<p style=\"text-align: justify;\"><em>La primera, que me siento tremendamente orgulloso de pertenecer a la sanidad p\u00fablica. La he venido defendiendo desde que, bastante joven, comprend\u00ed su inmenso valor social como instrumento de equidad y justicia. Aprend\u00ed pronto, y en eso tuve suerte, que la salud nunca deber\u00eda ser un asunto sujeto a negocio, a la mercantilizaci\u00f3n que parece contaminar todos los \u00e1mbitos de la vida. Considero que hay cuestiones que deber\u00edan quedar a salvo de la l\u00f3gica del dinero, es decir, de la b\u00fasqueda de beneficios econ\u00f3micos a costa de lo que sea, incluida la salud de las personas. No s\u00e9 si piensa usted lo mismo, aunque proviene usted del \u00e1mbito de la sanidad p\u00fablica, pero tengo mis dudas, visto lo visto.\u00a0<\/em><\/p>\n<p style=\"text-align: justify;\"><em>Hace un tiempo rechac\u00e9 el ofrecimiento que me hac\u00eda el Servicio Andaluz de Salud de hacer la intervenci\u00f3n quir\u00fargica pendiente en un hospital privado. Y lo argument\u00e9 en parecidos t\u00e9rminos a los que empleo aqu\u00ed. Algunos ciudadanos, y por supuesto muchos de sus correligionarios, pensar\u00e1n que fui imb\u00e9cil, o desagradecido, por rechazar un favor que me hac\u00edan, ya que con esas derivaciones a hospitales privados habr\u00eda adelantado la operaci\u00f3n. Considerar\u00e1n, como ustedes, que esos ofrecimientos van en beneficio de los pacientes. Pero no nos enga\u00f1emos, se\u00f1ora consejera. No somos bobos. Eso queda bien para la propaganda, las ruedas de prensa y los m\u00edtines, pero usted sabe bien que es una falacia. Ustedes a quienes realmente est\u00e1n haciendo un favor es a los due\u00f1os de los hospitales privados al transferirles un dinero p\u00fablico que bien podr\u00eda invertirse en los hospitales y en los profesionales de la sanidad p\u00fablica.\u00a0<\/em><\/p>\n<p class=\"sumari\" style=\"text-align: justify;\"><em>Una de las razones por las que me negu\u00e9 a su propuesta es que no quiero participar en la farsa en la que andan ustedes enredados. No quiero ser c\u00f3mplice de lo que de cuando en cuando sale a la luz: que las aseguradoras privadas les agradecen los servicios prestados fichando a altos cargos de su consejer\u00eda con buenos puestos y excelentes sueldos<\/em><\/p>\n<p style=\"text-align: justify;\"><em>Una de las razones por las que me negu\u00e9 a su propuesta es que no quiero participar en la farsa en la que andan ustedes enredados. No quiero ser c\u00f3mplice de lo que de cuando en cuando sale a la luz: que las aseguradoras privadas les agradecen los servicios prestados fichando a altos cargos de su consejer\u00eda con buenos puestos y excelentes sueldos. Lo hemos venido comprobando meses atr\u00e1s. No s\u00e9 si a usted misma o a sus subordinados o sus correligionarios les importa la ejemplaridad p\u00fablica, pero a muchos ciudadanos s\u00ed les importa. Y nos parece una afrenta la desfachatez con que muchos directivos de la consejer\u00eda que usted preside ahora se han enrolado en los grupos que controlan los hospitales a los que el Servicio Andaluz de Salud quer\u00eda enviarme, con la excusa de estar haci\u00e9ndome un favor. Y, la verdad, no s\u00e9 qu\u00e9 pensar al respecto: o ya fueron designados en su d\u00eda sabiendo que eran enviados de la sanidad privada o fueron tentados (f\u00e1cilmente por lo que se ve) mientras gestionaban los asuntos de la sanidad p\u00fablica. En ambos casos, un ejemplo manifiesto de corrupci\u00f3n moral (dej\u00e9moslo ah\u00ed). No quer\u00eda, por tanto, formar parte de ese sainete, ni siquiera como figurante.<\/em><\/p>\n<p class=\"sumari\" style=\"text-align: justify;\"><em>No pueden alegar en consecuencia que los ciudadanos andaluces los votaron sabiendo que esa contingencia se iba a producir. Me parece, por tanto, que esa derivaci\u00f3n es un tanto fraudulenta<\/em><\/p>\n<p style=\"text-align: justify;\"><em>Por otra parte, y por muy atentamente que lo he le\u00eddo, no he encontrado en el programa con el que el PP concurri\u00f3 a las elecciones andaluzas alguna referencia a su intenci\u00f3n de delegar en la sanidad privada las funciones que corresponden a la sanidad p\u00fablica. No pueden alegar en consecuencia que los ciudadanos andaluces los votaron sabiendo que esa contingencia se iba a producir. Me parece, por tanto, que esa derivaci\u00f3n es un tanto fraudulenta.\u00a0<\/em><\/p>\n<p class=\"sumari\" style=\"text-align: justify;\"><em>Mantener esa conquista deber\u00eda ser, dado el puesto que ocupa, su principal cometido y no el de permitir, cuando no agravar, su progresiva degradaci\u00f3n<\/em><\/p>\n<p style=\"text-align: justify;\"><em>Como le dec\u00eda, considero que la sanidad p\u00fablica hace de la salud un bien colectivo, compartido, desvinculado de la condici\u00f3n econ\u00f3mica o social de las personas. La salud no puede ser un privilegio de clase. No s\u00e9 si usted o los suyos son conscientes de lo que eso supone para el bienestar comunitario, la inclusi\u00f3n social y la convivencia. Mantener esa conquista deber\u00eda ser, dado el puesto que ocupa, su principal cometido y no el de permitir, cuando no agravar, su progresiva degradaci\u00f3n. Un bien del que forman parte los excelentes profesionales que forman parte de ese sistema p\u00fablico, tan quemados e infravalorados, y que es otra de las razones por las que rechac\u00e9 su propuesta. No s\u00e9 si alcanza usted a apreciar el valioso patrimonio humano que tiene usted a su servicio. Quiero suponer que s\u00ed, pues ha trabajado usted en centros p\u00fablicos de salud. Yo no tengo m\u00e1s que palabras de reconocimiento y gratitud por su calidad y su trato.\u00a0<\/em><\/p>\n<p class=\"sumari\" style=\"text-align: justify;\"><em>\u00bfSon ustedes conscientes? \u00bfLes llega un m\u00ednimo eco de las conversaciones y las quejas de la gente? \u00bfPonen el o\u00eddo en el autob\u00fas o en el metro o en las cafeter\u00edas? \u00bfTienen familiares o amigos en una situaci\u00f3n desesperada? \u00bfLeen los peri\u00f3dicos? \u00bfEscuchan a su propio personal sanitario?\u00a0<\/em><\/p>\n<p style=\"text-align: justify;\"><em>Quiero que sepa finalmente que escribo esta carta no contra usted sino a favor de usted, en defensa de la parcela que usted gestiona, es decir, la sanidad p\u00fablica andaluza. Porque su progresivo deterioro es alarmante. \u00bfSon ustedes conscientes? \u00bfLes llega un m\u00ednimo eco de las conversaciones y las quejas de la gente? \u00bfPonen el o\u00eddo en el autob\u00fas o en el metro o en las cafeter\u00edas? \u00bfTienen familiares o amigos en una situaci\u00f3n desesperada? \u00bfLeen los peri\u00f3dicos? \u00bfEscuchan a su propio personal sanitario?\u00a0<\/em><\/p>\n<p style=\"text-align: justify;\"><em>Quienes visitamos los centros de salud o los hospitales y escuchamos lo que los usuarios y el propio personal sanitario dicen no podemos por menos que estar sobresaltados e indignados. Soy, pues, un paciente que no se resigna a este derrumbamiento, que entiende que lo justo y razonable ser\u00eda invertir los cientos de millones que, con el pretexto de mejorar nuestra salud, est\u00e1n ustedes derivando a manos privadas en contratar a m\u00e1s profesionales, abrir nuevos quir\u00f3fanos, potenciar los recursos que ya tienen&#8230; En fin, haciendo lo contrario de lo que ahora hacen, defendiendo con pasi\u00f3n la sanidad de todos y no el beneficio de unos pocos.\u00a0<\/em><\/p>\n<p style=\"text-align: justify;\"><em>Saludos cordiales.<\/em><\/p>\n<div class=\"media media-element-container media-default\">\n<div id=\"file-107300\" class=\"file file-image file-image-jpeg\">\n<h2 class=\"element-invisible\" style=\"text-align: justify;\"><img data-recalc-dims=\"1\" loading=\"lazy\" decoding=\"async\" class=\"media-element file-default\" src=\"https:\/\/i0.wp.com\/www.elindependientedegranada.es\/sites\/default\/files\/mata.jpg?resize=350%2C199&#038;ssl=1\" alt=\"\" width=\"350\" height=\"199\" data-delta=\"1\" \/><\/h2>\n<\/div>\n<\/div>\n<h5 class=\"divdest\"><strong>Juan Mata<\/strong>,\u00a0doctor en Did\u00e1ctica de la Lengua y la Literatura, ha sido profesor de la Facultad de Ciencias de la Educaci\u00f3n de la Universidad de Granada. Su labor de divulgaci\u00f3n de los libros y la lectura ha merecido numerosos reconocimientos y distinciones. Su destacado compromido activo le ha llevado colaborar asiduamente con asociaciones culturales e instituciones cient\u00edficas, para las que ha escrito proyectos y obras literarias, adem\u00e1s de sus propias publicaciones.\u00a0<\/h5>\n<\/div>\n<div class=\"img\">FOTO:Roc\u00edo Hern\u00e1ndez en su toma de posesi\u00f3n del cargo de consejera de Salud y Consumo, en presencia del presidente Juan Manuel Moreno.<\/div>\n<div>\u00a0<\/div>\n<div>http:\/\/www.elindependientedegranada.es\/ciudadania\/carta-publica-dona-maria-rocio-hernandez-soto-consejera-salud-consumo-junta-andalucia<\/div>\n","protected":false},"excerpt":{"rendered":"<p>Juan Mata reflexiona sobre el deterioto de la sanidad p\u00fablica en esta misiva, que compartimos,&#8230;<\/p>\n","protected":false},"author":1,"featured_media":71488,"comment_status":"closed","ping_status":"closed","sticky":false,"template":"","format":"standard","meta":{"_coblocks_attr":"","_coblocks_dimensions":"","_coblocks_responsive_height":"","_coblocks_accordion_ie_support":"","jetpack_post_was_ever_published":false,"_jetpack_newsletter_access":"","_jetpack_dont_email_post_to_subs":false,"_jetpack_newsletter_tier_id":0,"_jetpack_memberships_contains_paywalled_content":false,"_jetpack_memberships_contains_paid_content":false,"footnotes":"","jetpack_publicize_message":"","jetpack_publicize_feature_enabled":true,"jetpack_social_post_already_shared":true,"jetpack_social_options":{"image_generator_settings":{"template":"highway","default_image_id":0,"enabled":false},"version":2}},"categories":[186,44,6937,10],"tags":[],"class_list":["post-71487","post","type-post","status-publish","format-standard","has-post-thumbnail","hentry","category-instituciones","category-noticias-de-hoy","category-sociedad","category-salud"],"jetpack_publicize_connections":[],"jetpack_featured_media_url":"https:\/\/i0.wp.com\/miradordeatarfe.es\/wp-content\/uploads\/2024\/09\/rocio-hernandez-consejera-de-salud-andalucia-2.png?fit=750%2C460&ssl=1","jetpack_likes_enabled":true,"jetpack_sharing_enabled":true,"_links":{"self":[{"href":"https:\/\/miradordeatarfe.es\/index.php?rest_route=\/wp\/v2\/posts\/71487","targetHints":{"allow":["GET"]}}],"collection":[{"href":"https:\/\/miradordeatarfe.es\/index.php?rest_route=\/wp\/v2\/posts"}],"about":[{"href":"https:\/\/miradordeatarfe.es\/index.php?rest_route=\/wp\/v2\/types\/post"}],"author":[{"embeddable":true,"href":"https:\/\/miradordeatarfe.es\/index.php?rest_route=\/wp\/v2\/users\/1"}],"replies":[{"embeddable":true,"href":"https:\/\/miradordeatarfe.es\/index.php?rest_route=%2Fwp%2Fv2%2Fcomments&post=71487"}],"version-history":[{"count":1,"href":"https:\/\/miradordeatarfe.es\/index.php?rest_route=\/wp\/v2\/posts\/71487\/revisions"}],"predecessor-version":[{"id":71489,"href":"https:\/\/miradordeatarfe.es\/index.php?rest_route=\/wp\/v2\/posts\/71487\/revisions\/71489"}],"wp:featuredmedia":[{"embeddable":true,"href":"https:\/\/miradordeatarfe.es\/index.php?rest_route=\/wp\/v2\/media\/71488"}],"wp:attachment":[{"href":"https:\/\/miradordeatarfe.es\/index.php?rest_route=%2Fwp%2Fv2%2Fmedia&parent=71487"}],"wp:term":[{"taxonomy":"category","embeddable":true,"href":"https:\/\/miradordeatarfe.es\/index.php?rest_route=%2Fwp%2Fv2%2Fcategories&post=71487"},{"taxonomy":"post_tag","embeddable":true,"href":"https:\/\/miradordeatarfe.es\/index.php?rest_route=%2Fwp%2Fv2%2Ftags&post=71487"}],"curies":[{"name":"wp","href":"https:\/\/api.w.org\/{rel}","templated":true}]}}