{"id":71490,"date":"2024-10-02T09:05:52","date_gmt":"2024-10-02T07:05:52","guid":{"rendered":"https:\/\/miradordeatarfe.es\/?p=71490"},"modified":"2024-09-29T22:06:22","modified_gmt":"2024-09-29T20:06:22","slug":"que-vehiculos-tendran-prohibido-entrar-a-granada-con-la-nueva-zona-de-bajas-emisiones","status":"publish","type":"post","link":"https:\/\/miradordeatarfe.es\/?p=71490","title":{"rendered":"\u00bfQu\u00e9 veh\u00edculos tendr\u00e1n prohibido entrar a Granada con la nueva Zona de Bajas Emisiones?"},"content":{"rendered":"<h3 class=\"subtitle-atom B-500-400-500-N B-525-400-500-N--md mb-5\" style=\"text-align: justify;\" data-mrf-recirculation=\"Enlace entradilla\">Los distintivos ambientales y la antig\u00fcedad del veh\u00edculo marcar\u00e1n el l\u00edmite de circulaci\u00f3n<\/h3>\n<div class=\"bbnx-body prometeo-hideable two-columns-default-width\">\n<p class=\"paragraph-atom B-500-400-400-N B-525-400-700-N--md\" style=\"text-align: justify;\">A partir del 1 de abril de 2025 estar\u00e1 en marcha la Zona de Bajas Emisiones de Granada, que se extender\u00e1 a toda la ciudad con el l\u00edmite de la Circunvalaci\u00f3n, seg\u00fan ha informado la alcaldesa de la ciudad, Marifr\u00e1n Carazo, en la presentaci\u00f3n de su propuesta.<\/p>\n<p class=\"paragraph-atom B-500-400-400-N B-525-400-700-N--md\" style=\"text-align: justify;\">Desde ese d\u00eda no podr\u00e1n entrar a la ciudad los <strong>veh\u00edculos, motos y ciclomotores sin etiqueta que no est\u00e9n censados en Granada. Es decir, que no paguen el impuesto de circulaci\u00f3n en la ciudad y que adem\u00e1s no cumplan con los requisitos ambientales.<\/strong><\/p>\n<p class=\"paragraph-atom B-500-400-400-N B-525-400-700-N--md\" style=\"text-align: justify;\">As\u00ed, afectar\u00e1 a los veh\u00edculos con etiqueta A y a los que no tienen distintivo ambiental, que son los veh\u00edculos de gasolina anteriores a 2001 y los di\u00e9sel anteriores al 2006. La medida afecta a una media de 6.709 veh\u00edculos diarios que actualmente entran en la ciudad en ese r\u00e9gimen.<\/p>\n<p class=\"paragraph-atom B-500-400-400-N B-525-400-700-N--md\" style=\"text-align: justify;\">No afectar\u00e1 a veh\u00edculos de carga y descarga ni al transporte escolar y discrecional. Los veh\u00edculos de residentes fuera de Granada con distintivos B, C, ECO y O s\u00ed podr\u00e1n circular sin problema.<\/p>\n<p class=\"paragraph-atom B-500-400-400-N B-525-400-700-N--md\" style=\"text-align: justify;\">Desde octubre de 2024 estar\u00e1 en prueba la medida, con las c\u00e1maras funcionando pero sin multas. A partir del 1 de abril de 2025 ya habr\u00e1 sanciones.<\/p>\n<p class=\"paragraph-atom B-500-400-400-N B-525-400-700-N--md\" style=\"text-align: justify;\">La medida no afectar\u00e1 a los veh\u00edculos censados en Granada independientemente de su antig\u00fcedad y etiqueta ambiental. Podr\u00e1n circular sin restricciones, al menos hasta 2028 que se realice el estudio de resultados de la medida.<\/p>\n<h2 class=\"heading-atom B-600-500-200-N B-650-500-300-N--md heading\" style=\"text-align: justify;\">As\u00ed son las etiquetas y los veh\u00edculos que la llevar\u00e1n<\/h2>\n<h2 class=\"paragraph-atom B-500-400-400-N B-525-400-700-N--md\"><a href=\"https:\/\/www.granadahoy.com\/2023\/01\/03\/sociedad\/Etiqueta-Cero_1753634649_173780184_1200x675.png\">Etiqueta Cero<\/a><\/h2>\n<figure class=\"image\"><picture><img data-recalc-dims=\"1\" decoding=\"async\" class=\"no-sources lazy loaded\" src=\"https:\/\/i0.wp.com\/www.granadahoy.com\/2023\/01\/03\/sociedad\/Etiqueta-Cero_1753634649_173780184_1200x675.png?w=640&#038;ssl=1\" alt=\"\" data-debug=\"58\" data-src=\"https:\/\/www.granadahoy.com\/2023\/01\/03\/sociedad\/Etiqueta-Cero_1753634649_173780184_1200x675.png\" data-was-processed=\"true\" \/><\/picture><figcaption class=\"figcaption-atom caption A-200-300-500-N color-neutral500\"><\/figcaption><\/figure>\n<p class=\"paragraph-atom B-500-400-400-N B-525-400-700-N--md\">Etiqueta Cero<\/p>\n<h2 class=\"paragraph-atom B-500-400-400-N B-525-400-700-N--md\"><strong>Etiqueta Cero<\/strong><\/h2>\n<p class=\"paragraph-atom B-500-400-400-N B-525-400-700-N--md\">-Vehi\u0301culos 100 % ele\u0301ctricos.<\/p>\n<p class=\"paragraph-atom B-500-400-400-N B-525-400-700-N--md\">-Ele\u0301ctricos de autonomi\u0301a extendida.<\/p>\n<p class=\"paragraph-atom B-500-400-400-N B-525-400-700-N--md\">-Hi\u0301bridos enchufables con autonomi\u0301a de ma\u0301s de 40 km.<\/p>\n<p class=\"paragraph-atom B-500-400-400-N B-525-400-700-N--md\">-Ele\u0301ctricos de pila de combustible.<\/p>\n<p class=\"paragraph-atom B-500-400-400-N B-525-400-700-N--md\">-Vehi\u0301culos de combustio\u0301n de hidro\u0301geno.<\/p>\n<h2 class=\"paragraph-atom B-500-400-400-N B-525-400-700-N--md\"><a href=\"https:\/\/www.granadahoy.com\/2023\/01\/03\/sociedad\/Etiqueta-ECO_1753634650_173780232_1200x675.png\">Etiqueta ECO<\/a><\/h2>\n<figure class=\"image\"><picture><img data-recalc-dims=\"1\" decoding=\"async\" class=\"no-sources lazy loaded\" src=\"https:\/\/i0.wp.com\/www.granadahoy.com\/2023\/01\/03\/sociedad\/Etiqueta-ECO_1753634650_173780232_1200x675.png?w=640&#038;ssl=1\" alt=\"\" data-debug=\"58\" data-src=\"https:\/\/www.granadahoy.com\/2023\/01\/03\/sociedad\/Etiqueta-ECO_1753634650_173780232_1200x675.png\" data-was-processed=\"true\" \/><\/picture><figcaption class=\"figcaption-atom caption A-200-300-500-N color-neutral500\"><\/figcaption><\/figure>\n<p class=\"paragraph-atom B-500-400-400-N B-525-400-700-N--md\">Etiqueta ECO<\/p>\n<p class=\"paragraph-atom B-500-400-400-N B-525-400-700-N--md\"><strong>Etiqueta ECO<\/strong><\/p>\n<p class=\"paragraph-atom B-500-400-400-N B-525-400-700-N--md\">-Hi\u0301bridos enchufables con autonomi\u0301a por debajo de 40 km.<\/p>\n<p class=\"paragraph-atom B-500-400-400-N B-525-400-700-N--md\">-Hi\u0301bridos no enchufables.<\/p>\n<p class=\"paragraph-atom B-500-400-400-N B-525-400-700-N--md\">-Vehi\u0301culos propulsados por sistemas de gas natural o gases licuados del petro\u0301leo.<\/p>\n<h2 class=\"paragraph-atom B-500-400-400-N B-525-400-700-N--md\"><a href=\"https:\/\/www.granadahoy.com\/2023\/01\/03\/sociedad\/Etiqueta_1753634651_173780280_1200x675.png\">Etiqueta C<\/a><\/h2>\n<figure class=\"image\"><picture><img data-recalc-dims=\"1\" decoding=\"async\" class=\"no-sources lazy loaded\" src=\"https:\/\/i0.wp.com\/www.granadahoy.com\/2023\/01\/03\/sociedad\/Etiqueta_1753634651_173780280_1200x675.png?w=640&#038;ssl=1\" alt=\"\" data-debug=\"58\" data-src=\"https:\/\/www.granadahoy.com\/2023\/01\/03\/sociedad\/Etiqueta_1753634651_173780280_1200x675.png\" data-was-processed=\"true\" \/><\/picture><figcaption class=\"figcaption-atom caption A-200-300-500-N color-neutral500\"><\/figcaption><\/figure>\n<p class=\"paragraph-atom B-500-400-400-N B-525-400-700-N--md\">Etiqueta C<\/p>\n<p class=\"paragraph-atom B-500-400-400-N B-525-400-700-N--md\"><strong>Etiqueta C<\/strong><\/p>\n<p class=\"paragraph-atom B-500-400-400-N B-525-400-700-N--md\">-Vehi\u0301culos de gasolina matriculados a partir de 2006 o die\u0301sel matriculados a partir de 2014:<\/p>\n<h2 class=\"paragraph-atom B-500-400-400-N B-525-400-700-N--md\"><a href=\"https:\/\/www.granadahoy.com\/2023\/01\/03\/sociedad\/Etiqueta_1753634652_173780328_1200x675.png\">Etiqueta B<\/a><\/h2>\n<figure class=\"image\"><picture><img data-recalc-dims=\"1\" decoding=\"async\" class=\"no-sources lazy loaded\" src=\"https:\/\/i0.wp.com\/www.granadahoy.com\/2023\/01\/03\/sociedad\/Etiqueta_1753634652_173780328_1200x675.png?w=640&#038;ssl=1\" alt=\"\" data-debug=\"58\" data-src=\"https:\/\/www.granadahoy.com\/2023\/01\/03\/sociedad\/Etiqueta_1753634652_173780328_1200x675.png\" data-was-processed=\"true\" \/><\/picture><figcaption class=\"figcaption-atom caption A-200-300-500-N color-neutral500\"><\/figcaption><\/figure>\n<p class=\"paragraph-atom B-500-400-400-N B-525-400-700-N--md\">Etiqueta B<\/p>\n<p class=\"paragraph-atom B-500-400-400-N B-525-400-700-N--md\"><strong>Etiqueta B<\/strong><\/p>\n<p class=\"paragraph-atom B-500-400-400-N B-525-400-700-N--md\">-Veh\u00edculos gasolina matriculados a partir del a\u00f1o 2000 y los di\u00e9sel matriculados a partir del a\u00f1o 2006.<\/p>\n<\/div>\n<div class=\"bbnx-related-news\" data-mrf-recirculation=\"IL_AEN5L-PlTaCMX0X3XA2WmA\" data-testid=\"text-html\" data-mrf-experience=\"IL_AEN5L-PlTaCMX0X3XA2WmA\">\u00a0<\/div>\n<footer class=\"footer\">\n<div class=\"authors\">\n<div class=\"author\" data-mrf-recirculation=\"Autor\">\n<div class=\"author-content\">\u00a0<\/div>\n<\/div>\n<\/div>\n<\/footer>\n","protected":false},"excerpt":{"rendered":"<p>Los distintivos ambientales y la antig\u00fcedad del veh\u00edculo marcar\u00e1n el l\u00edmite de circulaci\u00f3n A partir&#8230;<\/p>\n","protected":false},"author":1,"featured_media":71491,"comment_status":"closed","ping_status":"closed","sticky":false,"template":"","format":"standard","meta":{"_coblocks_attr":"","_coblocks_dimensions":"","_coblocks_responsive_height":"","_coblocks_accordion_ie_support":"","jetpack_post_was_ever_published":false,"_jetpack_newsletter_access":"","_jetpack_dont_email_post_to_subs":false,"_jetpack_newsletter_tier_id":0,"_jetpack_memberships_contains_paywalled_content":false,"_jetpack_memberships_contains_paid_content":false,"footnotes":"","jetpack_publicize_message":"","jetpack_publicize_feature_enabled":true,"jetpack_social_post_already_shared":true,"jetpack_social_options":{"image_generator_settings":{"template":"highway","default_image_id":0,"enabled":false},"version":2}},"categories":[1161,10781,9,44],"tags":[],"class_list":["post-71490","post","type-post","status-publish","format-standard","has-post-thumbnail","hentry","category-ciudadania","category-granada","category-medio-ambiente","category-noticias-de-hoy"],"jetpack_publicize_connections":[],"jetpack_featured_media_url":"https:\/\/i0.wp.com\/miradordeatarfe.es\/wp-content\/uploads\/2024\/09\/e83329e9-47f6-47f8-a0e4-3376c4db3a3b_16-9-aspect-ratio_1200w_0.webp?fit=1200%2C675&ssl=1","jetpack_likes_enabled":true,"jetpack_sharing_enabled":true,"_links":{"self":[{"href":"https:\/\/miradordeatarfe.es\/index.php?rest_route=\/wp\/v2\/posts\/71490","targetHints":{"allow":["GET"]}}],"collection":[{"href":"https:\/\/miradordeatarfe.es\/index.php?rest_route=\/wp\/v2\/posts"}],"about":[{"href":"https:\/\/miradordeatarfe.es\/index.php?rest_route=\/wp\/v2\/types\/post"}],"author":[{"embeddable":true,"href":"https:\/\/miradordeatarfe.es\/index.php?rest_route=\/wp\/v2\/users\/1"}],"replies":[{"embeddable":true,"href":"https:\/\/miradordeatarfe.es\/index.php?rest_route=%2Fwp%2Fv2%2Fcomments&post=71490"}],"version-history":[{"count":1,"href":"https:\/\/miradordeatarfe.es\/index.php?rest_route=\/wp\/v2\/posts\/71490\/revisions"}],"predecessor-version":[{"id":71492,"href":"https:\/\/miradordeatarfe.es\/index.php?rest_route=\/wp\/v2\/posts\/71490\/revisions\/71492"}],"wp:featuredmedia":[{"embeddable":true,"href":"https:\/\/miradordeatarfe.es\/index.php?rest_route=\/wp\/v2\/media\/71491"}],"wp:attachment":[{"href":"https:\/\/miradordeatarfe.es\/index.php?rest_route=%2Fwp%2Fv2%2Fmedia&parent=71490"}],"wp:term":[{"taxonomy":"category","embeddable":true,"href":"https:\/\/miradordeatarfe.es\/index.php?rest_route=%2Fwp%2Fv2%2Fcategories&post=71490"},{"taxonomy":"post_tag","embeddable":true,"href":"https:\/\/miradordeatarfe.es\/index.php?rest_route=%2Fwp%2Fv2%2Ftags&post=71490"}],"curies":[{"name":"wp","href":"https:\/\/api.w.org\/{rel}","templated":true}]}}