{"id":71493,"date":"2024-10-03T08:13:34","date_gmt":"2024-10-03T06:13:34","guid":{"rendered":"https:\/\/miradordeatarfe.es\/?p=71493"},"modified":"2024-09-29T22:18:35","modified_gmt":"2024-09-29T20:18:35","slug":"ciudades-tecnologicas-para-la-vida","status":"publish","type":"post","link":"https:\/\/miradordeatarfe.es\/?p=71493","title":{"rendered":"Ciudades tecnol\u00f3gicas para la vida"},"content":{"rendered":"<div class=\"bbnx-opening two-columns-default-width multimedia_opening_wide--100\">\n<header class=\"header\">\n<div class=\"subtitles\">\n<h2 class=\"subtitle-atom B-500-400-500-N B-525-400-500-N--md mb-5\" style=\"text-align: justify;\" data-mrf-recirculation=\"Enlace entradilla\">La tecnolog\u00eda y, sobre todo la digitalizaci\u00f3n, puede servir para propiciar los cambio<\/h2>\n<p>La <strong>humanidad<\/strong> no podr\u00eda entenderse sin las <strong>ciudades<\/strong>. Estas ayudan al ser humano a adquirir muchas de las experiencias biogr\u00e1ficas que le dotan de una <strong>identidad<\/strong> asociada al sencillo hecho de habitarlas. Una vivencia colectiva que nos acompa\u00f1a desde hace miles de a\u00f1os y que, en la actualidad, opera como una aut\u00e9ntica encrucijada de <strong>problemas<\/strong> y <strong>oportunidades<\/strong> del que pende, en gran medida, el <strong>\u00e9xito futuro de la civilizaci\u00f3n humana<\/strong>.<\/p>\n<\/div>\n<\/header>\n<\/div>\n<div class=\"bbnx-body prometeo-hideable two-columns-default-width\">\n<p class=\"paragraph-atom B-500-400-400-N B-525-400-700-N--md\" style=\"text-align: justify;\">El reto principal de las <strong>ciudades en el siglo XXI<\/strong> es que, si vivimos en ellas masivamente, deber\u00e1n convertirse en <strong>espacios vivibles<\/strong> en su sentido m\u00e1s amplio y abierto del t\u00e9rmino. Un objetivo repetido como principio a lo largo de su dilatada historia, pero que ahora deviene una prioridad urgente e insoslayable debido a la extraordinaria <strong>complejidad<\/strong> que alimenta su d\u00eda a d\u00eda.<\/p>\n<p class=\"paragraph-atom B-500-400-400-N B-525-400-700-N--md\" style=\"text-align: justify;\">La <strong>tecnolog\u00eda<\/strong> y, sobre todo, la <strong>digitalizaci\u00f3n<\/strong>, puede servir para propiciar estos cambios tan necesarios y favorecer nuevos modelos de ciudad. Adem\u00e1s, puede hacerlo no solo en t\u00e9rminos cuantitativos y utilitarios relacionados con la prestaci\u00f3n de <strong>servicios p\u00fablicos<\/strong> y la generaci\u00f3n de <strong>prosperidad<\/strong>, sino, tambi\u00e9n, cualitativos y \u00e9ticos relacionados con el <strong>bienestar de la comunidad<\/strong>. De hecho, este aspecto ahora adquiere una relevancia trascendental para hacer vivibles las ciudades en su sentido m\u00e1s amplio. Es decir, puede reducir los inconvenientes que afectan al bienestar humano y propiciar una vida individual y colectiva m\u00e1s satisfactoria y plena emocionalmente; m\u00e1s c\u00edvica y tolerante; m\u00e1s c\u00f3moda y amigable en las <strong>experiencias<\/strong> que acoge y promueve, pero, sobre todo, siendo plenamente <strong>sostenible<\/strong>. Y, en este sentido, la tecnolog\u00eda puede facilitar la eterna aspiraci\u00f3n urbana de aunar <strong>prosperidad<\/strong> y <strong>bienestar<\/strong>.<\/p>\n<h3 class=\"heading-atom B-550-500-200-N B-600-500-200-N--md heading\" style=\"text-align: justify;\">Manifiesto de Ciudades Vitales<\/h3>\n<p class=\"paragraph-atom B-500-400-400-N B-525-400-700-N--md\" style=\"text-align: justify;\">El <strong>Manifiesto de Ciudades Vitales<\/strong> que presentamos en este encuentro \u201c<strong>Greencities &amp; S-MovinG<\/strong>\u201d que hoy se celebra en <strong>M\u00e1laga<\/strong> de la mano de la <strong>Fundaci\u00f3n COTEC<\/strong> y <strong>Amazon<\/strong>, es un esfuerzo para contribuir a hacer nuestras ciudades m\u00e1s vivibles. El desarrollo actual y futuro de la <strong>tecnolog\u00eda<\/strong> brindan una oportunidad al respecto que hay que aprovechar.<\/p>\n<p class=\"paragraph-atom B-500-400-400-N B-525-400-700-N--md\" style=\"text-align: justify;\">Hay que superar el concepto de la <strong>\u201cciudad inteligente\u201d<\/strong> y hacerlo evolucionar hacia otro que definimos como <strong>\u201cciudad vital\u201d<\/strong>. Esto significa pasar del foco de la eficacia en la prestaci\u00f3n de la oferta de servicios a impulsar el <strong>bienestar vital<\/strong> de sus habitantes, algo que supone un cambio de mentalidad que ha de ir acompa\u00f1ado de acciones transformadoras.<\/p>\n<p class=\"paragraph-atom B-500-400-400-N B-525-400-700-N--md\" style=\"text-align: justify;\">Lo primero a tener en cuenta es la necesidad de hacer que la ciudad empodere a las personas sobre el tiempo que emplean en su movilidad al hacerla <strong>\u201ccronosostenible\u201d<\/strong>. Esto significa que tiene que ser abarcable dentro de distancias que faciliten comunicaciones de proximidad que, a su vez, reducen la <strong>huella de carbono<\/strong>.<\/p>\n<p class=\"paragraph-atom B-500-400-400-N B-525-400-700-N--md\" style=\"text-align: justify;\">Despu\u00e9s, como segundo paso, hay que desarrollar un <strong>modelo econ\u00f3mico de ciudad<\/strong> donde la obtenci\u00f3n de la <strong>prosperidad<\/strong> sea <strong>sostenible<\/strong>. Ha de basarse en una <strong>econom\u00eda verde<\/strong> y <strong>circular<\/strong> que abarque todas las interacciones que tienen lugar en ella. Para ello, es necesario un dise\u00f1o que adem\u00e1s de reducir emisiones, se adapte flexiblemente a los cambios provocados por la <strong>emergencia clim\u00e1tica<\/strong>. Y el objetivo no es otro que hacerla m\u00e1s <strong>vivible<\/strong> ambientalmente hablando.<\/p>\n<p class=\"paragraph-atom B-500-400-400-N B-525-400-700-N--md\" style=\"text-align: justify;\">En tercer lugar, es importante favorecer una ciudad que aloje un prop\u00f3sito <strong>\u00e9tico<\/strong> de convivencia mucho m\u00e1s ambicioso que el actual. Se trata de contar con una ciudad <strong>vital \u201cequitativa\u201d<\/strong> y reducir las brechas que fragmentan el clima de <strong>igualdad<\/strong> que debe recorrerla transversalmente de un extremo a otro. De ah\u00ed que hablemos de una <strong>ciudad equitativa e inclusiva<\/strong> en los beneficios derivados de hacerla vivible. Pero esto exige, tambi\u00e9n, que la <strong>tecnolog\u00eda<\/strong> ayude a que la prosperidad llegue a todos sus habitantes, ofreci\u00e9ndoles oportunidades de desarrollar sus proyectos y capacidades, especialmente entre los grupos m\u00e1s vulnerables en t\u00e9rminos digitales.<\/p>\n<p class=\"paragraph-atom B-500-400-400-N B-525-400-700-N--md\" style=\"text-align: justify;\">El cuarto aspecto a destacar pasa por impulsar una ciudad <strong>\u201cparticipativa\u201d<\/strong>, abierta a una <strong>co-gobernanza<\/strong> pr\u00e1ctica, que descanse en una tecnolog\u00eda que favorezca el <strong>di\u00e1logo directo<\/strong> con las instituciones, as\u00ed como su control y rendici\u00f3n de cuentas con un reforzamiento de su <strong>calidad democr\u00e1tica<\/strong> que legitima su capacidad, tambi\u00e9n, para intervenir en la <strong>agenda global<\/strong>.<\/p>\n<p class=\"paragraph-atom B-500-400-400-N B-525-400-700-N--md\" style=\"text-align: justify;\">Y, finalmente, como quinto y \u00faltimo punto, destacar\u00edamos la relevancia de tener una <strong>cultura<\/strong> que favorezca el factor transversal de integraci\u00f3n y generaci\u00f3n de vivencias de comunidad basadas en un <strong>capital simb\u00f3lico<\/strong> que atribuya a la ciudad el rasgo definitivo de <strong>\u201ccultural\u201d<\/strong> de acuerdo con los retos del siglo XXI. Esto es, en definitiva, contar con el espacio que haga posible una <strong>cultura para la vida humana<\/strong>.<\/p>\n<p><span class=\"author-content-name A-300-700-500-N\"><strong>Jos\u00e9 Mar\u00eda Lasalle <\/strong><small class=\"author-content-position A-300-700-500-N\">&#8211; Consultor independiente y analista pol\u00edtico<\/small><\/span><\/p>\n<\/div>\n<p>FOTO:<span class=\"text\">Es necesario un dise\u00f1o que adem\u00e1s de reducir emisiones, se adapte flexiblemente a los cambios provocados por la emergencia clim\u00e1tica.<\/span> \/ <span class=\"signature color-neutral900 tt-u\">Archivo<\/span><\/p>\n<p>https:\/\/www.granadahoy.com\/medio-ambiente\/ciudades-tecnologicas-vida_0_2002442392.html<\/p>\n","protected":false},"excerpt":{"rendered":"<p>La tecnolog\u00eda y, sobre todo la digitalizaci\u00f3n, puede servir para propiciar los cambio La humanidad&#8230;<\/p>\n","protected":false},"author":1,"featured_media":71494,"comment_status":"closed","ping_status":"closed","sticky":false,"template":"","format":"standard","meta":{"_coblocks_attr":"","_coblocks_dimensions":"","_coblocks_responsive_height":"","_coblocks_accordion_ie_support":"","jetpack_post_was_ever_published":false,"_jetpack_newsletter_access":"","_jetpack_dont_email_post_to_subs":false,"_jetpack_newsletter_tier_id":0,"_jetpack_memberships_contains_paywalled_content":false,"_jetpack_memberships_contains_paid_content":false,"footnotes":"","jetpack_publicize_message":"","jetpack_publicize_feature_enabled":true,"jetpack_social_post_already_shared":true,"jetpack_social_options":{"image_generator_settings":{"template":"highway","default_image_id":0,"enabled":false},"version":2}},"categories":[186,9,44,7671],"tags":[],"class_list":["post-71493","post","type-post","status-publish","format-standard","has-post-thumbnail","hentry","category-instituciones","category-medio-ambiente","category-noticias-de-hoy","category-politica"],"jetpack_publicize_connections":[],"jetpack_featured_media_url":"https:\/\/i0.wp.com\/miradordeatarfe.es\/wp-content\/uploads\/2024\/09\/e8ff1776-b081-410f-ac2b-029cf059fd09_16-9-aspect-ratio_1200w_0.webp?fit=1200%2C675&ssl=1","jetpack_likes_enabled":true,"jetpack_sharing_enabled":true,"_links":{"self":[{"href":"https:\/\/miradordeatarfe.es\/index.php?rest_route=\/wp\/v2\/posts\/71493","targetHints":{"allow":["GET"]}}],"collection":[{"href":"https:\/\/miradordeatarfe.es\/index.php?rest_route=\/wp\/v2\/posts"}],"about":[{"href":"https:\/\/miradordeatarfe.es\/index.php?rest_route=\/wp\/v2\/types\/post"}],"author":[{"embeddable":true,"href":"https:\/\/miradordeatarfe.es\/index.php?rest_route=\/wp\/v2\/users\/1"}],"replies":[{"embeddable":true,"href":"https:\/\/miradordeatarfe.es\/index.php?rest_route=%2Fwp%2Fv2%2Fcomments&post=71493"}],"version-history":[{"count":2,"href":"https:\/\/miradordeatarfe.es\/index.php?rest_route=\/wp\/v2\/posts\/71493\/revisions"}],"predecessor-version":[{"id":71496,"href":"https:\/\/miradordeatarfe.es\/index.php?rest_route=\/wp\/v2\/posts\/71493\/revisions\/71496"}],"wp:featuredmedia":[{"embeddable":true,"href":"https:\/\/miradordeatarfe.es\/index.php?rest_route=\/wp\/v2\/media\/71494"}],"wp:attachment":[{"href":"https:\/\/miradordeatarfe.es\/index.php?rest_route=%2Fwp%2Fv2%2Fmedia&parent=71493"}],"wp:term":[{"taxonomy":"category","embeddable":true,"href":"https:\/\/miradordeatarfe.es\/index.php?rest_route=%2Fwp%2Fv2%2Fcategories&post=71493"},{"taxonomy":"post_tag","embeddable":true,"href":"https:\/\/miradordeatarfe.es\/index.php?rest_route=%2Fwp%2Fv2%2Ftags&post=71493"}],"curies":[{"name":"wp","href":"https:\/\/api.w.org\/{rel}","templated":true}]}}