{"id":71498,"date":"2024-10-06T10:30:31","date_gmt":"2024-10-06T08:30:31","guid":{"rendered":"https:\/\/miradordeatarfe.es\/?p=71498"},"modified":"2024-10-05T12:23:38","modified_gmt":"2024-10-05T10:23:38","slug":"atarfe-estrena-aplicacion-movil-que-permitira-a-los-vecinos-remitir-incidencias","status":"publish","type":"post","link":"https:\/\/miradordeatarfe.es\/?p=71498","title":{"rendered":"Atarfe estrena aplicaci\u00f3n m\u00f3vil que permitir\u00e1 a los vecinos remitir incidencias"},"content":{"rendered":"<h3>En apenas unos d\u00edas ha superado el millar de descargas \u00b7 Tambi\u00e9n permite consultar la agenda de actividades y actos adem\u00e1s de acercar el Ayuntamiento a los ciudadanos<\/h3>\n<p style=\"text-align: justify;\">El <strong>Ayuntamiento de Atarfe<\/strong> ha estrenado recientemente su primera aplicaci\u00f3n m\u00f3vil con la que pretende estar m\u00e1s cerca de la ciudadan\u00eda, a la que permitir\u00e1 consultar datos de inter\u00e9s y, entre otras acciones, remitir a los vecinos incidencias que se produzcan en las calles.<\/p>\n<p style=\"text-align: justify;\">Seg\u00fan ha explicado la alcaldesa de la ciudad metropolitana, Yolanda Fern\u00e1ndez, se trata de un servicio con el que se quiere \u00abmejorar\u00bb la comunicaci\u00f3n del Consistorio con los vecinos, al tiempo que posibilitar\u00e1 consultar las notificaciones que emitan.<\/p>\n<p style=\"text-align: justify;\">Fern\u00e1ndez ha subrayado que que una de las principales acciones que se pueden realizar es el apartado de incidencias, de modo que \u00abcualquier duda, obra o mejora se puede modificar directamente y desde el Ayuntamiento se le puede dar remedio con los recursos necesarios\u00bb.<\/p>\n<p style=\"text-align: justify;\">Desde la Concejal\u00eda de Obras y Servicios e Innovaci\u00f3n, Francisco Javier P\u00e9rez, ha destacado que han intentado crear una aplicaci\u00f3n que sea accesible \u00abpara todos los ciudadanos\u00bb y que ya se puede descargar desde las dos plataformas principales, Android y Apple.<\/p>\n<p style=\"text-align: justify;\">La aplicaci\u00f3n es \u00abintuitiva y sencilla\u00bb y en el caso de incidencias permite especificarlas en cuestiones sobre aceras y calzadas, alcantarillado, alumbrado, basuras, mobiliario urbano, parques y jardines, puntos de agua, se\u00f1ales y sem\u00e1foros. En poco tiempo ya ha superado el millar de descargas.<\/p>\n<p><strong><span class=\"section-name\"> <span class=\"autor\"> Redacci\u00f3n aG <\/span><\/span><\/strong><\/p>\n<blockquote class=\"wp-embedded-content\" data-secret=\"rM4eYj4eIu\"><p><a href=\"https:\/\/www.ahoragranada.com\/noticias\/atarfe-estrena-aplicacion-movil-que-permitira-a-los-vecinos-remitir-incidencias\/\">Atarfe estrena aplicaci\u00f3n m\u00f3vil que permitir\u00e1 a los vecinos remitir incidencias<\/a><\/p><\/blockquote>\n<p><iframe loading=\"lazy\" class=\"wp-embedded-content\" sandbox=\"allow-scripts\" security=\"restricted\" style=\"position: absolute; visibility: hidden;\" title=\"\u00abAtarfe estrena aplicaci\u00f3n m\u00f3vil que permitir\u00e1 a los vecinos remitir incidencias\u00bb \u2014 Ahora Granada\" src=\"https:\/\/www.ahoragranada.com\/noticias\/atarfe-estrena-aplicacion-movil-que-permitira-a-los-vecinos-remitir-incidencias\/embed\/#?secret=xjLLVeQO83#?secret=rM4eYj4eIu\" data-secret=\"rM4eYj4eIu\" width=\"600\" height=\"338\" frameborder=\"0\" marginwidth=\"0\" marginheight=\"0\" scrolling=\"no\"><\/iframe><\/p>\n","protected":false},"excerpt":{"rendered":"<p>En apenas unos d\u00edas ha superado el millar de descargas \u00b7 Tambi\u00e9n permite consultar la&#8230;<\/p>\n","protected":false},"author":1,"featured_media":71499,"comment_status":"closed","ping_status":"closed","sticky":false,"template":"","format":"standard","meta":{"_coblocks_attr":"","_coblocks_dimensions":"","_coblocks_responsive_height":"","_coblocks_accordion_ie_support":"","jetpack_post_was_ever_published":false,"_jetpack_newsletter_access":"","_jetpack_dont_email_post_to_subs":false,"_jetpack_newsletter_tier_id":0,"_jetpack_memberships_contains_paywalled_content":false,"_jetpack_memberships_contains_paid_content":false,"footnotes":"","jetpack_publicize_message":"","jetpack_publicize_feature_enabled":true,"jetpack_social_post_already_shared":true,"jetpack_social_options":{"image_generator_settings":{"template":"highway","default_image_id":0,"enabled":false},"version":2}},"categories":[6916,1161,44],"tags":[],"class_list":["post-71498","post","type-post","status-publish","format-standard","has-post-thumbnail","hentry","category-ayuntamiento-de-atarfe","category-ciudadania","category-noticias-de-hoy"],"jetpack_publicize_connections":[],"jetpack_featured_media_url":"https:\/\/i0.wp.com\/miradordeatarfe.es\/wp-content\/uploads\/2024\/09\/Ayuntamiento-de-Atarfe.jpeg?fit=970%2C545&ssl=1","jetpack_likes_enabled":true,"jetpack_sharing_enabled":true,"_links":{"self":[{"href":"https:\/\/miradordeatarfe.es\/index.php?rest_route=\/wp\/v2\/posts\/71498","targetHints":{"allow":["GET"]}}],"collection":[{"href":"https:\/\/miradordeatarfe.es\/index.php?rest_route=\/wp\/v2\/posts"}],"about":[{"href":"https:\/\/miradordeatarfe.es\/index.php?rest_route=\/wp\/v2\/types\/post"}],"author":[{"embeddable":true,"href":"https:\/\/miradordeatarfe.es\/index.php?rest_route=\/wp\/v2\/users\/1"}],"replies":[{"embeddable":true,"href":"https:\/\/miradordeatarfe.es\/index.php?rest_route=%2Fwp%2Fv2%2Fcomments&post=71498"}],"version-history":[{"count":1,"href":"https:\/\/miradordeatarfe.es\/index.php?rest_route=\/wp\/v2\/posts\/71498\/revisions"}],"predecessor-version":[{"id":71500,"href":"https:\/\/miradordeatarfe.es\/index.php?rest_route=\/wp\/v2\/posts\/71498\/revisions\/71500"}],"wp:featuredmedia":[{"embeddable":true,"href":"https:\/\/miradordeatarfe.es\/index.php?rest_route=\/wp\/v2\/media\/71499"}],"wp:attachment":[{"href":"https:\/\/miradordeatarfe.es\/index.php?rest_route=%2Fwp%2Fv2%2Fmedia&parent=71498"}],"wp:term":[{"taxonomy":"category","embeddable":true,"href":"https:\/\/miradordeatarfe.es\/index.php?rest_route=%2Fwp%2Fv2%2Fcategories&post=71498"},{"taxonomy":"post_tag","embeddable":true,"href":"https:\/\/miradordeatarfe.es\/index.php?rest_route=%2Fwp%2Fv2%2Ftags&post=71498"}],"curies":[{"name":"wp","href":"https:\/\/api.w.org\/{rel}","templated":true}]}}