{"id":71518,"date":"2024-10-02T11:00:04","date_gmt":"2024-10-02T09:00:04","guid":{"rendered":"https:\/\/miradordeatarfe.es\/?p=71518"},"modified":"2024-09-30T19:15:38","modified_gmt":"2024-09-30T17:15:38","slug":"71518","status":"publish","type":"post","link":"https:\/\/miradordeatarfe.es\/?p=71518","title":{"rendered":"ATARFE: CAMPA\u00d1A DE VACUNACI\u00d3N"},"content":{"rendered":"<h3>Desde el Centro de Salud de Atarfe nos informan que a partir de ayer 30 de septiembre dar\u00e1 comienzo la campa\u00f1a de vacunaci\u00f3n de la gripe.<\/h3>\n<p>\u00a0Como en a\u00f1os anteriores se har\u00e1 de forma escalonada, comenzando por los m\u00e1s peque\u00f1os Como novedad, este a\u00f1o se vacunar\u00e1, en los colegios, a las clases de 1\u00b0 y 2\u00b0 de Infantil con la vacuna INTRA NASAL, que es indolora, eficaz y segura.<\/p>\n<p><a href=\"https:\/\/i0.wp.com\/miradordeatarfe.es\/wp-content\/uploads\/2024\/09\/Captura20240930164602.png?ssl=1\"><img data-recalc-dims=\"1\" loading=\"lazy\" decoding=\"async\" class=\"alignnone wp-image-71519 size-full\" src=\"https:\/\/i0.wp.com\/miradordeatarfe.es\/wp-content\/uploads\/2024\/09\/Captura20240930164602.png?resize=640%2C486&#038;ssl=1\" alt=\"\" width=\"640\" height=\"486\" srcset=\"https:\/\/i0.wp.com\/miradordeatarfe.es\/wp-content\/uploads\/2024\/09\/Captura20240930164602.png?w=941&amp;ssl=1 941w, https:\/\/i0.wp.com\/miradordeatarfe.es\/wp-content\/uploads\/2024\/09\/Captura20240930164602.png?resize=300%2C228&amp;ssl=1 300w, https:\/\/i0.wp.com\/miradordeatarfe.es\/wp-content\/uploads\/2024\/09\/Captura20240930164602.png?resize=768%2C583&amp;ssl=1 768w\" sizes=\"auto, (max-width: 640px) 100vw, 640px\" \/><\/a><\/p>\n<p>Se puede pedir cita para vacunas en tu Centro de Salud de varias formas:<\/p>\n<ul>\n<li><strong>Llamada telef\u00f3nica a Salud Responde: 955 54 50 60. <\/strong><\/li>\n<li><strong>APP Salud Andaluc\u00eda<\/strong><\/li>\n<li><strong>Acudiendo a tu Centro de Salud y pedir cita en el mostrador.<\/strong><\/li>\n<\/ul>\n<p><a href=\"https:\/\/i0.wp.com\/miradordeatarfe.es\/wp-content\/uploads\/2024\/09\/Captura20240930164903.png?ssl=1\"><img data-recalc-dims=\"1\" loading=\"lazy\" decoding=\"async\" class=\"alignnone wp-image-71520 size-full\" src=\"https:\/\/i0.wp.com\/miradordeatarfe.es\/wp-content\/uploads\/2024\/09\/Captura20240930164903.png?resize=640%2C263&#038;ssl=1\" alt=\"\" width=\"640\" height=\"263\" srcset=\"https:\/\/i0.wp.com\/miradordeatarfe.es\/wp-content\/uploads\/2024\/09\/Captura20240930164903.png?w=881&amp;ssl=1 881w, https:\/\/i0.wp.com\/miradordeatarfe.es\/wp-content\/uploads\/2024\/09\/Captura20240930164903.png?resize=300%2C123&amp;ssl=1 300w, https:\/\/i0.wp.com\/miradordeatarfe.es\/wp-content\/uploads\/2024\/09\/Captura20240930164903.png?resize=768%2C316&amp;ssl=1 768w\" sizes=\"auto, (max-width: 640px) 100vw, 640px\" \/><\/a><\/p>\n<p><a href=\"https:\/\/i0.wp.com\/miradordeatarfe.es\/wp-content\/uploads\/2024\/09\/CwaJGi2XgAAZxna.jpg?ssl=1\"><img data-recalc-dims=\"1\" loading=\"lazy\" decoding=\"async\" class=\"alignnone wp-image-71521 size-full\" src=\"https:\/\/i0.wp.com\/miradordeatarfe.es\/wp-content\/uploads\/2024\/09\/CwaJGi2XgAAZxna.jpg?resize=640%2C266&#038;ssl=1\" alt=\"\" width=\"640\" height=\"266\" srcset=\"https:\/\/i0.wp.com\/miradordeatarfe.es\/wp-content\/uploads\/2024\/09\/CwaJGi2XgAAZxna.jpg?w=828&amp;ssl=1 828w, https:\/\/i0.wp.com\/miradordeatarfe.es\/wp-content\/uploads\/2024\/09\/CwaJGi2XgAAZxna.jpg?resize=300%2C125&amp;ssl=1 300w, https:\/\/i0.wp.com\/miradordeatarfe.es\/wp-content\/uploads\/2024\/09\/CwaJGi2XgAAZxna.jpg?resize=768%2C319&amp;ssl=1 768w\" sizes=\"auto, (max-width: 640px) 100vw, 640px\" \/><\/a><\/p>\n","protected":false},"excerpt":{"rendered":"<p>Desde el Centro de Salud de Atarfe nos informan que a partir de ayer 30&#8230;<\/p>\n","protected":false},"author":1,"featured_media":71529,"comment_status":"closed","ping_status":"closed","sticky":false,"template":"","format":"standard","meta":{"_coblocks_attr":"","_coblocks_dimensions":"","_coblocks_responsive_height":"","_coblocks_accordion_ie_support":"","jetpack_post_was_ever_published":false,"_jetpack_newsletter_access":"","_jetpack_dont_email_post_to_subs":false,"_jetpack_newsletter_tier_id":0,"_jetpack_memberships_contains_paywalled_content":false,"_jetpack_memberships_contains_paid_content":false,"footnotes":"","jetpack_publicize_message":"","jetpack_publicize_feature_enabled":true,"jetpack_social_post_already_shared":true,"jetpack_social_options":{"image_generator_settings":{"template":"highway","default_image_id":0,"enabled":false},"version":2}},"categories":[2,186,44,10],"tags":[],"class_list":["post-71518","post","type-post","status-publish","format-standard","has-post-thumbnail","hentry","category-atarfe","category-instituciones","category-noticias-de-hoy","category-salud"],"jetpack_publicize_connections":[],"jetpack_featured_media_url":"https:\/\/i0.wp.com\/miradordeatarfe.es\/wp-content\/uploads\/2024\/10\/Imagen-de-WhatsApp-2024-09-30-a-las-11.36.48_5c099ccd.jpg?fit=600%2C600&ssl=1","jetpack_likes_enabled":true,"jetpack_sharing_enabled":true,"_links":{"self":[{"href":"https:\/\/miradordeatarfe.es\/index.php?rest_route=\/wp\/v2\/posts\/71518","targetHints":{"allow":["GET"]}}],"collection":[{"href":"https:\/\/miradordeatarfe.es\/index.php?rest_route=\/wp\/v2\/posts"}],"about":[{"href":"https:\/\/miradordeatarfe.es\/index.php?rest_route=\/wp\/v2\/types\/post"}],"author":[{"embeddable":true,"href":"https:\/\/miradordeatarfe.es\/index.php?rest_route=\/wp\/v2\/users\/1"}],"replies":[{"embeddable":true,"href":"https:\/\/miradordeatarfe.es\/index.php?rest_route=%2Fwp%2Fv2%2Fcomments&post=71518"}],"version-history":[{"count":4,"href":"https:\/\/miradordeatarfe.es\/index.php?rest_route=\/wp\/v2\/posts\/71518\/revisions"}],"predecessor-version":[{"id":71530,"href":"https:\/\/miradordeatarfe.es\/index.php?rest_route=\/wp\/v2\/posts\/71518\/revisions\/71530"}],"wp:featuredmedia":[{"embeddable":true,"href":"https:\/\/miradordeatarfe.es\/index.php?rest_route=\/wp\/v2\/media\/71529"}],"wp:attachment":[{"href":"https:\/\/miradordeatarfe.es\/index.php?rest_route=%2Fwp%2Fv2%2Fmedia&parent=71518"}],"wp:term":[{"taxonomy":"category","embeddable":true,"href":"https:\/\/miradordeatarfe.es\/index.php?rest_route=%2Fwp%2Fv2%2Fcategories&post=71518"},{"taxonomy":"post_tag","embeddable":true,"href":"https:\/\/miradordeatarfe.es\/index.php?rest_route=%2Fwp%2Fv2%2Ftags&post=71518"}],"curies":[{"name":"wp","href":"https:\/\/api.w.org\/{rel}","templated":true}]}}