{"id":71535,"date":"2024-10-02T10:23:28","date_gmt":"2024-10-02T08:23:28","guid":{"rendered":"https:\/\/miradordeatarfe.es\/?p=71535"},"modified":"2024-10-02T11:13:08","modified_gmt":"2024-10-02T09:13:08","slug":"la-alhambra-acogera-una-exposicion-sobre-la-evolucion-de-la-ceramica-nazari-desde-el-siglo-xiv","status":"publish","type":"post","link":"https:\/\/miradordeatarfe.es\/?p=71535","title":{"rendered":"La Alhambra acoger\u00e1 una exposici\u00f3n sobre la evoluci\u00f3n de la cer\u00e1mica nazar\u00ed desde el siglo XIV"},"content":{"rendered":"<h3 style=\"text-align: justify;\">Del Pozo supervisa el montaje de la muestra, que ocupar\u00e1 la capilla y la cripta del Palacio de Carlos V e incluir\u00e1 el Jarr\u00f3n de las Gacelas, entre otras piezas<\/h3>\n<div id=\"supercontenedor\">\n<div class=\"cuerpo_noticia\">\n<div class=\"contenedor_noticia_detalle\">\n<div class=\"row\">\n<div class=\"col-10\">\n<div class=\"contenido-b2 col-10 cont-zonaAmpliarTexto1\">\n<div id=\"zonaAmpliarTexto1\">\n<p class=\"\" style=\"text-align: justify;\">La consejera de Cultura y Deporte, <a href=\"https:\/\/x.com\/Patricia_Pozo_\" target=\"_blank\" rel=\"noopener\">Patricia del Pozo<\/a>, ha supervisado el montaje de la exposici\u00f3n <strong>&#8216;Cer\u00e1mica nazar\u00ed. Contextos y proyecci\u00f3n&#8217;,<\/strong> que se ha instalado en la Alhambra de Granada y se abrir\u00e1 al p\u00fablico la primera semana de octubre. La muestra re\u00fane una selecci\u00f3n de piezas cer\u00e1micas que abarcan un periodo de seis siglos, desde la \u00e9poca de esplendor de Al-Andalus hasta nuestros d\u00edas, y que dan muestra de la destreza de los talleres granadinos que exportaron la t\u00e9cnica a toda la Pen\u00ednsula Ib\u00e9rica.<\/p>\n<p class=\"\" style=\"text-align: justify;\">El montaje ocupa la capilla y la cripta del Palacio de Carlos V, ofreciendo un recorrido a lo largo de la historia y de los distintos territorios en los que estos objetos de artesan\u00eda fueron muy apreciados. Del Pozo ha explicado que \u00abla cer\u00e1mica nazar\u00ed fue un sello de identidad del sultanato que traspas\u00f3 las fronteras, pues el reino de Granada mantuvo lazos culturales con Egipto, el medio oriente y las rutas asi\u00e1ticas. Hasta all\u00ed llegaron los trabajos de los maestros ceramistas, lo que extendi\u00f3 su prestigio m\u00e1s all\u00e1 de los l\u00edmites de Al-Andalus\u00bb.<\/p>\n<p class=\"\" style=\"text-align: justify;\">La consejera ha se\u00f1alado que muchas de estas piezas que se exhibir\u00e1n <strong>pertenecen a instituciones culturales de ciudades como C\u00f3rdoba, M\u00e1laga, Almer\u00eda, Valencia, Murcia, Madrid o Mallorca<\/strong>, adem\u00e1s de las que aportan el <a href=\"https:\/\/www.alhambra-patronato.es\/\" target=\"_blank\" rel=\"noopener\">Museo de la Alhambra<\/a>, la <a href=\"https:\/\/www.ugr.es\/\" target=\"_blank\" rel=\"noopener\">Universidad de Granada <\/a>y la <a href=\"https:\/\/www.fundacionrodriguezacosta.com\/\" target=\"_blank\" rel=\"noopener\">Fundaci\u00f3n P\u00fablica Andaluza Rodr\u00edguez-Acosta<\/a>. \u00abLa distinta procedencia nos da una idea del reconocimiento hist\u00f3rico y est\u00e9tico que actualmente tienen\u00bb, ha apuntado. Tambi\u00e9n ha recordado que \u00abesta artesan\u00eda de lujo siempre ha tenido una gran aceptaci\u00f3n y en el siglo XIX comenz\u00f3 a buscarse como objeto de fascinaci\u00f3n de los coleccionistas por su exotismo en el periodo del historicismo oriental, convirti\u00e9ndose en uno de los exponentes fundamentales que contribuyeron a la construcci\u00f3n del mito de la Alhambra\u00bb.<\/p>\n<p class=\"\" style=\"text-align: justify;\">Entre las piezas que se expondr\u00e1n destaca el<strong> Jarr\u00f3n de las Gacelas<\/strong>, una de las obras maestras que sali\u00f3 de los hornos de la ciudad palatina hacia 1370, durante el reinado de Muhammad V. Destacan, igualmente, los denominados<strong> vasos de la Alhambra<\/strong>, jarrones decorados con pigmentos dorados que no solo formaron parte de los interiores del palacio, sino que fueron exportados como objetos preciosos, que daban muestra del esplendor del sultanato mediante embajadas o regalos de corte. Actualmente se conservan completos muy pocos de ellos.<\/p>\n<p class=\"\" style=\"text-align: justify;\">El visitante encontrar\u00e1 en &#8216;Cer\u00e1mica nazar\u00ed&#8217; <strong>brocales de pozo, jarras, fuentes, lebrillos, placas callejeras y un amplio cat\u00e1logo de menaje dom\u00e9stico<\/strong>, as\u00ed como cer\u00e1mica arquitect\u00f3nica y decorativa. Todo este rico muestrario se distribuye en cuatro espacios que abarcan el periodo prenazar\u00ed y de consolidaci\u00f3n de la t\u00e9cnica, la producci\u00f3n durante el sultanato, la evoluci\u00f3n de la cer\u00e1mica desde la Reconquista y el cambio de usos y, finalmente, las tendencias durante los siglos XVII y XIX.<\/p>\n<p class=\"\" style=\"text-align: justify;\">En paralelo, el cat\u00e1logo re\u00fane investigaciones de los m\u00e1s cualificados estudiosos del periodo, permitiendo a los interesados profundizar en aspectos de la historia social, productiva, comercial y t\u00e9cnica de los talleres granadinos y su relaci\u00f3n con el resto de centros productores de este tipo de cer\u00e1mica.<\/p>\n<p class=\"\" style=\"text-align: justify;\">La exposici\u00f3n &#8216;Cer\u00e1mica nazar\u00ed&#8217; est\u00e1 comisariada por <strong>Jaume Coll Conesa<\/strong> y <strong>Rafael L\u00f3pez Guzm\u00e1n<\/strong> y permanecer\u00e1 abierta hasta el 12 de enero de 2025 en el Palacio de Carlos V. <strong>La entrada es gratuita y se ofrecer\u00e1n visitas guiadas<\/strong>, mediante una reserva previa de plazas en el correo visitaexposiciones.pag@juntadeandalucia.es<\/p>\n<div class=\"pie_bloq\">\u00a0<\/div>\n<\/div>\n<\/div>\n<\/div>\n<\/div>\n<div class=\"pie_bloq\">\u00a0<\/div>\n<\/div>\n<\/div>\n<\/div>\n<footer class=\"site-footer\">\n<div class=\"site-footer__top clearfix row\">\n<div class=\"container\">\n<div class=\"footer-column col-12 col-sm-6 col-lg-3\">\n<section class=\"row region region-footer-first\">\n<div id=\"block-quicknodeblock-20\" class=\"block block-quick-node-block quick-node-block-wrapper\">\n<div class=\"content\">\n<nav class=\"node node--type-listado-de-enlaces node--promoted node--view-mode-listado-enlaces-footer clearfix\">\n<div>\n<div class=\"node__title\">T<\/div>\n<\/div>\n<\/nav>\n<\/div>\n<\/div>\n<\/section>\n<\/div>\n<\/div>\n<\/div>\n<\/footer>\n","protected":false},"excerpt":{"rendered":"<p>Del Pozo supervisa el montaje de la muestra, que ocupar\u00e1 la capilla y la cripta&#8230;<\/p>\n","protected":false},"author":1,"featured_media":71536,"comment_status":"closed","ping_status":"closed","sticky":false,"template":"","format":"standard","meta":{"_coblocks_attr":"","_coblocks_dimensions":"","_coblocks_responsive_height":"","_coblocks_accordion_ie_support":"","jetpack_post_was_ever_published":false,"_jetpack_newsletter_access":"","_jetpack_dont_email_post_to_subs":false,"_jetpack_newsletter_tier_id":0,"_jetpack_memberships_contains_paywalled_content":false,"_jetpack_memberships_contains_paid_content":false,"footnotes":"","jetpack_publicize_message":"","jetpack_publicize_feature_enabled":true,"jetpack_social_post_already_shared":false,"jetpack_social_options":{"image_generator_settings":{"template":"highway","default_image_id":0,"enabled":false},"version":2}},"categories":[1161,10781,44],"tags":[],"class_list":["post-71535","post","type-post","status-publish","format-standard","has-post-thumbnail","hentry","category-ciudadania","category-granada","category-noticias-de-hoy"],"jetpack_publicize_connections":[],"jetpack_featured_media_url":"https:\/\/i0.wp.com\/miradordeatarfe.es\/wp-content\/uploads\/2024\/09\/1727439401249PozoCeramicaNazariEst.jpg?fit=930%2C548&ssl=1","jetpack_likes_enabled":true,"jetpack_sharing_enabled":true,"_links":{"self":[{"href":"https:\/\/miradordeatarfe.es\/index.php?rest_route=\/wp\/v2\/posts\/71535","targetHints":{"allow":["GET"]}}],"collection":[{"href":"https:\/\/miradordeatarfe.es\/index.php?rest_route=\/wp\/v2\/posts"}],"about":[{"href":"https:\/\/miradordeatarfe.es\/index.php?rest_route=\/wp\/v2\/types\/post"}],"author":[{"embeddable":true,"href":"https:\/\/miradordeatarfe.es\/index.php?rest_route=\/wp\/v2\/users\/1"}],"replies":[{"embeddable":true,"href":"https:\/\/miradordeatarfe.es\/index.php?rest_route=%2Fwp%2Fv2%2Fcomments&post=71535"}],"version-history":[{"count":1,"href":"https:\/\/miradordeatarfe.es\/index.php?rest_route=\/wp\/v2\/posts\/71535\/revisions"}],"predecessor-version":[{"id":71537,"href":"https:\/\/miradordeatarfe.es\/index.php?rest_route=\/wp\/v2\/posts\/71535\/revisions\/71537"}],"wp:featuredmedia":[{"embeddable":true,"href":"https:\/\/miradordeatarfe.es\/index.php?rest_route=\/wp\/v2\/media\/71536"}],"wp:attachment":[{"href":"https:\/\/miradordeatarfe.es\/index.php?rest_route=%2Fwp%2Fv2%2Fmedia&parent=71535"}],"wp:term":[{"taxonomy":"category","embeddable":true,"href":"https:\/\/miradordeatarfe.es\/index.php?rest_route=%2Fwp%2Fv2%2Fcategories&post=71535"},{"taxonomy":"post_tag","embeddable":true,"href":"https:\/\/miradordeatarfe.es\/index.php?rest_route=%2Fwp%2Fv2%2Ftags&post=71535"}],"curies":[{"name":"wp","href":"https:\/\/api.w.org\/{rel}","templated":true}]}}