{"id":71543,"date":"2024-10-04T10:33:31","date_gmt":"2024-10-04T08:33:31","guid":{"rendered":"https:\/\/miradordeatarfe.es\/?p=71543"},"modified":"2024-10-04T15:45:07","modified_gmt":"2024-10-04T13:45:07","slug":"granada-estrena-en-pruebas-la-zona-de-bajas-emisiones","status":"publish","type":"post","link":"https:\/\/miradordeatarfe.es\/?p=71543","title":{"rendered":"Granada estrena en pruebas la Zona de Bajas Emisiones"},"content":{"rendered":"<h3 class=\"subtitle-atom B-500-400-500-N B-525-400-500-N--md mb-5\" style=\"text-align: justify;\" data-mrf-recirculation=\"Enlace entradilla\">Desde este 1 de octubre ha comcomenzado la fase piloto de la medida, que no incluir\u00e1 multas hasta el 1 de abril, cuando sea definitiva.\u00a0 Estos meses se har\u00e1 labor informativa con los veh\u00edculos altamente contaminantes que tendr\u00e1n vetada la entrada a la ciudad en Abril de 2025.<\/h3>\n<p class=\"paragraph-atom B-500-400-400-N B-525-400-700-N--md\" style=\"text-align: justify;\">artes 1 de octubre de 2024. El Ayuntamiento de Granada activa hoy la fase de prueba de la Zona de Bajas Emisiones de Granada, una medida de obligado cumplimiento para los municipios de m\u00e1s de 50.000 habitantes y que tendr\u00eda que haber estado en marcha antes de 2023 seg\u00fan la ley 7\/2021, de 20 de mayo, de cambio clim\u00e1tico y transici\u00f3n energ\u00e9tica. En el caso de Granada, comienza ahora una fase piloto de informaci\u00f3n y concienciaci\u00f3n y no ser\u00e1 hasta el 1 de abril de 2025 cuando se haga oficial y comiencen las sanciones. Con la medida, se conf\u00eda en quitar de la circulaci\u00f3n por la ciudad a unos 6.700 veh\u00edculos altamente contaminantes al d\u00eda, llegando a 10.000 en fechas clave como navidades.<\/p>\n<p class=\"paragraph-atom B-500-400-400-N B-525-400-700-N--md\" style=\"text-align: justify;\">Desde este martes, se va a incidir en la comunicaci\u00f3n para que los conductores conozcan las limitaciones y que los que tienen veh\u00edculos antiguos altamente contaminantes y son de fuera de la ciudad, que son a los que afecta la medida, sepan que no van a poder circular por Granada con ese coche. Con todo, se ha pedido cooperaci\u00f3n a los conductores y responsabilidad para que cumplan la medida desde ya aunque no conlleve sanciones y no se espere a abril a que haya multas para hacerlo.<\/p>\n<p class=\"paragraph-atom B-500-400-400-N B-525-400-700-N--md\" style=\"text-align: justify;\">Seg\u00fan se ha podido saber hasta ahora por los mensajes previos, ya que el Ayuntamiento no informar\u00e1 oficialmente de c\u00f3mo ser\u00e1 esta fase de prueba hasta hoy mismo, ahora se va a realizar una labor informativa a trav\u00e9s de Polic\u00eda Local, campa\u00f1as informativas y correo para que los conductores conozcan las restricciones y que los que ahora entren sin deberlo sepan que en unos meses no podr\u00e1n hacerlo. Se vigilar\u00e1 los coches que entran a trav\u00e9s de la red de c\u00e1maras de tr\u00e1fico y polic\u00eda para identificar las matr\u00edculas de los coches afectados por la restricci\u00f3n, adem\u00e1s de las c\u00e1maras que se han instalado en la zona m\u00e1s c\u00e9ntrica precisamente con los fondos europeos conseguidos en anteriores mandatos para el antiguo dise\u00f1o de la ZBE de Granada.<\/p>\n<figure class=\"image\" style=\"text-align: justify;\"><picture><source srcset=\"https:\/\/static.grupojoly.com\/clip\/7721ddfd-0833-46e9-b579-b0d50ccae781_4-3-aspect-ratio_410w_1004696.webp\" type=\"image\/webp\" media=\"(max-width: 578px)\" data-srcset=\"https:\/\/static.grupojoly.com\/clip\/7721ddfd-0833-46e9-b579-b0d50ccae781_4-3-aspect-ratio_410w_1004696.webp\" \/><source srcset=\"https:\/\/static.grupojoly.com\/clip\/7721ddfd-0833-46e9-b579-b0d50ccae781_4-3-aspect-ratio_850w_1004696.webp\" type=\"image\/webp\" media=\"(min-width: 579px)\" data-srcset=\"https:\/\/static.grupojoly.com\/clip\/7721ddfd-0833-46e9-b579-b0d50ccae781_4-3-aspect-ratio_850w_1004696.webp\" \/><source srcset=\"https:\/\/static.grupojoly.com\/clip\/7721ddfd-0833-46e9-b579-b0d50ccae781_4-3-aspect-ratio_410w_1004696.jpg\" type=\"image\/jpg\" media=\"(max-width: 578px)\" data-srcset=\"https:\/\/static.grupojoly.com\/clip\/7721ddfd-0833-46e9-b579-b0d50ccae781_4-3-aspect-ratio_410w_1004696.jpg\" \/><source srcset=\"https:\/\/static.grupojoly.com\/clip\/7721ddfd-0833-46e9-b579-b0d50ccae781_4-3-aspect-ratio_850w_1004696.jpg\" type=\"image\/jpg\" media=\"(min-width: 579px)\" data-srcset=\"https:\/\/static.grupojoly.com\/clip\/7721ddfd-0833-46e9-b579-b0d50ccae781_4-3-aspect-ratio_850w_1004696.jpg\" \/><img class=\"lazy loaded\" \/>\u00bb alt=\u00bbMapa con la extensi\u00f3n de la zona de bajas emisiones de Granada.\u00bb width=\u00bb887&#8243; height=\u00bb665&#8243; data-debug=\u00bb51&#8243; data-was-processed=\u00bbtrue\u00bb \/&gt;<\/picture><figcaption class=\"figcaption-atom caption A-200-300-500-N color-neutral500\"><span class=\"text\">Mapa con la extensi\u00f3n de la zona de bajas emisiones de Granada.<\/span> \/ <span class=\"signature color-neutral900 tt-u\">G. H.<\/span><\/figcaption><\/figure>\n<p class=\"paragraph-atom B-500-400-400-N B-525-400-700-N--md\" style=\"text-align: justify;\">La Zona de Bajas Emisiones aprobada por el equipo de Gobierno para Granada es la delimitada por todo el t\u00e9rmino municipal con el l\u00edmite de la Circunvalaci\u00f3n y la Ronda Sur. Solo queda un &#8216;reducto&#8217; libre en la zona del PTS, el Serrallo o M\u00e9ndez N\u00fa\u00f1ez para poder dejar los veh\u00edculos en los aparcamientos de borde y desde ah\u00ed coger transporte p\u00fablico o desplazarse andando por la ciudad.<\/p>\n<p class=\"paragraph-atom B-500-400-400-N B-525-400-700-N--md\" style=\"text-align: justify;\">El motivo que defendi\u00f3 la alcaldesa, Marifr\u00e1n Carazo, para extender la zona de bajas emisiones de Granada desde la &#8216;almendra central&#8217; aprobada por el anterior gobierno PP-Cs y mantenida por el PSOE, era que esa zona, que abarcaba principalmente el centro hist\u00f3rico, no iba a ser suficiente para reducir la contaminaci\u00f3n y bajar las emisiones ya que en la actualidad est\u00e1 casi restringida la circulaci\u00f3n a residentes y hay limitaciones de acceso con pilonas. Por ese motivo decidieron aumentar a todo el municipio. Pero la restricci\u00f3n se ha establecido en el tipo de veh\u00edculo y su procedencia: solo tendr\u00e1n prohibida la circulaci\u00f3n los coches matriculados fuera de Granada, es decir que no paguen el impuesto de circulaci\u00f3n en la capital, y que no tengan etiqueta: los di\u00e9sel anteriores a 2006 y los gasolina de antes de 2001. Si se tiene un coche antiguo sin etiqueta pero est\u00e1 censado en la ciudad, no habr\u00e1 limitaci\u00f3n de uso. Con este cambio se da prioridad al residente y a la actividad comercial con la carga y descarga.<\/p>\n<p class=\"paragraph-atom B-500-400-400-N B-525-400-700-N--md\" style=\"text-align: justify;\">Con esta medida se pretende eliminar hasta el 15% del tr\u00e1fico que accede a la ciudad, seg\u00fan los estudios realizados por Movilidad, que establecen que hasta un 70% de los veh\u00edculos que circulan por la ciudad son de fuera y que de esos, entre el 10 y el 15%, lo hacen sin etiqueta. Tampoco valdr\u00e1 la etiqueta A.<\/p>\n<p class=\"paragraph-atom B-500-400-400-N B-525-400-700-N--md\" style=\"text-align: justify;\">Y no solo ser\u00e1 para coches, tambi\u00e9n entran en las restricciones ciclomotores y motos sin etiqueta que no est\u00e9n censados en Granada. En cambio, no afectar\u00e1 a los veh\u00edculos de carga y descarga ni al transporte discrecional.<\/p>\n<p class=\"paragraph-atom B-500-400-400-N B-525-400-700-N--md\" style=\"text-align: justify;\">El periodo de prueba durar\u00e1 hasta el 31 de marzo de 2025 y el 1 de abril ya ser\u00e1 definitivo. Despu\u00e9s vendr\u00e1 una fase de an\u00e1lisis de la medida y ya se ha dicho que en 2028 se revisar\u00e1n las estad\u00edsticas para ver si ha sido \u00fatil o hay que tomar m\u00e1s medidas restrictivas.<\/p>\n<p class=\"paragraph-atom B-500-400-400-N B-525-400-700-N--md\" style=\"text-align: justify;\">Seg\u00fan los estudios de aforos que se han realizado con las c\u00e1maras de acceso a la ciudad los puntos con m\u00e1s desplazamientos diarios hacia Granada son Armilla, Maracena, La Zubia, Albolote, Hu\u00e9tor Vega, Las Gabias y Churriana de la Vega, por lo que desde Granada se pide que utilicen sus vecinos la red de transporte p\u00fablico, como el Metro o los autobuses metropolitanos del Consorcio. Tambi\u00e9n se pide que se utilicen los parking de borde, que suman 6.528 plazas en la ciudad en parking que est\u00e1n fuera del l\u00edmite de la Zona de Bajas Emisiones, por lo que ser\u00e1 la alternativa para dejar el coche para los no residentes con coches sin etiqueta. Son los de M\u00e9ndez N\u00fa\u00f1ez, Hipercor, Luna de Granada, Torres Neptuno, Centro Comercial Neptuno, APK2 Arabial, Nuevo Los C\u00e1rmenes y Centro Comercial Serrallo.<\/p>\n<p style=\"text-align: justify;\"><a href=\"https:\/\/i0.wp.com\/miradordeatarfe.es\/wp-content\/uploads\/2024\/10\/Screenshot-2024-10-01-at-13-37-21-Granada-estrena-en-pruebas-la-Zona-de-Bajas-Emisiones.png?ssl=1\"><img data-recalc-dims=\"1\" loading=\"lazy\" decoding=\"async\" class=\"alignnone wp-image-71544 size-full\" src=\"https:\/\/i0.wp.com\/miradordeatarfe.es\/wp-content\/uploads\/2024\/10\/Screenshot-2024-10-01-at-13-37-21-Granada-estrena-en-pruebas-la-Zona-de-Bajas-Emisiones.png?resize=640%2C385&#038;ssl=1\" alt=\"\" width=\"640\" height=\"385\" srcset=\"https:\/\/i0.wp.com\/miradordeatarfe.es\/wp-content\/uploads\/2024\/10\/Screenshot-2024-10-01-at-13-37-21-Granada-estrena-en-pruebas-la-Zona-de-Bajas-Emisiones.png?w=759&amp;ssl=1 759w, https:\/\/i0.wp.com\/miradordeatarfe.es\/wp-content\/uploads\/2024\/10\/Screenshot-2024-10-01-at-13-37-21-Granada-estrena-en-pruebas-la-Zona-de-Bajas-Emisiones.png?resize=300%2C180&amp;ssl=1 300w\" sizes=\"auto, (max-width: 640px) 100vw, 640px\" \/><\/a><\/p>\n<figure class=\"image\" style=\"text-align: justify;\"><picture><source srcset=\"https:\/\/static.grupojoly.com\/clip\/8935cc53-4624-4002-8b7e-77e112088ab7_16-9-aspect-ratio_410w_0.webp\" type=\"image\/webp\" media=\"(max-width: 578px)\" data-srcset=\"https:\/\/static.grupojoly.com\/clip\/8935cc53-4624-4002-8b7e-77e112088ab7_16-9-aspect-ratio_410w_0.webp\" \/><source srcset=\"https:\/\/static.grupojoly.com\/clip\/8935cc53-4624-4002-8b7e-77e112088ab7_16-9-aspect-ratio_850w_0.webp\" type=\"image\/webp\" media=\"(min-width: 579px)\" data-srcset=\"https:\/\/static.grupojoly.com\/clip\/8935cc53-4624-4002-8b7e-77e112088ab7_16-9-aspect-ratio_850w_0.webp\" \/><source srcset=\"https:\/\/static.grupojoly.com\/clip\/8935cc53-4624-4002-8b7e-77e112088ab7_16-9-aspect-ratio_410w_0.jpg\" type=\"image\/jpg\" media=\"(max-width: 578px)\" data-srcset=\"https:\/\/static.grupojoly.com\/clip\/8935cc53-4624-4002-8b7e-77e112088ab7_16-9-aspect-ratio_410w_0.jpg\" \/><source srcset=\"https:\/\/static.grupojoly.com\/clip\/8935cc53-4624-4002-8b7e-77e112088ab7_16-9-aspect-ratio_850w_0.jpg\" type=\"image\/jpg\" media=\"(min-width: 579px)\" data-srcset=\"https:\/\/static.grupojoly.com\/clip\/8935cc53-4624-4002-8b7e-77e112088ab7_16-9-aspect-ratio_850w_0.jpg\" \/><img class=\"lazy loaded\" \/>\u00bb alt=\u00bbAparcamientos de borde, plazas y ubicaci\u00f3n.\u00bb width=\u00bb16&#8243; height=\u00bb9&#8243; data-debug=\u00bb51&#8243; data-was-processed=\u00bbtrue\u00bb \/&gt;<\/picture><figcaption class=\"figcaption-atom caption A-200-300-500-N color-neutral500\"><span class=\"text\">Aparcamientos de borde, plazas y ubicaci\u00f3n.<\/span> \/ <span class=\"signature color-neutral900 tt-u\">G. H.<\/span><\/figcaption><\/figure>\n<p class=\"paragraph-atom B-500-400-400-N B-525-400-700-N--md\" style=\"text-align: justify;\">En una entrevista con este peri\u00f3dico de la alcaldesa de Granada para valorar el nuevo curso pol\u00edtico, se fijaba la movilidad como un \u00e1rea con grandes retos por delante y este es el principal ya que afectar\u00e1 a la Granada del futuro, a la calidad del aire y al transporte. Entonces Carazo era clara: \u00abYo creo que esta decisi\u00f3n hab\u00eda que tomarla y lo que haremos es a partir de octubre tomar las primeras medidas, que son experimentales. No van a tener ninguna consecuencia, pero hay que pedir responsabilidad. Se pondr\u00e1 en marcha y lo que queremos es informar, sensibilizar, estimular, favorecer, probar, para ir comprobando c\u00f3mo va funcionando el d\u00eda a d\u00eda y si necesitamos nuevos recursos y c\u00f3mo aplicar a 1 de abril, seis meses despu\u00e9s, ya de forma definitiva y con sanciones como exige la normativa. A m\u00ed me preocupa la calidad del aire de Granada. En ninguna ciudad andaluza es una preocupaci\u00f3n en cualquier encuesta pero en nuestra ciudad s\u00ed. Y si a todos nos preocupa tenemos que tomar medidas, pero equilibradas, sensatas, dar un periodo de prueba. Y adem\u00e1s es un tiempo necesario tambi\u00e9n para completar las ordenanzas que estamos cambiando\u00bb.<\/p>\n<p class=\"paragraph-atom B-500-400-400-N B-525-400-700-N--md\" style=\"text-align: justify;\">Para implantar la Zona de Bajas Emisiones ha sido obligatorio la modificaci\u00f3n de seis ordenanzas: Circulaci\u00f3n, Se\u00f1alizaci\u00f3n y Control de Accesos; ordenanza municipal reguladora del paso de veh\u00edculos a inmuebles; Ordenanza reguladora de las zonas de acceso restringido y carriles de circulaci\u00f3n especialmente protegidos de la ciudad de Granada; Ordenanza reguladora de carga y descarga; Ordenanza general de circulaci\u00f3n y ocupaci\u00f3n de espacios p\u00fablicos de la ciudad de Granada y Ordenanza reguladora de v\u00edas de estacionamiento limitado (O.R.A).<\/p>\n<p class=\"paragraph-atom B-500-400-400-N B-525-400-700-N--md\" style=\"text-align: justify;\">La medida ha tenido el rechazo de los grupos de la oposici\u00f3n. El PSOE por considerar que no tendr\u00e1 afectaci\u00f3n a la reducci\u00f3n del tr\u00e1fico porque aunque se ampl\u00ede la zona de restricci\u00f3n afectar\u00e1 solo a un n\u00famero reducido de veh\u00edculos, y Vox porque ha estado en contra de la medida desde anteriores mandatos al considerar que se penaliza al veh\u00edculo privado y no se tienen en cuenta los efectos en los residentes y negocios.<\/p>\n<p style=\"text-align: justify;\"><a class=\"author-content-name A-300-700-500-N\" href=\"https:\/\/www.granadahoy.com\/susana_vallejo\/\" data-mrf-link=\"https:\/\/www.granadahoy.com\/susana_vallejo\/\"><strong>Susana Vallejo<\/strong> <\/a><\/p>\n<p style=\"text-align: justify;\"><span class=\"text\">FOTO: Acceso a Granada<\/span> \/ <span class=\"signature color-neutral900 tt-u\">Jose Velasco<\/span><\/p>\n<p style=\"text-align: justify;\">https:\/\/www.granadahoy.com\/granada\/granada-estrena-pruebas-zona-bajas-emisiones_0_2002472956.html<\/p>\n<figure class=\"image\" style=\"text-align: justify;\"><\/figure>\n<footer class=\"footer\">\n<div class=\"authors\">\n<div class=\"author\" style=\"text-align: justify;\" data-mrf-recirculation=\"Autor\">\n<p>&nbsp;<\/p>\n<div class=\"author-content\">\u00a0<\/div>\n<\/div>\n<\/div>\n<\/footer>\n","protected":false},"excerpt":{"rendered":"<p>Desde este 1 de octubre ha comcomenzado la fase piloto de la medida, que no&#8230;<\/p>\n","protected":false},"author":1,"featured_media":71632,"comment_status":"closed","ping_status":"closed","sticky":false,"template":"","format":"standard","meta":{"_coblocks_attr":"","_coblocks_dimensions":"","_coblocks_responsive_height":"","_coblocks_accordion_ie_support":"","jetpack_post_was_ever_published":false,"_jetpack_newsletter_access":"","_jetpack_dont_email_post_to_subs":false,"_jetpack_newsletter_tier_id":0,"_jetpack_memberships_contains_paywalled_content":false,"_jetpack_memberships_contains_paid_content":false,"footnotes":"","jetpack_publicize_message":"","jetpack_publicize_feature_enabled":true,"jetpack_social_post_already_shared":true,"jetpack_social_options":{"image_generator_settings":{"template":"highway","default_image_id":0,"enabled":false},"version":2}},"categories":[1161,10781,44],"tags":[],"class_list":["post-71543","post","type-post","status-publish","format-standard","has-post-thumbnail","hentry","category-ciudadania","category-granada","category-noticias-de-hoy"],"jetpack_publicize_connections":[],"jetpack_featured_media_url":"https:\/\/i0.wp.com\/miradordeatarfe.es\/wp-content\/uploads\/2024\/10\/emision.jpeg?fit=1200%2C686&ssl=1","jetpack_likes_enabled":true,"jetpack_sharing_enabled":true,"_links":{"self":[{"href":"https:\/\/miradordeatarfe.es\/index.php?rest_route=\/wp\/v2\/posts\/71543","targetHints":{"allow":["GET"]}}],"collection":[{"href":"https:\/\/miradordeatarfe.es\/index.php?rest_route=\/wp\/v2\/posts"}],"about":[{"href":"https:\/\/miradordeatarfe.es\/index.php?rest_route=\/wp\/v2\/types\/post"}],"author":[{"embeddable":true,"href":"https:\/\/miradordeatarfe.es\/index.php?rest_route=\/wp\/v2\/users\/1"}],"replies":[{"embeddable":true,"href":"https:\/\/miradordeatarfe.es\/index.php?rest_route=%2Fwp%2Fv2%2Fcomments&post=71543"}],"version-history":[{"count":2,"href":"https:\/\/miradordeatarfe.es\/index.php?rest_route=\/wp\/v2\/posts\/71543\/revisions"}],"predecessor-version":[{"id":71633,"href":"https:\/\/miradordeatarfe.es\/index.php?rest_route=\/wp\/v2\/posts\/71543\/revisions\/71633"}],"wp:featuredmedia":[{"embeddable":true,"href":"https:\/\/miradordeatarfe.es\/index.php?rest_route=\/wp\/v2\/media\/71632"}],"wp:attachment":[{"href":"https:\/\/miradordeatarfe.es\/index.php?rest_route=%2Fwp%2Fv2%2Fmedia&parent=71543"}],"wp:term":[{"taxonomy":"category","embeddable":true,"href":"https:\/\/miradordeatarfe.es\/index.php?rest_route=%2Fwp%2Fv2%2Fcategories&post=71543"},{"taxonomy":"post_tag","embeddable":true,"href":"https:\/\/miradordeatarfe.es\/index.php?rest_route=%2Fwp%2Fv2%2Ftags&post=71543"}],"curies":[{"name":"wp","href":"https:\/\/api.w.org\/{rel}","templated":true}]}}