{"id":71563,"date":"2024-10-07T11:30:00","date_gmt":"2024-10-07T09:30:00","guid":{"rendered":"https:\/\/miradordeatarfe.es\/?p=71563"},"modified":"2024-10-04T12:55:26","modified_gmt":"2024-10-04T10:55:26","slug":"atarfe-celebra-por-primera-vez-el-dia-internacional-de-las-personas-mayores","status":"publish","type":"post","link":"https:\/\/miradordeatarfe.es\/?p=71563","title":{"rendered":"\u00a1Atarfe celebra por primera vez el D\u00eda Internacional de las Personas Mayores!"},"content":{"rendered":"<h3 style=\"text-align: justify;\">Las Concejal\u00edas de Bienestar Social y Participaci\u00f3n Ciudadana invitan a todos los mayores de 65 a\u00f1os a disfrutar de un mon\u00f3logo especial protagonizado por una de nuestras vecinas m\u00e1s queridas: Mary Paz Torres.<\/h3>\n<p style=\"text-align: justify;\"><strong>Viernes, 11 de octubre<\/strong><br \/>\n<strong>20:00h.<\/strong><br \/>\n<strong>Centro Cultural Medina Elvira<\/strong><\/p>\n<p style=\"text-align: justify;\">Mary Paz Torres nos trae a la se\u00f1ora Escol\u00e1stica, una entra\u00f1able anciana de noventa y tantos a\u00f1os que con su humor sencillo y natural nos har\u00e1 re\u00edr y reflexionar. Con su peculiar forma de ver la vida, Escol\u00e1stica nos contar\u00e1 sus experiencias y c\u00f3mo ha enfrentado los cambios vertiginosos del mundo moderno. \u00a1Un espect\u00e1culo \u00fanico, lleno de risas y sabidur\u00eda!<\/p>\n<p style=\"text-align: justify;\">La granadina Mary Paz Torres y su alter ego la se\u00f1ora Escol\u00e1stica, todav\u00eda est\u00e1 flotando, tras su paso por el XXVI Certamen Nacional de Teatro Aficionado de Chinch\u00f3n (Madrid). No es para menos. En el pueblo natal de una leyenda viva del cine y el teatro como es <strong>Jos\u00e9 Sacrist\u00e1n<\/strong>, que da nombre a esta convocatoria teatral, tuvo una excelente acogida y guarda como oro en pa\u00f1o el mensaje que \u00e9ste le enviara a su conclusi\u00f3n: <em>\u00abMary Paz, soy Pepe Sacrist\u00e1n. Recibe mi m\u00e1s sincera felicitaci\u00f3n por tu trabajo en el maravilloso teatro de mi pueblo, en Chinch\u00f3n. Un trabajo realmente formidable en todos los aspectos, por tu capacidad de transmitir lo divertido, lo sagaz de tu humor, por la mirada y por la percepci\u00f3n, por tus dotes de observaci\u00f3n del personal y trasladarlo a tus sketchs. Realmente un trabajo formidable que soy el primero en aplaudir y celebrar. Lo hago p\u00fablico con todas la de la ley. Repito: muchas felicitaciones y adelante, adelante, colega\u00bb.<\/em><\/p>\n<p style=\"text-align: justify;\">Mary Paz Torres, que cre\u00f3 su personaje a trav\u00e9s de las ondas de la radio, ya ha llenado teatros de Andaluc\u00eda, Extremadura o Madrid con sus tres anteriores espect\u00e1culos repletos de un humor llano, vers\u00e1til y con un amplio repertorio de di\u00e1logos de la vida cotidiana.<\/p>\n<p style=\"text-align: justify;\">El personaje de esta anciana, cuanto menos curiosa, no dice tacos, no se mete con nadie y tampoco habla de pol\u00edtica, es decir, su humor es tan transparente como el agua.<\/p>\n<p style=\"text-align: justify;\">A la Se\u00f1ora Escol\u00e1stica no le importa la vida de los dem\u00e1s y tampoco cae en modismos de mal gusto, explica la actriz Mary Paz Torres, que lleva algunos meses preparando el gui\u00f3n de la nueva temporada aunque, asegura, \u201chay mucho de improvisaci\u00f3n de cara al p\u00fablico\u201d.<\/p>\n<p style=\"text-align: justify;\">Durante el mon\u00f3logo el personaje lanza constantemente mensajes a la tercera edad, a la soledad de las personas mayores y, sobre todo, dice su autora \u201cle encanta cascar\u201d. Por esta y otras razones el colectivo de mayores se siente plenamente identificado con el personaje.<\/p>\n<p style=\"text-align: justify;\">Invitaciones disponibles en el Centro Cultural Medina Elvira.<\/p>\n<p>No te lo pierdas, celebremos juntos este d\u00eda tan especial para nuestros\/as mayores.<\/p>\n<p><a href=\"https:\/\/i0.wp.com\/miradordeatarfe.es\/wp-content\/uploads\/2024\/10\/web-2472.jpg?ssl=1\"><img data-recalc-dims=\"1\" loading=\"lazy\" decoding=\"async\" class=\"alignnone wp-image-71564 \" src=\"https:\/\/i0.wp.com\/miradordeatarfe.es\/wp-content\/uploads\/2024\/10\/web-2472.jpg?resize=640%2C905&#038;ssl=1\" alt=\"\" width=\"640\" height=\"905\" srcset=\"https:\/\/i0.wp.com\/miradordeatarfe.es\/wp-content\/uploads\/2024\/10\/web-2472.jpg?w=600&amp;ssl=1 600w, https:\/\/i0.wp.com\/miradordeatarfe.es\/wp-content\/uploads\/2024\/10\/web-2472.jpg?resize=212%2C300&amp;ssl=1 212w\" sizes=\"auto, (max-width: 640px) 100vw, 640px\" \/><\/a><\/p>\n<p><div class=\"jetpack-video-wrapper\"><iframe loading=\"lazy\" title=\"DEBUT MUNDIAL - La Se\u00f1ora Escol\u00e1stica 2\/6\" width=\"640\" height=\"360\" src=\"https:\/\/www.youtube.com\/embed\/lHAAkBZ4JTM?feature=oembed\" frameborder=\"0\" allow=\"accelerometer; autoplay; clipboard-write; encrypted-media; gyroscope; picture-in-picture; web-share\" referrerpolicy=\"strict-origin-when-cross-origin\" allowfullscreen><\/iframe><\/div><\/p>\n","protected":false},"excerpt":{"rendered":"<p>Las Concejal\u00edas de Bienestar Social y Participaci\u00f3n Ciudadana invitan a todos los mayores de 65&#8230;<\/p>\n","protected":false},"author":1,"featured_media":71565,"comment_status":"closed","ping_status":"closed","sticky":false,"template":"","format":"standard","meta":{"_coblocks_attr":"","_coblocks_dimensions":"","_coblocks_responsive_height":"","_coblocks_accordion_ie_support":"","jetpack_post_was_ever_published":false,"_jetpack_newsletter_access":"","_jetpack_dont_email_post_to_subs":false,"_jetpack_newsletter_tier_id":0,"_jetpack_memberships_contains_paywalled_content":false,"_jetpack_memberships_contains_paid_content":false,"footnotes":"","jetpack_publicize_message":"","jetpack_publicize_feature_enabled":true,"jetpack_social_post_already_shared":true,"jetpack_social_options":{"image_generator_settings":{"template":"highway","default_image_id":0,"enabled":false},"version":2}},"categories":[6916,186,44],"tags":[],"class_list":["post-71563","post","type-post","status-publish","format-standard","has-post-thumbnail","hentry","category-ayuntamiento-de-atarfe","category-instituciones","category-noticias-de-hoy"],"jetpack_publicize_connections":[],"jetpack_featured_media_url":"https:\/\/i0.wp.com\/miradordeatarfe.es\/wp-content\/uploads\/2024\/10\/IDEAL_Mary-Paz-Torres-y-Jose-Sacristan_2-en-Chinchon_-cedida-por-la-humorista%40IEC.jpg?fit=624%2C474&ssl=1","jetpack_likes_enabled":true,"jetpack_sharing_enabled":true,"_links":{"self":[{"href":"https:\/\/miradordeatarfe.es\/index.php?rest_route=\/wp\/v2\/posts\/71563","targetHints":{"allow":["GET"]}}],"collection":[{"href":"https:\/\/miradordeatarfe.es\/index.php?rest_route=\/wp\/v2\/posts"}],"about":[{"href":"https:\/\/miradordeatarfe.es\/index.php?rest_route=\/wp\/v2\/types\/post"}],"author":[{"embeddable":true,"href":"https:\/\/miradordeatarfe.es\/index.php?rest_route=\/wp\/v2\/users\/1"}],"replies":[{"embeddable":true,"href":"https:\/\/miradordeatarfe.es\/index.php?rest_route=%2Fwp%2Fv2%2Fcomments&post=71563"}],"version-history":[{"count":1,"href":"https:\/\/miradordeatarfe.es\/index.php?rest_route=\/wp\/v2\/posts\/71563\/revisions"}],"predecessor-version":[{"id":71566,"href":"https:\/\/miradordeatarfe.es\/index.php?rest_route=\/wp\/v2\/posts\/71563\/revisions\/71566"}],"wp:featuredmedia":[{"embeddable":true,"href":"https:\/\/miradordeatarfe.es\/index.php?rest_route=\/wp\/v2\/media\/71565"}],"wp:attachment":[{"href":"https:\/\/miradordeatarfe.es\/index.php?rest_route=%2Fwp%2Fv2%2Fmedia&parent=71563"}],"wp:term":[{"taxonomy":"category","embeddable":true,"href":"https:\/\/miradordeatarfe.es\/index.php?rest_route=%2Fwp%2Fv2%2Fcategories&post=71563"},{"taxonomy":"post_tag","embeddable":true,"href":"https:\/\/miradordeatarfe.es\/index.php?rest_route=%2Fwp%2Fv2%2Ftags&post=71563"}],"curies":[{"name":"wp","href":"https:\/\/api.w.org\/{rel}","templated":true}]}}