{"id":71567,"date":"2024-10-05T08:57:10","date_gmt":"2024-10-05T06:57:10","guid":{"rendered":"https:\/\/miradordeatarfe.es\/?p=71567"},"modified":"2024-10-02T18:59:45","modified_gmt":"2024-10-02T16:59:45","slug":"fechas-tipo-de-examen-calificaciones-todas-las-claves-de-la-nueva-selectividad","status":"publish","type":"post","link":"https:\/\/miradordeatarfe.es\/?p=71567","title":{"rendered":"Fechas, tipo de examen, calificaciones&#8230; Todas las claves de la nueva Selectividad"},"content":{"rendered":"<h3 class=\"v-p\" style=\"text-align: justify;\">Los coordinadores de Selectividad de todas las comunidades aut\u00f3nomas, reunidos la semana pasada en Bilbao, han llegado a un \u00abacuerdo de m\u00ednimos\u00bb para el examen de acceso a la universidad del curso 2024\/2025.<\/h3>\n<p class=\"v-p\" style=\"text-align: justify;\">No ser\u00e1 una prueba com\u00fan, pero los responsables auton\u00f3micos se comprometen a llegar \u00abal m\u00e1ximo consenso posible\u00bb y a una \u00abarmonizaci\u00f3n de las materias en todo el territorio espa\u00f1ol\u00bb. Pero por el momento, estas son las claves de la pr\u00f3xima EBAU:<\/p>\n<p class=\"v-p\" style=\"text-align: justify;\"><strong>\u00bfEn qu\u00e9 fecha ser\u00e1 el examen?<\/strong><\/p>\n<p class=\"v-p\" style=\"text-align: justify;\">Los coordinadores decidieron que la pr\u00f3xima Selectividad se celebrar\u00e1 en las mismas fechas en toda Espa\u00f1a. Ser\u00e1 los d\u00edas 3, 4 y 5 de junio de 2025, salvo que alguna festividad local lo impida.<\/p>\n<p class=\"v-p\" style=\"text-align: justify;\"><strong>\u00bfCu\u00e1nto durar\u00e1 el examen?<\/strong><\/p>\n<p class=\"v-p\" style=\"text-align: justify;\">La duraci\u00f3n ser\u00e1 de 90 minutos, y el n\u00famero y el tipo de preguntas o tareas se adecuar\u00e1n a esta duraci\u00f3n. Para que el examen se ajuste a esos 90 minutos, los expertos recuerdan que el alumnado \u00abtendr\u00e1 que dedicar un tiempo a la lectura y an\u00e1lisis de los solicitado, as\u00ed como a la planificaci\u00f3n y ejecuci\u00f3n de su respuesta\u00bb.<\/p>\n<p class=\"v-p\" style=\"text-align: justify;\"><strong>\u00bfHabr\u00e1 dos ex\u00e1menes para elegir?<\/strong><\/p>\n<p class=\"v-p\" style=\"text-align: justify;\">No. Habr\u00e1 un modelo \u00fanico de ejercicio que se estructurar\u00e1 en diferentes apartados o bloques, aunque los responsables de la coordinaci\u00f3n de la materia podr\u00e1n incluir la posibilidad de elegir entre varias preguntas o tareas en algunos de los apartados \u00absi as\u00ed se estima conveniente\u00bb.<\/p>\n<p class=\"v-p\" style=\"text-align: justify;\"><strong>\u00bfC\u00f3mo ser\u00e1n las preguntas?<\/strong><\/p>\n<p class=\"v-p\" style=\"text-align: justify;\">Podr\u00e1 haber preguntas que requieran respuestas cerradas, semiconstruidas o abiertas, pero las respuestas abiertas o semiconstruidas (es decir, las que no son tipo test) deber\u00e1n alcanzar como m\u00ednimo el 70%. Pero adem\u00e1s, estas respuestas abiertas o semiconstruidas tendr\u00e1n en un 20-25% del examen un dise\u00f1o competencial, al estilo del Informe Pisa o de la evaluaci\u00f3n internacional de la OCDE, lo que significa que en estas cuestiones, el alumno deber\u00e1 aplicar sus conocimientos m\u00e1s que la memoria.<\/p>\n<p class=\"v-p\" style=\"text-align: justify;\"><strong>\u00bfCu\u00e1nto restar\u00e1n las faltas de ortograf\u00eda?<\/strong><\/p>\n<p class=\"v-p\" style=\"text-align: justify;\">Los responsables quieren que en la calificaci\u00f3n se valore tambi\u00e9n la coherencia, la cohesi\u00f3n, la correcci\u00f3n gramatical, l\u00e9xica y ortogr\u00e1fica de los ex\u00e1menes. En concreto, en las asignaturas de lengua y literatura (tanto en castellano como en el resto de las lenguas oficiales) se otorgar\u00e1 el 20% a esa coherencia, cohesi\u00f3n y correcci\u00f3n; en los ex\u00e1menes de lengua extranjera ser\u00e1 el 15% de la calificaci\u00f3n total; y en el resto de las materias, el 10%.<\/p>\n<article class=\"v-a v-a--d v-a--d-bs v-a--p-b\">\n<div class=\"v-a-img-c v-a-img-c--fw-xs\">\n<figure class=\"v-a-fig\"><figcaption class=\"v-fc\">\n<div class=\"v-mdl-ath__img-c\">\u00a0<\/div>\n<div class=\"v-mdl-ath__inf\">\n<p class=\"v-mdl-ath__p v-mdl-ath__p--2\"><a href=\"https:\/\/www.ideal.es\/autor\/alvaro-soto-119.html\" data-mrf-link=\"https:\/\/www.ideal.es\/autor\/alvaro-soto-119.html\"><strong>\u00c1lvaro Soto<\/strong><\/a><\/p>\n<\/div>\n<p><span class=\"v-fc__t\">FOTO: Un examen de Selectividad.<\/span> <span class=\"v-fc__p\">EP<\/p>\n<p>https:\/\/www.ideal.es\/sociedad\/educacion\/fechas-tipo-examen-calificaciones-claves-nueva-selectividad-20241002003308-ntrc.html<br \/>\n<\/span><\/figcaption><\/figure>\n<\/div>\n<div class=\"v-a-info-c \">\n<h1 class=\"v-a-t\">\u00a0<\/h1>\n<\/div>\n<\/article>\n<div class=\"v-d v-d--ab-c v-d--bs\" data-mrf-recirculation=\"Links articulo\">\n<div class=\"v-mdl-ath \" data-voc-component=\"viewport-not-visible\" data-mrf-recirculation=\"Autor\">\n<div class=\"v-mdl-ath__c v-mdl-ath__c--1\">\n<div class=\"v-mdl-ath__inf\">\n<p class=\"v-mdl-ath__p v-mdl-ath__p--2\">\u00a0<\/p>\n<\/div>\n<\/div>\n<\/div>\n<\/div>\n<div class=\"v-mdl-ath__c v-mdl-ath__c--2\">\u00a0<\/div>\n","protected":false},"excerpt":{"rendered":"<p>Los coordinadores de Selectividad de todas las comunidades aut\u00f3nomas, reunidos la semana pasada en Bilbao,&#8230;<\/p>\n","protected":false},"author":1,"featured_media":71568,"comment_status":"closed","ping_status":"closed","sticky":false,"template":"","format":"standard","meta":{"_coblocks_attr":"","_coblocks_dimensions":"","_coblocks_responsive_height":"","_coblocks_accordion_ie_support":"","jetpack_post_was_ever_published":false,"_jetpack_newsletter_access":"","_jetpack_dont_email_post_to_subs":false,"_jetpack_newsletter_tier_id":0,"_jetpack_memberships_contains_paywalled_content":false,"_jetpack_memberships_contains_paid_content":false,"footnotes":"","jetpack_publicize_message":"","jetpack_publicize_feature_enabled":true,"jetpack_social_post_already_shared":true,"jetpack_social_options":{"image_generator_settings":{"template":"highway","default_image_id":0,"enabled":false},"version":2}},"categories":[187,186,44],"tags":[],"class_list":["post-71567","post","type-post","status-publish","format-standard","has-post-thumbnail","hentry","category-centros-educativos","category-instituciones","category-noticias-de-hoy"],"jetpack_publicize_connections":[],"jetpack_featured_media_url":"https:\/\/i0.wp.com\/miradordeatarfe.es\/wp-content\/uploads\/2024\/10\/examen-selectividad-murcia-kpbH-U2201388887983eLH-1200x840%40RC.webp?fit=1200%2C840&ssl=1","jetpack_likes_enabled":true,"jetpack_sharing_enabled":true,"_links":{"self":[{"href":"https:\/\/miradordeatarfe.es\/index.php?rest_route=\/wp\/v2\/posts\/71567","targetHints":{"allow":["GET"]}}],"collection":[{"href":"https:\/\/miradordeatarfe.es\/index.php?rest_route=\/wp\/v2\/posts"}],"about":[{"href":"https:\/\/miradordeatarfe.es\/index.php?rest_route=\/wp\/v2\/types\/post"}],"author":[{"embeddable":true,"href":"https:\/\/miradordeatarfe.es\/index.php?rest_route=\/wp\/v2\/users\/1"}],"replies":[{"embeddable":true,"href":"https:\/\/miradordeatarfe.es\/index.php?rest_route=%2Fwp%2Fv2%2Fcomments&post=71567"}],"version-history":[{"count":1,"href":"https:\/\/miradordeatarfe.es\/index.php?rest_route=\/wp\/v2\/posts\/71567\/revisions"}],"predecessor-version":[{"id":71569,"href":"https:\/\/miradordeatarfe.es\/index.php?rest_route=\/wp\/v2\/posts\/71567\/revisions\/71569"}],"wp:featuredmedia":[{"embeddable":true,"href":"https:\/\/miradordeatarfe.es\/index.php?rest_route=\/wp\/v2\/media\/71568"}],"wp:attachment":[{"href":"https:\/\/miradordeatarfe.es\/index.php?rest_route=%2Fwp%2Fv2%2Fmedia&parent=71567"}],"wp:term":[{"taxonomy":"category","embeddable":true,"href":"https:\/\/miradordeatarfe.es\/index.php?rest_route=%2Fwp%2Fv2%2Fcategories&post=71567"},{"taxonomy":"post_tag","embeddable":true,"href":"https:\/\/miradordeatarfe.es\/index.php?rest_route=%2Fwp%2Fv2%2Ftags&post=71567"}],"curies":[{"name":"wp","href":"https:\/\/api.w.org\/{rel}","templated":true}]}}