{"id":71570,"date":"2024-10-08T09:00:02","date_gmt":"2024-10-08T07:00:02","guid":{"rendered":"https:\/\/miradordeatarfe.es\/?p=71570"},"modified":"2024-10-07T13:23:57","modified_gmt":"2024-10-07T11:23:57","slug":"71570","status":"publish","type":"post","link":"https:\/\/miradordeatarfe.es\/?p=71570","title":{"rendered":"10 DE OCTUBRE: DIA MUNDIAL DE LA SALUD MENTAL"},"content":{"rendered":"<div class=\"elementor-element elementor-element-46593019 elementor-widget elementor-widget-theme-post-content\" data-id=\"46593019\" data-element_type=\"widget\" data-widget_type=\"theme-post-content.default\">\n<div class=\"elementor-widget-container\">\n<h3>\u00danete a las actividades programadas por el D\u00eda Mundial de la Salud Mental para visibilizar un problema que afecta al 25% de la poblaci\u00f3n. Juntos podemos marcar la diferencia.<\/h3>\n<h3>Las siguientes actividades est\u00e1n programadas para\u00a0 10 de octubre:<\/h3>\n<ul>\n<li><strong>10:00h. MARCHA CON MOTIVO DEL D\u00cdA MUNDIAL DE LA SALUD MENTAL. <em>Desde Triunfo hasta la Plaza del Ayuntamiento.<\/em><\/strong><\/li>\n<li><strong>12:00h. LECTURA DEL MANIFIESTO CON MOTIVO DEL D\u00cdA MUNDIAL DE LA SALUD MENTAL.\u00a0<em>En la Plaza del Carmen.<\/em><\/strong><\/li>\n<li><strong>20:00h. ALUMBRADO DEL AYUNTAMIENTO CON LOS COLORES REPRESENTATIVOS. ENCENDIDO DE C\u00cdRCULOS DE VELAS EN RECUERDO DE LOS QUE SE HAN IDO SIN QUERERSE IR<\/strong>.<\/li>\n<\/ul>\n<p>S\u00famate a estas actividades organizadas por <a href=\"https:\/\/injusalud.org\/\" target=\"_blank\" rel=\"noopener\">Injusalud<\/a>, <a href=\"https:\/\/www.granabip.org\/\" target=\"_blank\" rel=\"noopener\">Granabip<\/a> y la <a href=\"https:\/\/saludmentalandalucia.org\/\" target=\"_blank\" rel=\"noopener\">Federaci\u00f3n Salud Mental Andaluc\u00eda<\/a> y consigamos disminuir el estigma que persigue a estas personas que lo padecen y trabajemos hacia un mundo donde la salud mental sea prioritaria para todos.<\/p>\n<p><em>EN SU MANIFIESTO PARA ESTE DIA PODEMOS LEER:<\/em><\/p>\n<p><em> Es hora de agarrarnos a esa tabla de salvaci\u00f3n que es la esperanza. Para ello, hemos de actuar de forma positiva y consciente:<\/em><\/p>\n<p><em>Hay que desmontar los mitos y falsas creencias, e intervenir seg\u00fan la evidencia cient\u00edfica.<\/em><\/p>\n<p><em>Tenemos que planificar los servicios de atenci\u00f3n en los \u00e1mbitos educativo, laboral y sanitario.<\/em><\/p>\n<p><em>Hay que crear sistemas de apoyo, de acompa\u00f1amiento, y de seguimiento posteriores a las crisis suicidas. La persona con ideaciones debe interaccionar con la sociedad, sentirse comprendida, y desarrollar un instinto de supervivencia que le ponga en el camino de la recuperaci\u00f3n.<\/em><\/p>\n<p><em>Debemos sensibilizar a los medios de comunicaci\u00f3n, para que se involucren en la prevenci\u00f3n de la conducta suicida, ofreciendo informaci\u00f3n de calidad, y un cat\u00e1logo de recomendaciones. El primer paso es ganar tiempo.<\/em><\/p>\n<p><em>Una vez rompamos el silencio, y aflore una conciencia colectiva, habremos creado un entorno propicio para que la persona pida ayuda, se sincere, exprese sus sentimientos, y conecte con la vida.<\/em><\/p>\n<p><em>Tampoco hay que cegarse con la perfecci\u00f3n. Basta atesorar instantes de emoci\u00f3n, contento y felicidad.<\/em><\/p>\n<p><a href=\"https:\/\/i0.wp.com\/miradordeatarfe.es\/wp-content\/uploads\/2024\/10\/Imagen-de-WhatsApp-2024-10-02-a-las-15.34.25_1774e207.jpg?ssl=1\"><img data-recalc-dims=\"1\" loading=\"lazy\" decoding=\"async\" class=\"alignnone wp-image-71571 size-full\" src=\"https:\/\/i0.wp.com\/miradordeatarfe.es\/wp-content\/uploads\/2024\/10\/Imagen-de-WhatsApp-2024-10-02-a-las-15.34.25_1774e207.jpg?resize=640%2C815&#038;ssl=1\" alt=\"\" width=\"640\" height=\"815\" srcset=\"https:\/\/i0.wp.com\/miradordeatarfe.es\/wp-content\/uploads\/2024\/10\/Imagen-de-WhatsApp-2024-10-02-a-las-15.34.25_1774e207.jpg?w=1256&amp;ssl=1 1256w, https:\/\/i0.wp.com\/miradordeatarfe.es\/wp-content\/uploads\/2024\/10\/Imagen-de-WhatsApp-2024-10-02-a-las-15.34.25_1774e207.jpg?resize=236%2C300&amp;ssl=1 236w, https:\/\/i0.wp.com\/miradordeatarfe.es\/wp-content\/uploads\/2024\/10\/Imagen-de-WhatsApp-2024-10-02-a-las-15.34.25_1774e207.jpg?resize=804%2C1024&amp;ssl=1 804w, https:\/\/i0.wp.com\/miradordeatarfe.es\/wp-content\/uploads\/2024\/10\/Imagen-de-WhatsApp-2024-10-02-a-las-15.34.25_1774e207.jpg?resize=768%2C978&amp;ssl=1 768w, https:\/\/i0.wp.com\/miradordeatarfe.es\/wp-content\/uploads\/2024\/10\/Imagen-de-WhatsApp-2024-10-02-a-las-15.34.25_1774e207.jpg?resize=1206%2C1536&amp;ssl=1 1206w, https:\/\/i0.wp.com\/miradordeatarfe.es\/wp-content\/uploads\/2024\/10\/Imagen-de-WhatsApp-2024-10-02-a-las-15.34.25_1774e207.jpg?resize=1024%2C1304&amp;ssl=1 1024w\" sizes=\"auto, (max-width: 640px) 100vw, 640px\" \/><\/a><\/p>\n<p>FOTO: https:\/\/www.sos.com.co\/2024\/10\/dia-mundial-de-la-salud-mental\/<\/p>\n<\/div>\n<\/div>\n","protected":false},"excerpt":{"rendered":"<p>\u00danete a las actividades programadas por el D\u00eda Mundial de la Salud Mental para visibilizar&#8230;<\/p>\n","protected":false},"author":1,"featured_media":71572,"comment_status":"closed","ping_status":"closed","sticky":false,"template":"","format":"standard","meta":{"_coblocks_attr":"","_coblocks_dimensions":"","_coblocks_responsive_height":"","_coblocks_accordion_ie_support":"","jetpack_post_was_ever_published":false,"_jetpack_newsletter_access":"","_jetpack_dont_email_post_to_subs":false,"_jetpack_newsletter_tier_id":0,"_jetpack_memberships_contains_paywalled_content":false,"_jetpack_memberships_contains_paid_content":false,"footnotes":"","jetpack_publicize_message":"","jetpack_publicize_feature_enabled":true,"jetpack_social_post_already_shared":true,"jetpack_social_options":{"image_generator_settings":{"template":"highway","default_image_id":0,"enabled":false},"version":2}},"categories":[10791,1161,186,44],"tags":[],"class_list":["post-71570","post","type-post","status-publish","format-standard","has-post-thumbnail","hentry","category-andalucia","category-ciudadania","category-instituciones","category-noticias-de-hoy"],"jetpack_publicize_connections":[],"jetpack_featured_media_url":"https:\/\/i0.wp.com\/miradordeatarfe.es\/wp-content\/uploads\/2024\/10\/NOTA-WEB-SALUD-MENTAL-1200x800-1.jpg?fit=1200%2C800&ssl=1","jetpack_likes_enabled":true,"jetpack_sharing_enabled":true,"_links":{"self":[{"href":"https:\/\/miradordeatarfe.es\/index.php?rest_route=\/wp\/v2\/posts\/71570","targetHints":{"allow":["GET"]}}],"collection":[{"href":"https:\/\/miradordeatarfe.es\/index.php?rest_route=\/wp\/v2\/posts"}],"about":[{"href":"https:\/\/miradordeatarfe.es\/index.php?rest_route=\/wp\/v2\/types\/post"}],"author":[{"embeddable":true,"href":"https:\/\/miradordeatarfe.es\/index.php?rest_route=\/wp\/v2\/users\/1"}],"replies":[{"embeddable":true,"href":"https:\/\/miradordeatarfe.es\/index.php?rest_route=%2Fwp%2Fv2%2Fcomments&post=71570"}],"version-history":[{"count":2,"href":"https:\/\/miradordeatarfe.es\/index.php?rest_route=\/wp\/v2\/posts\/71570\/revisions"}],"predecessor-version":[{"id":71574,"href":"https:\/\/miradordeatarfe.es\/index.php?rest_route=\/wp\/v2\/posts\/71570\/revisions\/71574"}],"wp:featuredmedia":[{"embeddable":true,"href":"https:\/\/miradordeatarfe.es\/index.php?rest_route=\/wp\/v2\/media\/71572"}],"wp:attachment":[{"href":"https:\/\/miradordeatarfe.es\/index.php?rest_route=%2Fwp%2Fv2%2Fmedia&parent=71570"}],"wp:term":[{"taxonomy":"category","embeddable":true,"href":"https:\/\/miradordeatarfe.es\/index.php?rest_route=%2Fwp%2Fv2%2Fcategories&post=71570"},{"taxonomy":"post_tag","embeddable":true,"href":"https:\/\/miradordeatarfe.es\/index.php?rest_route=%2Fwp%2Fv2%2Ftags&post=71570"}],"curies":[{"name":"wp","href":"https:\/\/api.w.org\/{rel}","templated":true}]}}