{"id":71575,"date":"2024-10-05T09:35:03","date_gmt":"2024-10-05T07:35:03","guid":{"rendered":"https:\/\/miradordeatarfe.es\/?p=71575"},"modified":"2024-10-02T19:58:41","modified_gmt":"2024-10-02T17:58:41","slug":"un-informe-calcula-que-cada-euro-de-las-vacunas-anticovid-ahorro-cinco-en-gastos-sanitarios","status":"publish","type":"post","link":"https:\/\/miradordeatarfe.es\/?p=71575","title":{"rendered":"Un informe calcula que cada euro de las vacunas anticovid ahorr\u00f3 cinco en gastos sanitarios"},"content":{"rendered":"<h3 class=\"v-a-sub-t\" style=\"text-align: justify;\">Los laboratorios estiman que una mayor adherencia a los tratamientos de la EPOC, cardiovasculares, diabetes y depresi\u00f3n ahorrar\u00eda 500 millones<\/h3>\n<p class=\"v-p\" style=\"text-align: justify;\">La industria farmac\u00e9utica, que jug\u00f3 un papel fundamental durante la pandemia, estima que cada euro invertido en vacunaci\u00f3n contra la covid-19 ha supuesto un ahorro de casi cinco euros en costes sanitarios y sociales. En concreto, cada euro destinado a inmunizar a la poblaci\u00f3n ha representado un ahorro de 1,4 euros en gastos sanitarios y 3,4 en gastos no sanitarios, seg\u00fan el informe &#8216;El valor del medicamento desde una perspectiva social 2024&#8217;, presentado ayer por la Fundaci\u00f3n Weber y Farmaindustria.<\/p>\n<p class=\"v-p\" style=\"text-align: justify;\">El documento de la patronal subraya el notable impacto de la innovaci\u00f3n farmac\u00e9utica en la esperanza de vida de los ciudadanos. De acuerdo al informe, en los pa\u00edses desarrollados la poblaci\u00f3n gan\u00f3, entre 2006 y 2016, 1,7 a\u00f1os, de los que tres cuartas partes se atribuyen a la introducci\u00f3n de nuevos medicamentos.<\/p>\n<p class=\"v-p\" style=\"text-align: justify;\">En el caso del c\u00e1ncer, por ejemplo, los nuevos f\u00e1rmacos fueron los responsables del aumento de la supervivencia de los pacientes entre los a\u00f1os 1996 y 2016, un avance que parece acentuarse en la \u00faltima d\u00e9cada, cuando se han aprobado en Espa\u00f1a 115 f\u00e1rmacos de \u00faltima generaci\u00f3n para la lucha contra los tumores.<\/p>\n<p class=\"v-p\" style=\"text-align: justify;\">Tambi\u00e9n se ha registrado un notable avance en las enfermedades cardiovasculares, las principales causas de muerte y de enfermedad. En este grupo, los nuevos medicamentos han reducido el riesgo de muerte por problemas cardiacos el 10% y de eventos cardiovasculares, en el 25%.<\/p>\n<p class=\"v-p\" style=\"text-align: justify;\">Pero la industria cree que el potencial de los medicamentos sigue siendo grande. Simplemente con que la poblaci\u00f3n siguiera las recomendaciones de sus m\u00e9dicos (lo que se llama adherencia al tratamiento) un 10% m\u00e1s que en la actualidad en enfermedades como la diabetes, la EPOC, las cardiovasculares o la depresi\u00f3n se ahorrar\u00edan m\u00e1s de 500 millones de euros al a\u00f1o en costes sanitarios directos.<\/p>\n<p class=\"v-p\" style=\"text-align: justify;\">\u00abEl valor de los medicamentos es especialmente importante en las patolog\u00edas de alto impacto como el c\u00e1ncer, las enfermedades cardiovasculares o la diabetes porque no solo afectan a la calidad de vida de millones de personas de forma individual, sino que suponen un desaf\u00edo considerable para los sistemas de salud tanto por los recursos sanitarisos que requieren como por su repercusi\u00f3n en otros \u00e1mbitos, como el familiar o el laboral\u00bb, subraya el presidente de Farmaindustria, Jes\u00fas Ponce.<\/p>\n<p class=\"v-p\" style=\"text-align: justify;\">El informe de los laboratorios destaca tambi\u00e9n el valor econ\u00f3mico y de innovaci\u00f3n de los medicamentos frente a otro tipo de industrias. Aunque las compa\u00f1\u00edas farmac\u00e9uticas suponen \u00fanicamente el 0,2% de las empresas industriales, aportan el 2,2% del empleo, el 2,8% de la cifra de negocio, el 3,5% del valor a\u00f1adido, el 5,6% de las exportaciones y casi el 20% de la inversi\u00f3n en I+D industrial. Adem\u00e1s, cada puesto de trabajo en el sector farmac\u00e9utico genera otros cuatro empleos indirectos o inducidos.<\/p>\n<p class=\"v-p\" style=\"text-align: justify;\">\u00abLos medicamentos innovadores son un activo estrat\u00e9gico del pa\u00eds, un s\u00edmbolo de progreso, un motor social y econ\u00f3mico y una palanca para la competitividad\u00bb, resalt\u00f3 el director general de Farmaindustria, Juan Yermo.<\/p>\n<p style=\"text-align: justify;\"><a href=\"https:\/\/www.ideal.es\/autor\/alvaro-soto-119.html\" data-mrf-link=\"https:\/\/www.ideal.es\/autor\/alvaro-soto-119.html\"><strong>\u00c1lvaro Soto<\/strong><\/a><\/p>\n<p style=\"text-align: justify;\"><span class=\"v-fc__t\">FOTO: Investigadores espa\u00f1oles investigan en un f\u00e1rmaco contra el c\u00e1ncer cerebral.<\/span> <span class=\"v-fc__p\">EFE<\/span><\/p>\n<p>https:\/\/www.ideal.es\/sociedad\/salud\/informe-calcula-euro-vacunas-anticovid-ahorro-cinco-20241002193343-ntrc.html<\/p>\n<div class=\"v-d v-d--ab-c v-d--bs\" data-mrf-recirculation=\"Links articulo\">\n<div class=\"v-mdl-ath \" data-voc-component=\"viewport-not-visible\" data-mrf-recirculation=\"Autor\">\n<div class=\"v-mdl-ath__c v-mdl-ath__c--1\">\n<div class=\"v-mdl-ath__img-c\">\u00a0<\/div>\n<div class=\"v-mdl-ath__inf\">\n<p class=\"v-mdl-ath__p v-mdl-ath__p--2\">\u00a0<\/p>\n<\/div>\n<\/div>\n<\/div>\n<\/div>\n","protected":false},"excerpt":{"rendered":"<p>Los laboratorios estiman que una mayor adherencia a los tratamientos de la EPOC, cardiovasculares, diabetes&#8230;<\/p>\n","protected":false},"author":1,"featured_media":71576,"comment_status":"closed","ping_status":"closed","sticky":false,"template":"","format":"standard","meta":{"_coblocks_attr":"","_coblocks_dimensions":"","_coblocks_responsive_height":"","_coblocks_accordion_ie_support":"","jetpack_post_was_ever_published":false,"_jetpack_newsletter_access":"","_jetpack_dont_email_post_to_subs":false,"_jetpack_newsletter_tier_id":0,"_jetpack_memberships_contains_paywalled_content":false,"_jetpack_memberships_contains_paid_content":false,"footnotes":"","jetpack_publicize_message":"","jetpack_publicize_feature_enabled":true,"jetpack_social_post_already_shared":true,"jetpack_social_options":{"image_generator_settings":{"template":"highway","default_image_id":0,"enabled":false},"version":2}},"categories":[1161,186,44,10],"tags":[],"class_list":["post-71575","post","type-post","status-publish","format-standard","has-post-thumbnail","hentry","category-ciudadania","category-instituciones","category-noticias-de-hoy","category-salud"],"jetpack_publicize_connections":[],"jetpack_featured_media_url":"https:\/\/i0.wp.com\/miradordeatarfe.es\/wp-content\/uploads\/2024\/10\/laboratorio-investigacion-cancer-kw7F-U2201399109181vjF-1200x840%40RC.webp?fit=1200%2C840&ssl=1","jetpack_likes_enabled":true,"jetpack_sharing_enabled":true,"_links":{"self":[{"href":"https:\/\/miradordeatarfe.es\/index.php?rest_route=\/wp\/v2\/posts\/71575","targetHints":{"allow":["GET"]}}],"collection":[{"href":"https:\/\/miradordeatarfe.es\/index.php?rest_route=\/wp\/v2\/posts"}],"about":[{"href":"https:\/\/miradordeatarfe.es\/index.php?rest_route=\/wp\/v2\/types\/post"}],"author":[{"embeddable":true,"href":"https:\/\/miradordeatarfe.es\/index.php?rest_route=\/wp\/v2\/users\/1"}],"replies":[{"embeddable":true,"href":"https:\/\/miradordeatarfe.es\/index.php?rest_route=%2Fwp%2Fv2%2Fcomments&post=71575"}],"version-history":[{"count":1,"href":"https:\/\/miradordeatarfe.es\/index.php?rest_route=\/wp\/v2\/posts\/71575\/revisions"}],"predecessor-version":[{"id":71577,"href":"https:\/\/miradordeatarfe.es\/index.php?rest_route=\/wp\/v2\/posts\/71575\/revisions\/71577"}],"wp:featuredmedia":[{"embeddable":true,"href":"https:\/\/miradordeatarfe.es\/index.php?rest_route=\/wp\/v2\/media\/71576"}],"wp:attachment":[{"href":"https:\/\/miradordeatarfe.es\/index.php?rest_route=%2Fwp%2Fv2%2Fmedia&parent=71575"}],"wp:term":[{"taxonomy":"category","embeddable":true,"href":"https:\/\/miradordeatarfe.es\/index.php?rest_route=%2Fwp%2Fv2%2Fcategories&post=71575"},{"taxonomy":"post_tag","embeddable":true,"href":"https:\/\/miradordeatarfe.es\/index.php?rest_route=%2Fwp%2Fv2%2Ftags&post=71575"}],"curies":[{"name":"wp","href":"https:\/\/api.w.org\/{rel}","templated":true}]}}