{"id":71581,"date":"2024-10-04T10:41:20","date_gmt":"2024-10-04T08:41:20","guid":{"rendered":"https:\/\/miradordeatarfe.es\/?p=71581"},"modified":"2024-10-03T12:48:20","modified_gmt":"2024-10-03T10:48:20","slug":"la-cultura-que-alimenta-por-juan-de-dios-villanueva-roa","status":"publish","type":"post","link":"https:\/\/miradordeatarfe.es\/?p=71581","title":{"rendered":"\u00abLa cultura que alimenta\u00bb por  Juan de Dios Villanueva Roa"},"content":{"rendered":"<h3 style=\"text-align: justify;\">Puede ser, deber\u00eda ser, es posible que lo sea. Pero primero hay que cre\u00e9rselo y sentar unas bases tan s\u00f3lidas como su historia.<\/h3>\n<p style=\"text-align: justify;\">Granada podr\u00e1 ser la capital cultural europea puesta en manos adecuadas para empujar fuera de Granada, para poner las ideas, la historia, la cultura granadina sobre la mesa como contrapunto de quien haya delante o enfrente, que son muchos.<\/p>\n<p style=\"text-align: justify;\">Argumentos s\u00f3lidos y contrastables, voces coordinadas en sus mensajes, individualismos y afanes de protagonismo medallista fuera, coordinaci\u00f3n con pu\u00f1o de hierro en guante de seda. Y una corte de pol\u00edticas llevadas de la mano de personas que el d\u00eda despu\u00e9s vuelvan al sitio que ocupaban el d\u00eda de antes. Granada podr\u00e1 ser capital cultural si cree en ello, si se lo cree la gente del Zaid\u00edn y de la Chana, y del Realejo y del Camino de Ronda.<\/p>\n<p style=\"text-align: justify;\">Toda la ciudad y tambi\u00e9n su \u00e1rea metropolitana, que es Granada, y Motril y Hu\u00e9scar y Loja y Salar y \u00d3rgiva y C\u00fallar. Y el conjunto de la provincia, con su pasado y su futuro, porque sin esto no es nada. Pero ante todo, con un proyecto potente, en el que a partir de esa inmensa historia cultural se dibuje un futuro inmediato posible y plausible, con las infraestructuras precisas, imprescindibles, pero con la inteligencia que aqu\u00ed hay, aunque a veces tengamos que rescatarla de fuera porque ha tenido que emigrar al no haber encontrado aqu\u00ed sus mimbres. Y apartar a los agoreros y a quienes siempre lo quisieron todo solo para ellos, lastre incorregible de esta tierra con un esplendor y un futuro pendiente de ella misma y de quienes aqu\u00ed hemos decidido compartir nuestra vida. Y encontrar lo que tenemos que los otros no tienen.<\/p>\n<p>FOTO: La alcaldesa junto a los consejeros de la candidatura: Luis Garc\u00eda Montero, poeta y director del Instituto Cervantes; David Jim\u00e9nez-Blanco, presidente de la Bolsa de Madrid, y Pilar Aranda, ex rectora de la Universidad de Granada<\/p>\n","protected":false},"excerpt":{"rendered":"<p>Puede ser, deber\u00eda ser, es posible que lo sea. Pero primero hay que cre\u00e9rselo y&#8230;<\/p>\n","protected":false},"author":1,"featured_media":71582,"comment_status":"closed","ping_status":"closed","sticky":false,"template":"","format":"standard","meta":{"_coblocks_attr":"","_coblocks_dimensions":"","_coblocks_responsive_height":"","_coblocks_accordion_ie_support":"","jetpack_post_was_ever_published":false,"_jetpack_newsletter_access":"","_jetpack_dont_email_post_to_subs":false,"_jetpack_newsletter_tier_id":0,"_jetpack_memberships_contains_paywalled_content":false,"_jetpack_memberships_contains_paid_content":false,"footnotes":"","jetpack_publicize_message":"","jetpack_publicize_feature_enabled":true,"jetpack_social_post_already_shared":true,"jetpack_social_options":{"image_generator_settings":{"template":"highway","default_image_id":0,"enabled":false},"version":2}},"categories":[1161,10781,9772,44],"tags":[],"class_list":["post-71581","post","type-post","status-publish","format-standard","has-post-thumbnail","hentry","category-ciudadania","category-granada","category-opinion-de-juan-de-dios-villanueva","category-noticias-de-hoy"],"jetpack_publicize_connections":[],"jetpack_featured_media_url":"https:\/\/i0.wp.com\/miradordeatarfe.es\/wp-content\/uploads\/2024\/10\/comisarios_0.jpg?fit=724%2C529&ssl=1","jetpack_likes_enabled":true,"jetpack_sharing_enabled":true,"_links":{"self":[{"href":"https:\/\/miradordeatarfe.es\/index.php?rest_route=\/wp\/v2\/posts\/71581","targetHints":{"allow":["GET"]}}],"collection":[{"href":"https:\/\/miradordeatarfe.es\/index.php?rest_route=\/wp\/v2\/posts"}],"about":[{"href":"https:\/\/miradordeatarfe.es\/index.php?rest_route=\/wp\/v2\/types\/post"}],"author":[{"embeddable":true,"href":"https:\/\/miradordeatarfe.es\/index.php?rest_route=\/wp\/v2\/users\/1"}],"replies":[{"embeddable":true,"href":"https:\/\/miradordeatarfe.es\/index.php?rest_route=%2Fwp%2Fv2%2Fcomments&post=71581"}],"version-history":[{"count":1,"href":"https:\/\/miradordeatarfe.es\/index.php?rest_route=\/wp\/v2\/posts\/71581\/revisions"}],"predecessor-version":[{"id":71583,"href":"https:\/\/miradordeatarfe.es\/index.php?rest_route=\/wp\/v2\/posts\/71581\/revisions\/71583"}],"wp:featuredmedia":[{"embeddable":true,"href":"https:\/\/miradordeatarfe.es\/index.php?rest_route=\/wp\/v2\/media\/71582"}],"wp:attachment":[{"href":"https:\/\/miradordeatarfe.es\/index.php?rest_route=%2Fwp%2Fv2%2Fmedia&parent=71581"}],"wp:term":[{"taxonomy":"category","embeddable":true,"href":"https:\/\/miradordeatarfe.es\/index.php?rest_route=%2Fwp%2Fv2%2Fcategories&post=71581"},{"taxonomy":"post_tag","embeddable":true,"href":"https:\/\/miradordeatarfe.es\/index.php?rest_route=%2Fwp%2Fv2%2Ftags&post=71581"}],"curies":[{"name":"wp","href":"https:\/\/api.w.org\/{rel}","templated":true}]}}