{"id":71584,"date":"2024-10-06T08:51:35","date_gmt":"2024-10-06T06:51:35","guid":{"rendered":"https:\/\/miradordeatarfe.es\/?p=71584"},"modified":"2024-10-03T12:59:27","modified_gmt":"2024-10-03T10:59:27","slug":"granada-termina-el-quinto-ano-hidrologico-consecutivo-con-menos-lluvia-de-lo-normal","status":"publish","type":"post","link":"https:\/\/miradordeatarfe.es\/?p=71584","title":{"rendered":"Granada termina el quinto a\u00f1o hidrol\u00f3gico consecutivo con menos lluvia de lo normal"},"content":{"rendered":"<h3>Se han registrado 348 litros\/m2, casi un 5% menos que el promedio hist\u00f3rico, con precipitaciones muy irregulares: m\u00e1s de la mitad del agua cay\u00f3 en solo dos meses.<\/h3>\n<div class=\"cuerpo\">\n<p>Granada ha cerrado el a\u00f1o hidrol\u00f3gico, de octubre de 2023 a septiembre de 2024, con <strong>348 litros<\/strong> por metro cuadrado de lluvia registrada por la estaci\u00f3n de la Agencia Estatal de Meteorolog\u00eda (Aemet) en el Aeropuerto. Son <strong>un 4,7% menos<\/strong>\u00a0precipitaciones respecto al promedio hist\u00f3rico del periodo 1981-2020, que se sit\u00faa en 365 litros\/m2.\u00a0<\/p>\n<p>Se trata del<strong> quinto a\u00f1o hidrol\u00f3gico consecutivo con menos lluvia de lo normal,<\/strong> lo que mantiene la grave situaci\u00f3n de sequ\u00eda que padece la provincia, con un volumen de agua embalsada que sigue bajo m\u00ednimos en buena parte de los pantanos.\u00a0<\/p>\n<table border=\"1\" cellspacing=\"1\" cellpadding=\"1\">\n<caption>LLUVIA CA\u00cdDA EN LA ESTACI\u00d3N DEL AEROPUERTO EN EL A\u00d1O HIDROL\u00d3GICO 2023-2024<\/caption>\n<tbody>\n<tr>\n<td>&nbsp;<\/td>\n<td><strong>Litros\/m2 a\u00f1o 2023-2024<\/strong><\/td>\n<td>Media 1981-2010<\/td>\n<\/tr>\n<tr>\n<td>Octubre 2023<\/td>\n<td>49,2\u00a0<\/td>\n<td>40\u00a0<\/td>\n<\/tr>\n<tr>\n<td>Noviembre 2023<\/td>\n<td>1,1\u00a0<\/td>\n<td>54\u00a0<\/td>\n<\/tr>\n<tr>\n<td>Diciembre 2023<\/td>\n<td>17<\/td>\n<td>56<\/td>\n<\/tr>\n<tr>\n<td>Enero 2024<\/td>\n<td>28,9<\/td>\n<td>42<\/td>\n<\/tr>\n<tr>\n<td>Febrero 2024<\/td>\n<td>72,9<\/td>\n<td>38<\/td>\n<\/tr>\n<tr>\n<td>Marzo 2024<\/td>\n<td>115<\/td>\n<td>32<\/td>\n<\/tr>\n<tr>\n<td>Abril 2024<\/td>\n<td>37,9<\/td>\n<td>36<\/td>\n<\/tr>\n<tr>\n<td>Mayo 2024<\/td>\n<td>2,4<\/td>\n<td>28<\/td>\n<\/tr>\n<tr>\n<td>Junio 2024<\/td>\n<td>1,4<\/td>\n<td>11<\/td>\n<\/tr>\n<tr>\n<td>Julio 2024<\/td>\n<td>0<\/td>\n<td>2<\/td>\n<\/tr>\n<tr>\n<td>Agosto 2024<\/td>\n<td>7,6<\/td>\n<td>4<\/td>\n<\/tr>\n<tr>\n<td>Septiembre<\/td>\n<td>14,6<\/td>\n<td>19<\/td>\n<\/tr>\n<tr>\n<td>Total 2023-2024<\/td>\n<td>348<\/td>\n<td>365<\/td>\n<\/tr>\n<\/tbody>\n<\/table>\n<p class=\"pie\">\u00a0Fuente: Agencia Estatal de Meteorolog\u00eda<\/p>\n<p>La lluvia ca\u00edda en el a\u00f1o hidrol\u00f3gico, adem\u00e1s de escasa, ha sido muy irregular. De los 12 meses, en cinco ha habido m\u00e1s precipitaciones que el promedio hist\u00f3rico y en siete, menos que la media, y <strong>m\u00e1s de la mitad de las lluvias se ha concentrado en solo dos meses<\/strong>, febrero y marzo.\u00a0<\/p>\n<p>El a\u00f1o comenz\u00f3 con algo m\u00e1s de lluvia de lo habitual en octubre, pero le sigui\u00f3 un mes pr\u00e1cticamente sin agua, noviembre, con solo 1,1 litros, cuando se trata del segundo mes con mayores precipitaciones hist\u00f3ricas, 54 litros de media. A continuaci\u00f3n, otros dos meses por debajo del promedio, diciembre y enero. Diciembre es tradicionalmente el mes con m\u00e1s lluvia en Granada de todo el a\u00f1o, 56 litros de promedio, pero solo registr\u00f3 17. Y enero tambi\u00e9n tuvo menos agua, apenas 29 litros, frente a los 42 normales.\u00a0<\/p>\n<p>Febrero aport\u00f3 cerca del doble de lluvia de lo normal, rozando los 73 litros (38 de media) y <strong>marzo <\/strong>fue el mes con mayores precipitaciones del a\u00f1o con diferencia,<strong> 115 litros<\/strong>, cuando el promedio es de 32. Y abril fue un mes normal con casi 38 litros (la media hist\u00f3rica es 36).\u00a0<\/p>\n<p>Gracias a las lluvias de esos meses los embalses se recuperaron de la agon\u00eda que arrastraban de los a\u00f1os anteriores, se levantaron restricciones de agua que se hab\u00edan establecido ya en numerosos municipios andaluces y tambi\u00e9n granadinos, y respiraron los riegos agr\u00edcolas.\u00a0<\/p>\n<h4>A partir de ah\u00ed, meses secos<\/h4>\n<p>Pero la abundacia de lluvias termin\u00f3 ah\u00ed y llegaron los meses secos: mayo, con solo 2,4 litros (lo normal hubieran sido 28); junio, a\u00fan peor, con 1,4 litros (el promedio es de 11), y los dos meses de verano, julio y agosto, el primero con nada de lluvia y el segundo, con 7,6 litros, m\u00e1s de lo habitual. El \u00faltimo mes del a\u00f1o hidrol\u00f3gico, septiembre, tambi\u00e9n ha estado por debajo de la media, con 14,6 litros, frente a los 19 de promedio.\u00a0<\/p>\n<p>De esta forma, la provincia encadena cinco a\u00f1os hidrol\u00f3gicos seguidos con d\u00e9ficit de lluvias. <strong>De los 10 \u00faltimos a\u00f1os hidrol\u00f3gicos, tan solo dos han registrado m\u00e1s precipitaciones que la media <\/strong>del periodo 1981-2010: los a\u00f1os 2017-2018, el \u00fanico con abundancia de agua, 501 litros\/m2, y el siguiente, 2018-2019, que fue solo ligeramente m\u00e1s lluvioso que el promedio, 374 litros.\u00a0<\/p>\n<table border=\"1\" cellspacing=\"1\" cellpadding=\"1\">\n<caption>LLUVIA REGISTRADA EN GRANADA EN LOS DIEZ \u00daLTIMOS A\u00d1OS HIDROL\u00d3GICOS<\/caption>\n<tbody>\n<tr>\n<td>A\u00f1o hidrol\u00f3gico<\/td>\n<td>Lluvia en litros\/m2<\/td>\n<\/tr>\n<tr>\n<td>2014-2015<\/td>\n<td>232<\/td>\n<\/tr>\n<tr>\n<td>2015-2016<\/td>\n<td>222<\/td>\n<\/tr>\n<tr>\n<td>2016-2017<\/td>\n<td>257<\/td>\n<\/tr>\n<tr>\n<td>2017-2018<\/td>\n<td>501<\/td>\n<\/tr>\n<tr>\n<td>2018-2019<\/td>\n<td>374<\/td>\n<\/tr>\n<tr>\n<td>2019-2020<\/td>\n<td>305<\/td>\n<\/tr>\n<tr>\n<td>2020-2021<\/td>\n<td>331<\/td>\n<\/tr>\n<tr>\n<td>2021-2022<\/td>\n<td>254<\/td>\n<\/tr>\n<tr>\n<td>2022-2023<\/td>\n<td>280<\/td>\n<\/tr>\n<tr>\n<td><strong>2023-2024<\/strong><\/td>\n<td><strong>348<\/strong><\/td>\n<\/tr>\n<tr>\n<td>Media 1981-2010<\/td>\n<td>365<\/td>\n<\/tr>\n<\/tbody>\n<\/table>\n<p class=\"pie\">Fuente: Agencia Estatal de Meteorolog\u00eda, con datos de la estaci\u00f3n del Aeropuerto de Granada<\/p>\n<p>Con tal tendencia de precipitaciones, los embalses granadinos contin\u00faan muy por debajo de lo recomendable, pese a que algunos presentan todav\u00eda un buen estado. Se encuentran algo mejor que hace un a\u00f1o, cuando la situaci\u00f3n era l\u00edmite, y tambi\u00e9n ligeramente por encima del nivel de 2022, pero lejos del promedio de la \u00faltima d\u00e9cada.\u00a0<\/p>\n<p>Los 11 pantanos de la provincia acumulan 357,3 hect\u00f3metros c\u00fabicos sobre una capacidad total de 1.164, lo que supone un porcentaje del <strong>30,7%<\/strong>. Hace un a\u00f1o por estas fechas estaban al 23% en conjunto, y hace dos a\u00f1os, rozando el 28%. Pero el promedio de los \u00faltimos diez es de un 43%.\u00a0<\/p>\n<table border=\"1\" cellspacing=\"1\" cellpadding=\"1\">\n<caption>ESTADO DE LOS EMBALSES DE LA PROVINCIA DE GRANADA<\/caption>\n<tbody>\n<tr>\n<td>&nbsp;<\/td>\n<td><strong>Ahora<\/strong><\/td>\n<td>Hace un a\u00f1o<\/td>\n<\/tr>\n<tr>\n<td>San Clemente<\/td>\n<td>8,6%<\/td>\n<td>8,6%<\/td>\n<\/tr>\n<tr>\n<td>Portillo<\/td>\n<td>41,8%<\/td>\n<td>32,3%<\/td>\n<\/tr>\n<tr>\n<td>Negrat\u00edn<\/td>\n<td>25%<\/td>\n<td>19,3%<\/td>\n<\/tr>\n<tr>\n<td>Francisco Abell\u00e1n<\/td>\n<td>13,3%<\/td>\n<td>12,3%<\/td>\n<\/tr>\n<tr>\n<td>Colomera<\/td>\n<td>18,4%<\/td>\n<td>9,9%<\/td>\n<\/tr>\n<tr>\n<td>Cubillas<\/td>\n<td>31,1%<\/td>\n<td>36,8%<\/td>\n<\/tr>\n<tr>\n<td>Qu\u00e9ntar<\/td>\n<td>60%<\/td>\n<td>43%<\/td>\n<\/tr>\n<tr>\n<td>Canales<\/td>\n<td>55,4%<\/td>\n<td>51,5%<\/td>\n<\/tr>\n<tr>\n<td>Bermejales<\/td>\n<td>22,6%<\/td>\n<td>14,3%<\/td>\n<\/tr>\n<tr>\n<td>B\u00e9znar<\/td>\n<td>81,8%<\/td>\n<td>53,3%<\/td>\n<\/tr>\n<tr>\n<td>Rules<\/td>\n<td>58,1%<\/td>\n<td>37,6%<\/td>\n<\/tr>\n<tr>\n<td><strong>Total provincia<\/strong><\/td>\n<td><strong>30,7%<\/strong><\/td>\n<td>23%<\/td>\n<\/tr>\n<\/tbody>\n<\/table>\n<p class=\"pie\">Fuente: Confederaci\u00f3n Hidrogr\u00e1fica del Guadalquivir e Hidrosur<\/p>\n<p>El embalse m\u00e1s lleno es el de <strong>B\u00e9znar<\/strong>, con casi al 82% de su capacidad, y el menos, el de San Clemente, con solo el 8,6%, igual que hace un a\u00f1o, aunque es un pantano que suele tener escasa agua durante todo el curso.\u00a0<\/p>\n<p>Entre ellos, hay embalses en situaci\u00f3n aceptable, como los de Canales, Qu\u00e9ntar o Rules, entre el 50% y el 60% de su capacidad, y otros en un preocupante estado, como el de Negrat\u00edn (25%), Colomera o Bermejales, en torno al 20%.\u00a0<\/p>\n<p>Y, pese a la tendencia a la baja de las precipitaciones y el nivel de los embalses, la provincia de Granada ha seguido incrementando las tierras puestas en regad\u00edo. En 2018, \u00faltimo a\u00f1o con lluvias por encima de lo normal, hab\u00eda 142.286 hect\u00e1reas de riego, y en los cinco a\u00f1os siguientes, los cinco con menos precipitaciones que la media, se han incementado los cultivos de regad\u00edo en <strong>m\u00e1s de 10.000 hect\u00e1reas<\/strong>, hasta las 152.638. <a href=\"https:\/\/www.elindependientedegranada.es\/economia\/insostenible-regadio-granada\">Granada ha extendido el regad\u00edo un 67% en poco m\u00e1s de 20 a\u00f1os,<\/a> la provincia que m\u00e1s ha aumentado el peso del riego en sus cultivos, pese al descenso de las lluvias y el nivel de los embalses, y a la sobreexplotaci\u00f3n que presentan buena parte de sus acu\u00edferos, algo totalmente insostenible.\u00a0<\/p>\n<p>Once meses m\u00e1s c\u00e1lidos de lo normal<\/p>\n<p>El a\u00f1o hidrol\u00f3gico, adem\u00e1s de por el d\u00e9ficit de lluvias, se ha caracterizado tambi\u00e9n por unas <strong>temperaturas m\u00e1s altas de lo habitual<\/strong> en pr\u00e1cticamente todo el curso, lo que ya viene siendo habitual en los \u00faltimos a\u00f1os debido al calentamiento global, uno de los efectos del cambio clim\u00e1tico, junto a otros como la mayor irregularidad de las precipitaciones, que tambi\u00e9n se convierten en m\u00e1s torrenciales.\u00a0<\/p>\n<p>Y esas altas temperaturas tambi\u00e9n agravan situaci\u00f3n h\u00eddrica, al aumentar la evaporaci\u00f3n y disminuir el agua disponible y acrecentar la sequedad de la tierra.\u00a0<\/p>\n<p>De los 12 meses del a\u00f1o hidrol\u00f3gico,<strong> 11 han sido m\u00e1s c\u00e1lidos <\/strong>que el promedio del periodo 1981-2010. \u00danicamente enero tuvo unas temperaturas normales para esas fechas. Y, del resto, no solo han sido m\u00e1s calurosos, sino que han registrado <strong>varios r\u00e9cords de calor<\/strong>. <a href=\"https:\/\/www.elindependientedegranada.es\/ciudadania\/granada-supera-28o-pulveriza-record-historico-temperatura-maxima-enero\">En enero, Granada pulveriz\u00f3 la temperatura m\u00e1xima medida en ese mes<\/a>, con m\u00e1s de 28 grados. Fue el mes de enero m\u00e1s c\u00e1lido desde que hay registros. Y <a href=\"https:\/\/www.elindependientedegranada.es\/ciudadania\/agosto-2024-ha-sido-mayor-temperatura-media-granada-que-hay-mediciones\">agosto tambi\u00e9n fue el de mayor temperatura media de la historia<\/a>\u00a0en ese mes, con 28,5 grados.\u00a0<\/p>\n<p>Para los pr\u00f3ximos tres meses, de octubre a diciembre, Aemet predice temperaturas m\u00e1s altas de las habituales y unas precipitaciones que se situar\u00e1n en torno en el promedio hist\u00f3rico de esos meses.\u00a0<\/p>\n<p><span class=\"autor\"> J. M. M<\/span><\/p>\n<p>FOTO: Embalse de B\u00e9znar, el de mejor estado de la provincia, a m\u00e1s del 80% de su capacidad.<\/p>\n<p>https:\/\/www.elindependientedegranada.es\/ciudadania\/granada-termina-quinto-ano-hidrologico-consecutivo-con-menos-lluvia-lo-normal<\/p>\n<p>&nbsp;<\/p>\n<\/div>\n<div>\n<div id=\"disqus_thread\">\u00a0<\/div>\n<\/div>\n","protected":false},"excerpt":{"rendered":"<p>Se han registrado 348 litros\/m2, casi un 5% menos que el promedio hist\u00f3rico, con precipitaciones&#8230;<\/p>\n","protected":false},"author":1,"featured_media":71585,"comment_status":"closed","ping_status":"closed","sticky":false,"template":"","format":"standard","meta":{"_coblocks_attr":"","_coblocks_dimensions":"","_coblocks_responsive_height":"","_coblocks_accordion_ie_support":"","jetpack_post_was_ever_published":false,"_jetpack_newsletter_access":"","_jetpack_dont_email_post_to_subs":false,"_jetpack_newsletter_tier_id":0,"_jetpack_memberships_contains_paywalled_content":false,"_jetpack_memberships_contains_paid_content":false,"footnotes":"","jetpack_publicize_message":"","jetpack_publicize_feature_enabled":true,"jetpack_social_post_already_shared":true,"jetpack_social_options":{"image_generator_settings":{"template":"highway","default_image_id":0,"enabled":false},"version":2}},"categories":[10781,186,9,44],"tags":[],"class_list":["post-71584","post","type-post","status-publish","format-standard","has-post-thumbnail","hentry","category-granada","category-instituciones","category-medio-ambiente","category-noticias-de-hoy"],"jetpack_publicize_connections":[],"jetpack_featured_media_url":"https:\/\/i0.wp.com\/miradordeatarfe.es\/wp-content\/uploads\/2024\/10\/beznar_1_0.jpg?fit=750%2C422&ssl=1","jetpack_likes_enabled":true,"jetpack_sharing_enabled":true,"_links":{"self":[{"href":"https:\/\/miradordeatarfe.es\/index.php?rest_route=\/wp\/v2\/posts\/71584","targetHints":{"allow":["GET"]}}],"collection":[{"href":"https:\/\/miradordeatarfe.es\/index.php?rest_route=\/wp\/v2\/posts"}],"about":[{"href":"https:\/\/miradordeatarfe.es\/index.php?rest_route=\/wp\/v2\/types\/post"}],"author":[{"embeddable":true,"href":"https:\/\/miradordeatarfe.es\/index.php?rest_route=\/wp\/v2\/users\/1"}],"replies":[{"embeddable":true,"href":"https:\/\/miradordeatarfe.es\/index.php?rest_route=%2Fwp%2Fv2%2Fcomments&post=71584"}],"version-history":[{"count":1,"href":"https:\/\/miradordeatarfe.es\/index.php?rest_route=\/wp\/v2\/posts\/71584\/revisions"}],"predecessor-version":[{"id":71586,"href":"https:\/\/miradordeatarfe.es\/index.php?rest_route=\/wp\/v2\/posts\/71584\/revisions\/71586"}],"wp:featuredmedia":[{"embeddable":true,"href":"https:\/\/miradordeatarfe.es\/index.php?rest_route=\/wp\/v2\/media\/71585"}],"wp:attachment":[{"href":"https:\/\/miradordeatarfe.es\/index.php?rest_route=%2Fwp%2Fv2%2Fmedia&parent=71584"}],"wp:term":[{"taxonomy":"category","embeddable":true,"href":"https:\/\/miradordeatarfe.es\/index.php?rest_route=%2Fwp%2Fv2%2Fcategories&post=71584"},{"taxonomy":"post_tag","embeddable":true,"href":"https:\/\/miradordeatarfe.es\/index.php?rest_route=%2Fwp%2Fv2%2Ftags&post=71584"}],"curies":[{"name":"wp","href":"https:\/\/api.w.org\/{rel}","templated":true}]}}