{"id":71587,"date":"2024-10-04T11:01:45","date_gmt":"2024-10-04T09:01:45","guid":{"rendered":"https:\/\/miradordeatarfe.es\/?p=71587"},"modified":"2024-10-04T15:41:14","modified_gmt":"2024-10-04T13:41:14","slug":"atarfe-bolsa-de-trabajo-en-acidesa","status":"publish","type":"post","link":"https:\/\/miradordeatarfe.es\/?p=71587","title":{"rendered":"ATARFE: BOLSA DE TRABAJO EN ACIDESA"},"content":{"rendered":"<h3 style=\"text-align: justify;\">CONCURSO PARA LA CREACI\u00d3N DE UNA BOLSA DE EMPLEO PARA LA CONTRATACI\u00d3N EN R\u00c9GIMEN DE INTERINIDAD PARA LAS CATEGOR\u00cdAS DE MONITOR\/A UNIDISCIPLINAR DE SALA, RECEPCIONISTA, MANTENIMIENTO Y SOCORRISTA.<\/h3>\n<p style=\"text-align: justify;\">ACIDESA\u00a0 ha creado una bolsa de empleo para la contrataci\u00f3n de monitor\/a unidisciplinar de sala, recepcionistas, personal para el mantenimiento de instalaciones deportivas y socorristas (Grupo profesional 4, Nivel 1 del V Convenio Colectivo Estatal de Instalaciones Deportivas y Gimnasios) para cubrir interinamente vacantes temporales (bajas por incapacidad temporal,<br \/>\nvacaciones, necesidades extraordinarias,\u2026) en la plantilla de personal laboral de la sociedad municipal Atarfe Ciudad Deportiva, S.A o aquellas que por ausencia de su titular corresponda cubrir hasta su reincorporaci\u00f3n.<\/p>\n<p style=\"text-align: justify;\">Tendr\u00e1 una validez de un a\u00f1o contado a partir de la publicaci\u00f3n del resultado final del proceso de selecci\u00f3n y las contrataciones se realizar\u00e1n conforme al orden establecido en el mismo. En cada una de las contrataciones que se realicen se comenzar\u00e1 por el situado en primer lugar continuando en el orden de selecci\u00f3n que resulte del proceso.<\/p>\n<p style=\"text-align: justify;\">Los que resulten contratados por un periodo superior a seis meses, en uno o varios contratos pasar\u00e1n al final de la lista. Los que renuncien a la contrataci\u00f3n ser\u00e1n excluidos de la bolsa de empleo.<br \/>\nAl presente proceso podr\u00e1n concurrir todas las personas interesadas, que re\u00fanan los requisitos que a continuaci\u00f3n de relacionan y presenten solicitud, en el lugar y plazo indicados.<\/p>\n<p style=\"text-align: justify;\">Para ser admitidos en el proceso de selecci\u00f3n, los aspirantes deber\u00e1n reunir los siguientes<\/p>\n<ul style=\"text-align: justify;\">\n<li>a) Tener nacionalidad espa\u00f1ola o la de un estado miembro de la Uni\u00f3n Europea, de conformidad con lo establecido en el art\u00edculo 57 del Texto Refundido del Estatuto B\u00e1sico del Empleado P\u00fablico.<\/li>\n<li>b) Tener dominio de la lengua castellana.<\/li>\n<li>c) Tener cumplidos 16 a\u00f1os de edad y no exceder, en su caso, de la edad m\u00e1xima de jubilaci\u00f3n forzosa.<\/li>\n<li>d) Poseer la capacidad funcional para el desempe\u00f1o de las tareas correspondientes a la plaza convocada.<\/li>\n<li>e) No haber sido separado mediante expediente disciplinario del servicio de cualquiera de las administraciones p\u00fablicas o de los \u00f3rganos constitucionales o estatutarios de las Comunidades Aut\u00f3nomas, ni hallarse en inhabilitaci\u00f3n absoluta o especial para empleos o cargos p\u00fablicos por resoluci\u00f3n judicial, para el acceso al cuerpo o escala de funcionarios, o para ejercer funciones similares a las que se desempe\u00f1aban en el caso de personal laboral, en el que hubiese sido separado o inhabilitado. En el caso de ser nacional de otro estado, no hallarse inhabilitado o en situaci\u00f3n equivalente ni haber sido sometido a sanci\u00f3n disciplinaria que impida, en su estado, en los mismos t\u00e9rminos el acceso al empleado p\u00fablico.<\/li>\n<li>f) Estar en posesi\u00f3n de alguna de las siguientes titulaciones:<br \/>\n<strong>&#8211; Grado en Ciencias de la Actividad F\u00edsica y el Deporte o t\u00edtulo <\/strong><strong>equivalente y t\u00edtulo acreditativo de T\u00e9cnico en primeros auxilios, <\/strong><strong>salvamento y socorrismo acu\u00e1tico.<\/strong><br \/>\n<strong>&#8211; T\u00e9cnico Superior en Actividades F\u00edsicas y Animaci\u00f3n Deportiva o <\/strong><strong>t\u00edtulo equivalente.<\/strong><\/li>\n<\/ul>\n<p style=\"text-align: justify;\">Las solicitudes se presentar\u00e1n en el Registro General del Ayuntamiento de Atarfe o bien a trav\u00e9s de la sede electr\u00f3nica:<a href=\"atarfe.sedelectronica.es\"> atarfe.sedelectronica.es<\/a>, conforme a lo dispuesto en el art\u00edculo 16 de la Ley 39\/2015, de 1 de\u00a0 octubre, del Procedimiento Administrativo Com\u00fan de las Administraciones P\u00fablicas, durante 7 d\u00edas h\u00e1biles, contados a partir del d\u00eda siguiente h\u00e1bil al de la exposici\u00f3n del anuncio en el Tabl\u00f3n de Edictos del Ayuntamiento de Atarfe, en la sede electr\u00f3nica atarfe.sedelectronica.es y en el Tabl\u00f3n de Anuncios de la sociedad municipal Atarfe Ciudad Deportiva, S.A<\/p>\n<p style=\"text-align: justify;\"><strong>Plazo de Presentaci\u00f3n de Documentaci\u00f3n<\/strong><br \/>\nDel 30 de Septiembre al 8 de Octubre de 2024 (Ambos incluidos)<\/p>\n","protected":false},"excerpt":{"rendered":"<p>CONCURSO PARA LA CREACI\u00d3N DE UNA BOLSA DE EMPLEO PARA LA CONTRATACI\u00d3N EN R\u00c9GIMEN DE&#8230;<\/p>\n","protected":false},"author":1,"featured_media":71588,"comment_status":"closed","ping_status":"closed","sticky":false,"template":"","format":"standard","meta":{"_coblocks_attr":"","_coblocks_dimensions":"","_coblocks_responsive_height":"","_coblocks_accordion_ie_support":"","jetpack_post_was_ever_published":false,"_jetpack_newsletter_access":"","_jetpack_dont_email_post_to_subs":false,"_jetpack_newsletter_tier_id":0,"_jetpack_memberships_contains_paywalled_content":false,"_jetpack_memberships_contains_paid_content":false,"footnotes":"","jetpack_publicize_message":"","jetpack_publicize_feature_enabled":true,"jetpack_social_post_already_shared":true,"jetpack_social_options":{"image_generator_settings":{"template":"highway","default_image_id":0,"enabled":false},"version":2}},"categories":[2,1161,186,44],"tags":[],"class_list":["post-71587","post","type-post","status-publish","format-standard","has-post-thumbnail","hentry","category-atarfe","category-ciudadania","category-instituciones","category-noticias-de-hoy"],"jetpack_publicize_connections":[],"jetpack_featured_media_url":"https:\/\/i0.wp.com\/miradordeatarfe.es\/wp-content\/uploads\/2024\/10\/Screenshot-2024-10-03-at-13-13-25-ACIDESA-Atarfe-Ciudad-Deportiva.png?fit=782%2C240&ssl=1","jetpack_likes_enabled":true,"jetpack_sharing_enabled":true,"_links":{"self":[{"href":"https:\/\/miradordeatarfe.es\/index.php?rest_route=\/wp\/v2\/posts\/71587","targetHints":{"allow":["GET"]}}],"collection":[{"href":"https:\/\/miradordeatarfe.es\/index.php?rest_route=\/wp\/v2\/posts"}],"about":[{"href":"https:\/\/miradordeatarfe.es\/index.php?rest_route=\/wp\/v2\/types\/post"}],"author":[{"embeddable":true,"href":"https:\/\/miradordeatarfe.es\/index.php?rest_route=\/wp\/v2\/users\/1"}],"replies":[{"embeddable":true,"href":"https:\/\/miradordeatarfe.es\/index.php?rest_route=%2Fwp%2Fv2%2Fcomments&post=71587"}],"version-history":[{"count":1,"href":"https:\/\/miradordeatarfe.es\/index.php?rest_route=\/wp\/v2\/posts\/71587\/revisions"}],"predecessor-version":[{"id":71589,"href":"https:\/\/miradordeatarfe.es\/index.php?rest_route=\/wp\/v2\/posts\/71587\/revisions\/71589"}],"wp:featuredmedia":[{"embeddable":true,"href":"https:\/\/miradordeatarfe.es\/index.php?rest_route=\/wp\/v2\/media\/71588"}],"wp:attachment":[{"href":"https:\/\/miradordeatarfe.es\/index.php?rest_route=%2Fwp%2Fv2%2Fmedia&parent=71587"}],"wp:term":[{"taxonomy":"category","embeddable":true,"href":"https:\/\/miradordeatarfe.es\/index.php?rest_route=%2Fwp%2Fv2%2Fcategories&post=71587"},{"taxonomy":"post_tag","embeddable":true,"href":"https:\/\/miradordeatarfe.es\/index.php?rest_route=%2Fwp%2Fv2%2Ftags&post=71587"}],"curies":[{"name":"wp","href":"https:\/\/api.w.org\/{rel}","templated":true}]}}