{"id":71593,"date":"2024-10-10T09:32:04","date_gmt":"2024-10-10T07:32:04","guid":{"rendered":"https:\/\/miradordeatarfe.es\/?p=71593"},"modified":"2024-10-03T13:35:35","modified_gmt":"2024-10-03T11:35:35","slug":"el-festival-de-jovenes-realizadores-rendira-tributo-a-los-cineastas-victor-erice-y-jonas-trueba-y-a-la-actriz-natalia-de-molina","status":"publish","type":"post","link":"https:\/\/miradordeatarfe.es\/?p=71593","title":{"rendered":"El Festival de J\u00f3venes Realizadores rendir\u00e1 tributo a los cineastas V\u00edctor Erice y Jon\u00e1s Trueba, y a la actriz Natalia de Molina"},"content":{"rendered":"<div id=\"main\">\n<div class=\"item\">\n<div class=\"cols2-2\">\n<div class=\"colA\">\n<h3 class=\"entrad\" style=\"text-align: justify;\">La int\u00e9rprete, ganadora de dos Goya, recibir\u00e1 el Premio 30 Aniversario en la inauguraci\u00f3n del certamen, que se celebrar\u00e1 del 20 al 26 de octubre.<\/h3>\n<div class=\"cuerpo\" style=\"text-align: justify;\">\n<p>Granada acoger\u00e1, del 20 al 26 de octubre, el Festival J\u00f3venes Realizadores, que celebra su treinta aniversario cargado de propuestas que unen cine y m\u00fasica en directo. Ser\u00e1 una edici\u00f3n muy especial con invitados de honor como los cineastas<strong> V\u00edctor Erice<\/strong> y <strong>Jon\u00e1s Trueba<\/strong>, y la actriz <strong>Natalia de Molina<\/strong>, ganadora de dos Premios Goya, que recibir\u00e1 el Premio 30 Aniversario en la inauguraci\u00f3n del certamen, seg\u00fan ha informado el concejal de Cultura, Juan Ram\u00f3n Ferreira.<\/p>\n<p>La clausura, ha se\u00f1alado el edil, ser\u00e1 un homenaje a Los Ilusos, la productora fundada por Javier Lafuente y Jon\u00e1s Trueba, a los que se har\u00e1 entrega del Premio Sin Fin a su trayectoria. \u201cTodo un ejemplo de independencia y libertad en el panorama del cine espa\u00f1ol\u201d, que clausuraran el festival con su \u00faltima pel\u00edcula, \u2018Volver\u00e9is\u2019.<\/p>\n<p>Organizado por el Ayuntamiento de Granada, la Diputaci\u00f3n y Fundaci\u00f3n AguaGranada, el programa del Festival ha sido presentado este jueves en un acto celebrado en el Patio del Consistorio, en el que tambi\u00e9n han participado Pilar Caracuel, delegada de Cultura de la Diputaci\u00f3n de Granada; Juan Enrique G\u00f3mez, director del departamento de prensa de la Fundaci\u00f3n AguaGranada; Arturo Cid, vocal de Fundaci\u00f3n SGAE; Ra\u00fal Lozano, director ejecutivo de Hammam Al \u00c1ndalus; Poli Servi\u00e1n, coordinadora de la Fundaci\u00f3n Caja Rural; Marina Herv\u00e1s, subdirectora de La Madraza de la UGR, y Antonio Miguel Arenas, director del Festival J\u00f3venes Realizadores.<\/p>\n<h4>5.000 euros en premios<\/h4>\n<p>En esta edici\u00f3n el Festival har\u00e1 entrega de m\u00e1s de 5.000 euros en premios. La convocatoria a concurso cont\u00f3 con 665 inscripciones, de las cuales <strong>41 cortometrajes, mediometrajes y largometrajes<\/strong> han sido seleccionados a concurso. El cartel, obra de la fot\u00f3grafa Sara Espinosa y del dise\u00f1ador Alberto Valero, se inspira en los caballos salvajes que viven en libertad en Sierra Nevada y abre una nueva etapa en la imagen gr\u00e1fica del festival.<\/p>\n<p>La secci\u00f3n oficial se divide en tres categor\u00edas: La Competici\u00f3n Internacional presenta el cine contempor\u00e1neo m\u00e1s destacado, libre de g\u00e9neros y duraci\u00f3n. La Competici\u00f3n Aguaespejo, promovida por Fundaci\u00f3n AguaGranada e inspirada por el cineasta granadino Jos\u00e9 Val del Omar, invita a reflexionar sobre el agua y el medio ambiente. Y por \u00faltimo la Competici\u00f3n Vibraciones, dedicada al cortometraje andaluz m\u00e1s original e innovador, contar\u00e1 por primera vez con premios a los creadores gracias al apoyo de Fundaci\u00f3n SGAE.<\/p>\n<p>Por su parte, la diputada de Cultura y Educaci\u00f3n, Pilar Caracuel\u201d, ha se\u00f1alado que \u201cJ\u00f3venes Realizadores siempre ha sido una prioridad para la Diputaci\u00f3n de Granada, que lo ha estado apoyando y co-organizando desde su primera edici\u00f3n en el a\u00f1o 1994. Nuestra apuesta siempre ha sido firme. Y en esta trig\u00e9sima edici\u00f3n, la instituci\u00f3n provincial ha vuelto a incrementar su aportaci\u00f3n econ\u00f3mica y a facilitar la realizaci\u00f3n de una parte importante de la programaci\u00f3n del festival en su sede del Palacio de los Condes de Gabia\u201d.<\/p>\n<p>La diputada ha anunciado que \u201cla principal novedad de esta trig\u00e9sima edici\u00f3n es la creaci\u00f3n de una nueva secci\u00f3n del Festival denominada <strong>\u201cPantalla Film in Granada\u201d<\/strong>, a propuesta de nuestra oficina de cine que apoya desde hace a\u00f1os a los cineastas granadinos y promociona los rodajes de cine, series y publicidad en nuestra provincia\u201d.\u00a0<\/p>\n<h4>Impulso al cortometraje granadino<\/h4>\n<p>Como novedad, nace Pantalla Film in Granada con el fin de dar un impulso al cortometraje granadino. Una secci\u00f3n fuera de concurso programada desde la oficina de rodajes de Diputaci\u00f3n de Granada, que tiene como misi\u00f3n promocionar la provincia de Granada como escenario de producciones audiovisuales. Completa la presencia granadina en el festival un foco dedicado a los cortometrajes de Jaime Puertas Castillo, que estrena el 31 de octubre en el <strong>Cine Madrigal<\/strong> su \u00f3pera prima, \u2018Historia de pastores\u2019, que adem\u00e1s contar\u00e1 con extensiones en la provincia.<\/p>\n<p>Las sesiones especiales vuelven a convertir el Teatro Isabel la Cat\u00f3lica en un espacio abierto a la experimentaci\u00f3n, fundiendo lenguajes y disciplinas. La artista granadina <strong>Mayte G\u00f3mez Molina<\/strong> -Premio Nacional de Poes\u00eda Joven- presentar\u00e1 el espect\u00e1culo &#8216;Alguien mont\u00f3 mis piezas, carg\u00f3 mi bater\u00eda y se fue\u2019, un recital po\u00e9tico con m\u00fasica en directo de Ylia y un discurso audiovisual en manos de Mupi (Ricardo M\u00e1rquez) y la propia Mayte, con el que ensanchar el espacio de la palabra.<\/p>\n<h4>Estreno de &#8216;Generaci\u00f3n Lagartija&#8217;<\/h4>\n<p>El estreno en Granada del documental \u2018Generaci\u00f3n Lagartija\u2019 es uno de los grandes atractivos de la programaci\u00f3n de este a\u00f1o. Dirigido por C\u00e9sar Mart\u00ednez Herrada, <strong>Lagartija Nick<\/strong> nos transporta a su universo surrealista e innovador, invit\u00e1ndonos a recorrer sus discos conceptuales inspirados por las vanguardias hist\u00f3ricas del siglo XX, de Omega y Enrique Morente al cineasta granadino Jos\u00e9 Val del Omar. A trav\u00e9s de los conciertos de su \u00faltima gira y la poes\u00eda de la Generaci\u00f3n del 27, \u2018Generaci\u00f3n Lagartija\u2019 nos dar\u00e1 a conocer no solo a sus miembros, sino tambi\u00e9n la influencia en su proceso creativo de figuras como Luis Bu\u00f1uel o Federico Garc\u00eda Lorca.<\/p>\n<p>El podcast regresa al festival con un programa especial de <strong>Punzadas Sonoras<\/strong> que contar\u00e1 con la presencia de la cineasta Elena L\u00f3pez Riera, que conversar\u00e1 con In\u00e9s Garc\u00eda y Paula Ducay tras la proyecci\u00f3n de \u2018Las novias del sur\u2019, estrenada en Cannes y San Sebasti\u00e1n. Con la obra de Roland Barthes siempre muy presente, en cada episodio reflexionan con un tono fresco, divertido y riguroso sobre temas que les importan a trav\u00e9s de ficciones, ensayos, cine, arte y filosof\u00eda.<\/p>\n<p>Como cierre al ciclo &#8216;J\u00f3venes centenarios\u2019, realizado en colaboraci\u00f3n con el Cine Club Universitario de La Madraza, que durante el mes de octubre recupera joyas del cine mudo que cumplen 100 a\u00f1os, bajo el proyecto DRAMA la cantante y compositora <strong>Zahara<\/strong> explorar\u00e1 la relaci\u00f3n del techno y la electr\u00f3nica mediante visuales lanzados en directo, a modo de DJ, acompa\u00f1ando la propuesta musical de Mart\u00ed Perarnau IV. Una sesi\u00f3n que pretende revolucionar nuestras ideas preconcebidas sobre la vanguardia sovi\u00e9tica a partir de \u2018La huelga\u2019 (Sergei M. Eisenstein) y \u2018Cine-ojo\u2019 (Dziga Vertov).<\/p>\n<h4>Talleres formativos<\/h4>\n<p>La formaci\u00f3n aumenta su espacio en la programaci\u00f3n del festival, que en verano imparti\u00f3 un taller audiovisual con ni\u00f1os y adolescentes en colaboraci\u00f3n con Fundaci\u00f3n Caja Rural y la Asociaci\u00f3n Almanj\u00e1yar en Familia (ALFA). Adem\u00e1s, la Fundaci\u00f3n SGAE promueve un taller de cine anal\u00f3gico dirigido por la cineasta granadina Roc\u00edo Mesa. Clases magistrales de V\u00edctor Erice -director de \u2018Cerrar los ojos\u2019- Marta Velasco -productora de \u2018Segundo premio\u2019-, la fot\u00f3grafa Manuela Lorente, Barbatos FX y el Encuentro con Realizadores, organizado por la Delegaci\u00f3n de Cultura y Educaci\u00f3n de Diputaci\u00f3n de Granada, que contar\u00e1 con la presencia de Jon\u00e1s Trueba, pondr\u00e1n el broche a una programaci\u00f3n que se despedir\u00e1 en la clausura con \u2018Volver\u00e9is\u2019, la \u00faltima pel\u00edcula del cineasta madrile\u00f1o, premiada en el Festival de Cannes.<\/p>\n<p>Una comedia rom\u00e1ntica protagonizada por Itsaso Arana y Vito Sanz con aires de cine cl\u00e1sico, en la que una pareja toma la decisi\u00f3n de celebrar su separaci\u00f3n. Celebraci\u00f3n que continuar\u00e1 por todo lo alto la noche del s\u00e1bado 26 de octubre con el concierto de Mainline Magic Orchestra en Sala Aliatar. La boyband m\u00e1s surrealista y freaky encabeza el cartel de una fiesta con la que celebrar por todo lo alto el treinta aniversario de uno de los festivales de cine m\u00e1s longevos de Andaluc\u00eda. Las entradas y abonos est\u00e1n a la venta en <a class=\"vglnk\" href=\"http:\/\/redentradas.com\" rel=\"nofollow\">redentradas.com<\/a><\/p>\n<\/div>\n<div class=\"img\" style=\"text-align: justify;\"><strong> <span class=\"autor\"> IndeGranada <\/span><\/strong><\/div>\n<div style=\"text-align: justify;\">\u00a0<\/div>\n<div class=\"txt\">\n<div class=\"firma\" style=\"text-align: justify;\">FOTO: Ayto. Granada. Presentaci\u00f3n del festival.<\/div>\n<div style=\"text-align: justify;\">\u00a0<\/div>\n<\/div>\n<div>https:\/\/www.elindependientedegranada.es\/cultura\/festival-jovenes-realizadores-rendira-tributo-cineastas-victor-erice-jonas-trueba-actriz<\/div>\n<\/div>\n<\/div>\n<\/div>\n<\/div>\n","protected":false},"excerpt":{"rendered":"<p>La int\u00e9rprete, ganadora de dos Goya, recibir\u00e1 el Premio 30 Aniversario en la inauguraci\u00f3n del&#8230;<\/p>\n","protected":false},"author":1,"featured_media":71594,"comment_status":"closed","ping_status":"closed","sticky":false,"template":"","format":"standard","meta":{"_coblocks_attr":"","_coblocks_dimensions":"","_coblocks_responsive_height":"","_coblocks_accordion_ie_support":"","jetpack_post_was_ever_published":false,"_jetpack_newsletter_access":"","_jetpack_dont_email_post_to_subs":false,"_jetpack_newsletter_tier_id":0,"_jetpack_memberships_contains_paywalled_content":false,"_jetpack_memberships_contains_paid_content":false,"footnotes":"","jetpack_publicize_message":"","jetpack_publicize_feature_enabled":true,"jetpack_social_post_already_shared":true,"jetpack_social_options":{"image_generator_settings":{"template":"highway","default_image_id":0,"enabled":false},"version":2}},"categories":[1161,10781,44],"tags":[],"class_list":["post-71593","post","type-post","status-publish","format-standard","has-post-thumbnail","hentry","category-ciudadania","category-granada","category-noticias-de-hoy"],"jetpack_publicize_connections":[],"jetpack_featured_media_url":"https:\/\/i0.wp.com\/miradordeatarfe.es\/wp-content\/uploads\/2024\/10\/whatsapp_image_2024-10-03_at_11.48.09.jpeg?fit=677%2C441&ssl=1","jetpack_likes_enabled":true,"jetpack_sharing_enabled":true,"_links":{"self":[{"href":"https:\/\/miradordeatarfe.es\/index.php?rest_route=\/wp\/v2\/posts\/71593","targetHints":{"allow":["GET"]}}],"collection":[{"href":"https:\/\/miradordeatarfe.es\/index.php?rest_route=\/wp\/v2\/posts"}],"about":[{"href":"https:\/\/miradordeatarfe.es\/index.php?rest_route=\/wp\/v2\/types\/post"}],"author":[{"embeddable":true,"href":"https:\/\/miradordeatarfe.es\/index.php?rest_route=\/wp\/v2\/users\/1"}],"replies":[{"embeddable":true,"href":"https:\/\/miradordeatarfe.es\/index.php?rest_route=%2Fwp%2Fv2%2Fcomments&post=71593"}],"version-history":[{"count":1,"href":"https:\/\/miradordeatarfe.es\/index.php?rest_route=\/wp\/v2\/posts\/71593\/revisions"}],"predecessor-version":[{"id":71595,"href":"https:\/\/miradordeatarfe.es\/index.php?rest_route=\/wp\/v2\/posts\/71593\/revisions\/71595"}],"wp:featuredmedia":[{"embeddable":true,"href":"https:\/\/miradordeatarfe.es\/index.php?rest_route=\/wp\/v2\/media\/71594"}],"wp:attachment":[{"href":"https:\/\/miradordeatarfe.es\/index.php?rest_route=%2Fwp%2Fv2%2Fmedia&parent=71593"}],"wp:term":[{"taxonomy":"category","embeddable":true,"href":"https:\/\/miradordeatarfe.es\/index.php?rest_route=%2Fwp%2Fv2%2Fcategories&post=71593"},{"taxonomy":"post_tag","embeddable":true,"href":"https:\/\/miradordeatarfe.es\/index.php?rest_route=%2Fwp%2Fv2%2Ftags&post=71593"}],"curies":[{"name":"wp","href":"https:\/\/api.w.org\/{rel}","templated":true}]}}