{"id":71596,"date":"2024-10-05T11:00:31","date_gmt":"2024-10-05T09:00:31","guid":{"rendered":"https:\/\/miradordeatarfe.es\/?p=71596"},"modified":"2024-10-05T11:35:42","modified_gmt":"2024-10-05T09:35:42","slug":"atarfe-las-horas-puntas-de-nuestras-lineas-de-autobuses","status":"publish","type":"post","link":"https:\/\/miradordeatarfe.es\/?p=71596","title":{"rendered":"ATARFE: LAS HORAS PUNTAS DE NUESTRAS LINEAS DE AUTOBUSES"},"content":{"rendered":"<h3 style=\"text-align: justify;\">\u00a1Soluci\u00f3n a los problemas de desplazamiento en autob\u00fas metropolitano en horas punta!<\/h3>\n<p style=\"text-align: justify;\">Del trabajo a casa, de casa al trabajo. Y, si hay ni\u00f1os, llevarles y recogerles del colegio. Durante d\u00e9cadas, esta ha sido la columna vertebral de toda reflexi\u00f3n acerca de la movilidad en las ciudades: carreteras, redes de autob\u00fas, metro y ferrocarril, incluso barrios enteros, se han dise\u00f1ado alrededor de estas rutinas diarias. \u201cLa elecci\u00f3n de como vamos al trabajo o vamos a la universidad no solo condiciona decisiones de movilidad, sino que condiciona patrones vitales: d\u00f3nde me compro la casa, a qu\u00e9 colegio llevo a mis hijos, o d\u00f3nde voy a hacer la compra\u201d,<\/p>\n<div class=\"article-segment\" style=\"text-align: justify;\" role=\"presentation\" data-is-logged-in=\"true\" data-thread-urn=\"urn:li:articleSegment:(urn:li:linkedInArticle:7220125765269401601,7220125766766788608)\" data-test-id=\"article-segment\" data-total-count=\"14\" data-tracking-prefix=\"article-ssr-frontend-x-article\">\n<div class=\"md:row pb-6 md:flex\">\n<div class=\"column-article-segment-content md:column md:mb-8\n          md:mr-4 md:w-1\/2 md:flex-1 md:pr-[88px]\"><\/p>\n<div class=\"md:pt-6 \">\n<div class=\"article-segment-content-container\n              \"><\/p>\n<div id=\"content-urn_li_articleSegment__urn_li_linkedInArticle_7220125765269401601_7220125766766788608_\">\n<div class=\"article-main__content\" data-test-id=\"publishing-text-block\">\n<p><span class=\"\">La optimizaci\u00f3n de las rutas de autob\u00fas es una estrategia fundamental en la gesti\u00f3n de autobuses abarrotados. Al <\/span><span class=\"\">analizar los patrones de viaje<\/span><span class=\"\">, puede identificar los puntos de acceso que experimentan constantemente un alto volumen de pasajeros. Cambiar la ruta de los autobuses para distribuir a los pasajeros de manera m\u00e1s uniforme en toda la red puede aliviar la congesti\u00f3n. <\/span><\/p>\n<\/div>\n<\/div>\n<\/div>\n<\/div>\n<\/div>\n<\/div>\n<\/div>\n<p style=\"text-align: justify;\">Atendiendo a las justas demandas que muchos vecinos, sobre la masificaci\u00f3n del servicio de autob\u00fas metropolitano durante las horas punta, la Alcaldesa de Atarfe, Yolanda Fern\u00e1ndez, junto con el Concejal de Movilidad, Jose Gonz\u00e1lez, han mantenido una reuni\u00f3n con el Gerente del Consorcio de Transporte Metropolitano, C\u00e9sar D\u00edaz.<\/p>\n<p style=\"text-align: justify;\">En este encuentro, se han expuesto esta reivindicaci\u00f3n con el objetivo de encontrar una soluci\u00f3n urgente a esta situaci\u00f3n que se ha vuelto insostenible.<\/p>\n<p style=\"text-align: justify;\">Desde el Ayuntameinto de Atarfe recibimos buenas noticias: <strong>el Consorcio de Transportes ha asumido el compromiso de habilitar, de forma inmediata, autobuses de mayor capacidad y reforzar las l\u00edneas afectadas durante las horas punta.<\/strong><\/p>\n","protected":false},"excerpt":{"rendered":"<p>\u00a1Soluci\u00f3n a los problemas de desplazamiento en autob\u00fas metropolitano en horas punta! Del trabajo a&#8230;<\/p>\n","protected":false},"author":1,"featured_media":71598,"comment_status":"closed","ping_status":"closed","sticky":false,"template":"","format":"standard","meta":{"_coblocks_attr":"","_coblocks_dimensions":"","_coblocks_responsive_height":"","_coblocks_accordion_ie_support":"","jetpack_post_was_ever_published":false,"_jetpack_newsletter_access":"","_jetpack_dont_email_post_to_subs":false,"_jetpack_newsletter_tier_id":0,"_jetpack_memberships_contains_paywalled_content":false,"_jetpack_memberships_contains_paid_content":false,"footnotes":"","jetpack_publicize_message":"","jetpack_publicize_feature_enabled":true,"jetpack_social_post_already_shared":true,"jetpack_social_options":{"image_generator_settings":{"template":"highway","default_image_id":0,"enabled":false},"version":2}},"categories":[6916,1161,44],"tags":[],"class_list":["post-71596","post","type-post","status-publish","format-standard","has-post-thumbnail","hentry","category-ayuntamiento-de-atarfe","category-ciudadania","category-noticias-de-hoy"],"jetpack_publicize_connections":[],"jetpack_featured_media_url":"https:\/\/i0.wp.com\/miradordeatarfe.es\/wp-content\/uploads\/2024\/10\/Imagen-de-WhatsApp-2024-10-03-a-las-13.34.37_f5865415.jpg?fit=960%2C1280&ssl=1","jetpack_likes_enabled":true,"jetpack_sharing_enabled":true,"_links":{"self":[{"href":"https:\/\/miradordeatarfe.es\/index.php?rest_route=\/wp\/v2\/posts\/71596","targetHints":{"allow":["GET"]}}],"collection":[{"href":"https:\/\/miradordeatarfe.es\/index.php?rest_route=\/wp\/v2\/posts"}],"about":[{"href":"https:\/\/miradordeatarfe.es\/index.php?rest_route=\/wp\/v2\/types\/post"}],"author":[{"embeddable":true,"href":"https:\/\/miradordeatarfe.es\/index.php?rest_route=\/wp\/v2\/users\/1"}],"replies":[{"embeddable":true,"href":"https:\/\/miradordeatarfe.es\/index.php?rest_route=%2Fwp%2Fv2%2Fcomments&post=71596"}],"version-history":[{"count":4,"href":"https:\/\/miradordeatarfe.es\/index.php?rest_route=\/wp\/v2\/posts\/71596\/revisions"}],"predecessor-version":[{"id":71642,"href":"https:\/\/miradordeatarfe.es\/index.php?rest_route=\/wp\/v2\/posts\/71596\/revisions\/71642"}],"wp:featuredmedia":[{"embeddable":true,"href":"https:\/\/miradordeatarfe.es\/index.php?rest_route=\/wp\/v2\/media\/71598"}],"wp:attachment":[{"href":"https:\/\/miradordeatarfe.es\/index.php?rest_route=%2Fwp%2Fv2%2Fmedia&parent=71596"}],"wp:term":[{"taxonomy":"category","embeddable":true,"href":"https:\/\/miradordeatarfe.es\/index.php?rest_route=%2Fwp%2Fv2%2Fcategories&post=71596"},{"taxonomy":"post_tag","embeddable":true,"href":"https:\/\/miradordeatarfe.es\/index.php?rest_route=%2Fwp%2Fv2%2Ftags&post=71596"}],"curies":[{"name":"wp","href":"https:\/\/api.w.org\/{rel}","templated":true}]}}