{"id":71601,"date":"2024-10-05T11:22:00","date_gmt":"2024-10-05T09:22:00","guid":{"rendered":"https:\/\/miradordeatarfe.es\/?p=71601"},"modified":"2024-10-05T11:31:25","modified_gmt":"2024-10-05T09:31:25","slug":"el-club-de-buceo-de-atarfe-expone-en-el-centro-cultural","status":"publish","type":"post","link":"https:\/\/miradordeatarfe.es\/?p=71601","title":{"rendered":"EL CLUB DE BUCEO DE ATARFE EXPONE EN EL CENTRO CULTURAL"},"content":{"rendered":"<h3 style=\"text-align: left;\">Del 4 de Octubre\u00a0 al 27 en la sala de Exposiciones del Centro Cultural Medina Elvira de Atarfe David Ballesteros, Antonio Puertas Manzano, Jos\u00e9 Antonio Garc\u00eda Costela y Francisco Manuel Andreu P\u00e9rez podremos disfrutar de sus magn\u00edficas fotograf\u00edas marinas<\/h3>\n<p style=\"text-align: left;\">El Club de Buceo de Atarfe\u00a0 se funda en 2005 y desde entonces hasta la actualidad no ha parado de realizar\u00a0 actividades\u00a0 relacionadas con la fotograf\u00eda submarina, la divulgaci\u00f3n y preservaci\u00f3n del mundo marino. Club fundado en ATARFE el 3 de Septiembre de 2.005 y con ESTATUTOS registrados oficialmente y aprobados de conformidad con lo dispuesto en el decreto 7\/2000 , de 24 de Enero , por la Direcci\u00f3n General de Actividades Deportivas , e inscrito en el Registro Andaluz de Entidades deportivas , con fecha 20 de Enero de 2.006 y n\u00ba 14225.En nuestros inicios el club comenz\u00f3 con 9 socios,\u00a0 actualmente son 8 socios y adem\u00e1s hemos conseguido cambiar de sede , en el a\u00f1o de historia que tiene el club hemos realizado 30 bautizos un curso de Buceador Una Estrella para tres alumnos y un curso de Buceador Dos Estrellas para otros tantos<\/p>\n<p style=\"text-align: left;\"><span style=\"font-size: large;\"><i><b>LOS FOT\u00d3GRAFOS QUE EXPONEN SON:<\/b><\/i><\/span><\/p>\n<ol style=\"text-align: left;\">\n<li><b>Antonio Puertas. <\/b>Profesor de Biolog\u00eda , se inicia en el buceo con botella en 2012 y tras probar la fotograf\u00eda submarina casi de inmediato, ya no puede sumergirse sin una c\u00e1mara en la mano<\/li>\n<li>\n<p><b>Jos\u00e9 Antonio Garc\u00eda Costela <\/b>que obtuvo su primer t\u00edtulo de Buceo en 1996 en la Armada . Se inici\u00f3 como fotosub en 2008 y es dese 2012 instructor de buceo<b>.<\/b><\/p>\n<\/li>\n<li>\n<p><b>David Ballesteros. <\/b>Obtiene su titulo de Open Water en 2010 y avanzado en 2011 y deseew entonces no ha parado de cosechar \u00e9xitos en fotosub, En la actualidad el buceo y la fotograf\u00eda submarina es su mayor afici\u00f3n<b>.<\/b><\/p>\n<\/li>\n<li>\n<p><b>Francisco Manuel Andreu P\u00e9rez <\/b>consigui\u00f3 su primer t\u00edtulo de buceo en 1999. Dive Master desde 2016, apasionado por el mar, se inici\u00f3 en la fotograf\u00eda submarina all\u00e1 por 2005<\/p>\n<\/li>\n<\/ol>\n<p style=\"text-align: left;\">Se realizan <strong>visitas guiadas por la ma\u00f1ana, los lunes de 10h. a 12h. y martes de 12 a 14h<\/strong> par los centros educativos mientras dure la exposici\u00f3n\u00a0<\/p>\n<p style=\"text-align: left;\">Numero de whatsapp para reserva: <strong>617535370<\/strong>.<\/p>\n<p>ALGUNAS FOTOS DE LA EXPOSICI\u00d3N:<\/p>\n<p><a href=\"https:\/\/i0.wp.com\/miradordeatarfe.es\/wp-content\/uploads\/2024\/10\/IMG20241004193749-scaled.jpg?ssl=1\"><img data-recalc-dims=\"1\" loading=\"lazy\" decoding=\"async\" class=\"alignnone size-medium wp-image-71635\" src=\"https:\/\/i0.wp.com\/miradordeatarfe.es\/wp-content\/uploads\/2024\/10\/IMG20241004193749.jpg?resize=300%2C231&#038;ssl=1\" alt=\"\" width=\"300\" height=\"231\" srcset=\"https:\/\/i0.wp.com\/miradordeatarfe.es\/wp-content\/uploads\/2024\/10\/IMG20241004193749-scaled.jpg?resize=300%2C231&amp;ssl=1 300w, https:\/\/i0.wp.com\/miradordeatarfe.es\/wp-content\/uploads\/2024\/10\/IMG20241004193749-scaled.jpg?resize=1024%2C789&amp;ssl=1 1024w, https:\/\/i0.wp.com\/miradordeatarfe.es\/wp-content\/uploads\/2024\/10\/IMG20241004193749-scaled.jpg?resize=768%2C591&amp;ssl=1 768w, https:\/\/i0.wp.com\/miradordeatarfe.es\/wp-content\/uploads\/2024\/10\/IMG20241004193749-scaled.jpg?resize=1536%2C1183&amp;ssl=1 1536w, https:\/\/i0.wp.com\/miradordeatarfe.es\/wp-content\/uploads\/2024\/10\/IMG20241004193749-scaled.jpg?resize=2048%2C1577&amp;ssl=1 2048w, https:\/\/i0.wp.com\/miradordeatarfe.es\/wp-content\/uploads\/2024\/10\/IMG20241004193749-scaled.jpg?resize=1320%2C1017&amp;ssl=1 1320w, https:\/\/i0.wp.com\/miradordeatarfe.es\/wp-content\/uploads\/2024\/10\/IMG20241004193749-scaled.jpg?w=1920&amp;ssl=1 1920w\" sizes=\"auto, (max-width: 300px) 100vw, 300px\" \/><\/a> <a href=\"https:\/\/i0.wp.com\/miradordeatarfe.es\/wp-content\/uploads\/2024\/10\/IMG20241004193552-scaled.jpg?ssl=1\"><img data-recalc-dims=\"1\" loading=\"lazy\" decoding=\"async\" class=\"alignnone size-medium wp-image-71636\" src=\"https:\/\/i0.wp.com\/miradordeatarfe.es\/wp-content\/uploads\/2024\/10\/IMG20241004193552.jpg?resize=240%2C300&#038;ssl=1\" alt=\"\" width=\"240\" height=\"300\" srcset=\"https:\/\/i0.wp.com\/miradordeatarfe.es\/wp-content\/uploads\/2024\/10\/IMG20241004193552-scaled.jpg?resize=240%2C300&amp;ssl=1 240w, https:\/\/i0.wp.com\/miradordeatarfe.es\/wp-content\/uploads\/2024\/10\/IMG20241004193552-scaled.jpg?resize=819%2C1024&amp;ssl=1 819w, https:\/\/i0.wp.com\/miradordeatarfe.es\/wp-content\/uploads\/2024\/10\/IMG20241004193552-scaled.jpg?resize=768%2C960&amp;ssl=1 768w, https:\/\/i0.wp.com\/miradordeatarfe.es\/wp-content\/uploads\/2024\/10\/IMG20241004193552-scaled.jpg?resize=1229%2C1536&amp;ssl=1 1229w, https:\/\/i0.wp.com\/miradordeatarfe.es\/wp-content\/uploads\/2024\/10\/IMG20241004193552-scaled.jpg?resize=1638%2C2048&amp;ssl=1 1638w, https:\/\/i0.wp.com\/miradordeatarfe.es\/wp-content\/uploads\/2024\/10\/IMG20241004193552-scaled.jpg?resize=1024%2C1280&amp;ssl=1 1024w, https:\/\/i0.wp.com\/miradordeatarfe.es\/wp-content\/uploads\/2024\/10\/IMG20241004193552-scaled.jpg?resize=1320%2C1650&amp;ssl=1 1320w, https:\/\/i0.wp.com\/miradordeatarfe.es\/wp-content\/uploads\/2024\/10\/IMG20241004193552-scaled.jpg?w=2048&amp;ssl=1 2048w, https:\/\/i0.wp.com\/miradordeatarfe.es\/wp-content\/uploads\/2024\/10\/IMG20241004193552-scaled.jpg?w=1920&amp;ssl=1 1920w\" sizes=\"auto, (max-width: 240px) 100vw, 240px\" \/><\/a> <a href=\"https:\/\/i0.wp.com\/miradordeatarfe.es\/wp-content\/uploads\/2024\/10\/IMG20241004193520-scaled.jpg?ssl=1\"><img data-recalc-dims=\"1\" loading=\"lazy\" decoding=\"async\" class=\"alignnone size-medium wp-image-71637\" src=\"https:\/\/i0.wp.com\/miradordeatarfe.es\/wp-content\/uploads\/2024\/10\/IMG20241004193520.jpg?resize=300%2C230&#038;ssl=1\" alt=\"\" width=\"300\" height=\"230\" srcset=\"https:\/\/i0.wp.com\/miradordeatarfe.es\/wp-content\/uploads\/2024\/10\/IMG20241004193520-scaled.jpg?resize=300%2C230&amp;ssl=1 300w, https:\/\/i0.wp.com\/miradordeatarfe.es\/wp-content\/uploads\/2024\/10\/IMG20241004193520-scaled.jpg?resize=1024%2C784&amp;ssl=1 1024w, https:\/\/i0.wp.com\/miradordeatarfe.es\/wp-content\/uploads\/2024\/10\/IMG20241004193520-scaled.jpg?resize=768%2C588&amp;ssl=1 768w, https:\/\/i0.wp.com\/miradordeatarfe.es\/wp-content\/uploads\/2024\/10\/IMG20241004193520-scaled.jpg?resize=1536%2C1176&amp;ssl=1 1536w, https:\/\/i0.wp.com\/miradordeatarfe.es\/wp-content\/uploads\/2024\/10\/IMG20241004193520-scaled.jpg?resize=2048%2C1568&amp;ssl=1 2048w, https:\/\/i0.wp.com\/miradordeatarfe.es\/wp-content\/uploads\/2024\/10\/IMG20241004193520-scaled.jpg?resize=1320%2C1011&amp;ssl=1 1320w, https:\/\/i0.wp.com\/miradordeatarfe.es\/wp-content\/uploads\/2024\/10\/IMG20241004193520-scaled.jpg?w=1920&amp;ssl=1 1920w\" sizes=\"auto, (max-width: 300px) 100vw, 300px\" \/><\/a> <a href=\"https:\/\/i0.wp.com\/miradordeatarfe.es\/wp-content\/uploads\/2024\/10\/IMG20241004193639-scaled.jpg?ssl=1\"><img data-recalc-dims=\"1\" loading=\"lazy\" decoding=\"async\" class=\"alignnone size-medium wp-image-71638\" src=\"https:\/\/i0.wp.com\/miradordeatarfe.es\/wp-content\/uploads\/2024\/10\/IMG20241004193639.jpg?resize=300%2C222&#038;ssl=1\" alt=\"\" width=\"300\" height=\"222\" srcset=\"https:\/\/i0.wp.com\/miradordeatarfe.es\/wp-content\/uploads\/2024\/10\/IMG20241004193639-scaled.jpg?resize=300%2C222&amp;ssl=1 300w, https:\/\/i0.wp.com\/miradordeatarfe.es\/wp-content\/uploads\/2024\/10\/IMG20241004193639-scaled.jpg?resize=1024%2C757&amp;ssl=1 1024w, https:\/\/i0.wp.com\/miradordeatarfe.es\/wp-content\/uploads\/2024\/10\/IMG20241004193639-scaled.jpg?resize=768%2C568&amp;ssl=1 768w, https:\/\/i0.wp.com\/miradordeatarfe.es\/wp-content\/uploads\/2024\/10\/IMG20241004193639-scaled.jpg?resize=1536%2C1136&amp;ssl=1 1536w, https:\/\/i0.wp.com\/miradordeatarfe.es\/wp-content\/uploads\/2024\/10\/IMG20241004193639-scaled.jpg?resize=2048%2C1514&amp;ssl=1 2048w, https:\/\/i0.wp.com\/miradordeatarfe.es\/wp-content\/uploads\/2024\/10\/IMG20241004193639-scaled.jpg?resize=1320%2C976&amp;ssl=1 1320w, https:\/\/i0.wp.com\/miradordeatarfe.es\/wp-content\/uploads\/2024\/10\/IMG20241004193639-scaled.jpg?w=1920&amp;ssl=1 1920w\" sizes=\"auto, (max-width: 300px) 100vw, 300px\" \/><\/a> <a href=\"https:\/\/i0.wp.com\/miradordeatarfe.es\/wp-content\/uploads\/2024\/10\/IMG20241004193830-scaled.jpg?ssl=1\"><img data-recalc-dims=\"1\" loading=\"lazy\" decoding=\"async\" class=\"alignnone wp-image-71639 size-large\" src=\"https:\/\/i0.wp.com\/miradordeatarfe.es\/wp-content\/uploads\/2024\/10\/IMG20241004193830.jpg?resize=640%2C482&#038;ssl=1\" alt=\"\" width=\"640\" height=\"482\" srcset=\"https:\/\/i0.wp.com\/miradordeatarfe.es\/wp-content\/uploads\/2024\/10\/IMG20241004193830-scaled.jpg?resize=1024%2C771&amp;ssl=1 1024w, https:\/\/i0.wp.com\/miradordeatarfe.es\/wp-content\/uploads\/2024\/10\/IMG20241004193830-scaled.jpg?resize=300%2C226&amp;ssl=1 300w, https:\/\/i0.wp.com\/miradordeatarfe.es\/wp-content\/uploads\/2024\/10\/IMG20241004193830-scaled.jpg?resize=768%2C578&amp;ssl=1 768w, https:\/\/i0.wp.com\/miradordeatarfe.es\/wp-content\/uploads\/2024\/10\/IMG20241004193830-scaled.jpg?resize=1536%2C1157&amp;ssl=1 1536w, https:\/\/i0.wp.com\/miradordeatarfe.es\/wp-content\/uploads\/2024\/10\/IMG20241004193830-scaled.jpg?resize=2048%2C1542&amp;ssl=1 2048w, https:\/\/i0.wp.com\/miradordeatarfe.es\/wp-content\/uploads\/2024\/10\/IMG20241004193830-scaled.jpg?resize=1320%2C994&amp;ssl=1 1320w, https:\/\/i0.wp.com\/miradordeatarfe.es\/wp-content\/uploads\/2024\/10\/IMG20241004193830-scaled.jpg?w=1920&amp;ssl=1 1920w\" sizes=\"auto, (max-width: 640px) 100vw, 640px\" \/><\/a><\/p>\n<p>&nbsp;<\/p>\n<p style=\"text-align: left;\"><a href=\"https:\/\/i0.wp.com\/miradordeatarfe.es\/wp-content\/uploads\/2024\/10\/web-2512.jpg?ssl=1\"><img data-recalc-dims=\"1\" loading=\"lazy\" decoding=\"async\" class=\"alignnone wp-image-71603 \" src=\"https:\/\/i0.wp.com\/miradordeatarfe.es\/wp-content\/uploads\/2024\/10\/web-2512.jpg?resize=640%2C906&#038;ssl=1\" alt=\"\" width=\"640\" height=\"906\" srcset=\"https:\/\/i0.wp.com\/miradordeatarfe.es\/wp-content\/uploads\/2024\/10\/web-2512.jpg?w=600&amp;ssl=1 600w, https:\/\/i0.wp.com\/miradordeatarfe.es\/wp-content\/uploads\/2024\/10\/web-2512.jpg?resize=212%2C300&amp;ssl=1 212w\" sizes=\"auto, (max-width: 640px) 100vw, 640px\" \/><\/a><\/p>\n","protected":false},"excerpt":{"rendered":"<p>Del 4 de Octubre\u00a0 al 27 en la sala de Exposiciones del Centro Cultural Medina&#8230;<\/p>\n","protected":false},"author":1,"featured_media":71605,"comment_status":"closed","ping_status":"closed","sticky":false,"template":"","format":"standard","meta":{"_coblocks_attr":"","_coblocks_dimensions":"","_coblocks_responsive_height":"","_coblocks_accordion_ie_support":"","jetpack_post_was_ever_published":false,"_jetpack_newsletter_access":"","_jetpack_dont_email_post_to_subs":false,"_jetpack_newsletter_tier_id":0,"_jetpack_memberships_contains_paywalled_content":false,"_jetpack_memberships_contains_paid_content":false,"footnotes":"","jetpack_publicize_message":"","jetpack_publicize_feature_enabled":true,"jetpack_social_post_already_shared":true,"jetpack_social_options":{"image_generator_settings":{"template":"highway","default_image_id":0,"enabled":false},"version":2}},"categories":[12,186,44],"tags":[],"class_list":["post-71601","post","type-post","status-publish","format-standard","has-post-thumbnail","hentry","category-cultura","category-instituciones","category-noticias-de-hoy"],"jetpack_publicize_connections":[],"jetpack_featured_media_url":"https:\/\/i0.wp.com\/miradordeatarfe.es\/wp-content\/uploads\/2024\/10\/Captura20241004120455.png?fit=316%2C211&ssl=1","jetpack_likes_enabled":true,"jetpack_sharing_enabled":true,"_links":{"self":[{"href":"https:\/\/miradordeatarfe.es\/index.php?rest_route=\/wp\/v2\/posts\/71601","targetHints":{"allow":["GET"]}}],"collection":[{"href":"https:\/\/miradordeatarfe.es\/index.php?rest_route=\/wp\/v2\/posts"}],"about":[{"href":"https:\/\/miradordeatarfe.es\/index.php?rest_route=\/wp\/v2\/types\/post"}],"author":[{"embeddable":true,"href":"https:\/\/miradordeatarfe.es\/index.php?rest_route=\/wp\/v2\/users\/1"}],"replies":[{"embeddable":true,"href":"https:\/\/miradordeatarfe.es\/index.php?rest_route=%2Fwp%2Fv2%2Fcomments&post=71601"}],"version-history":[{"count":6,"href":"https:\/\/miradordeatarfe.es\/index.php?rest_route=\/wp\/v2\/posts\/71601\/revisions"}],"predecessor-version":[{"id":71640,"href":"https:\/\/miradordeatarfe.es\/index.php?rest_route=\/wp\/v2\/posts\/71601\/revisions\/71640"}],"wp:featuredmedia":[{"embeddable":true,"href":"https:\/\/miradordeatarfe.es\/index.php?rest_route=\/wp\/v2\/media\/71605"}],"wp:attachment":[{"href":"https:\/\/miradordeatarfe.es\/index.php?rest_route=%2Fwp%2Fv2%2Fmedia&parent=71601"}],"wp:term":[{"taxonomy":"category","embeddable":true,"href":"https:\/\/miradordeatarfe.es\/index.php?rest_route=%2Fwp%2Fv2%2Fcategories&post=71601"},{"taxonomy":"post_tag","embeddable":true,"href":"https:\/\/miradordeatarfe.es\/index.php?rest_route=%2Fwp%2Fv2%2Ftags&post=71601"}],"curies":[{"name":"wp","href":"https:\/\/api.w.org\/{rel}","templated":true}]}}