{"id":71609,"date":"2024-10-06T11:00:28","date_gmt":"2024-10-06T09:00:28","guid":{"rendered":"https:\/\/miradordeatarfe.es\/?p=71609"},"modified":"2024-10-04T13:04:08","modified_gmt":"2024-10-04T11:04:08","slug":"atarfe-viaje-a-ronda-y-setenil-de-las-bodegas-para-mayores-de-65-anos","status":"publish","type":"post","link":"https:\/\/miradordeatarfe.es\/?p=71609","title":{"rendered":"ATARFE: \u00a1Viaje a Ronda y Setenil de las Bodegas para mayores de 65 a\u00f1os!"},"content":{"rendered":"<h3>Organiza la Concejal\u00eda de Bienestar Social. Descubre la belleza de estas dos ciudades en una jornada llena de grandes momentos.<\/h3>\n<p><strong>\u00a0Viernes, 18 de octubre<\/strong><br \/>\n<strong>\u00a0Salida: 8:30 desde el Centro Cultural Medina Elvira<\/strong><br \/>\n<strong>\u00a0Regreso: 21:30, aproximadamente<\/strong><br \/>\n<strong>\u00a0Precio: 25 euros por persona (no reembolsable)<\/strong><\/p>\n<p>Incluye:<\/p>\n<p>&#x2705; Transporte <br \/>\n&#x2705; Seguro de viaje<br \/>\n&#x2705; Visita guiada por Ronda <br \/>\n&#x2705; Almuerzo en Restaurante Casa Ver\u00f3nica <br \/>\n&#x2705; Visita guiada por Setenil de las Bodegas<\/p>\n<p>\u00a0Actividad Opcional: Visita a la Plaza de Toros de Ronda por 9 euros extra por persona.<\/p>\n<p><strong>INSCR\u00cdBETE EN EL CENTRO C\u00cdVICO A PARTIR DEL LUNES,<em><strong> 7 D<\/strong>E OCTUBRE, A LAS 10:00H.<\/em><\/strong><\/p>\n<p>Las personas interesadas en asistir, s\u00f3lo podr\u00e1n reservar 2 plazas, es decir, la suya y la de un\/una acompa\u00f1ante.<\/p>\n<p>&#8211; Para la inscripci\u00f3n ser\u00e1 necesaria la presentaci\u00f3n del DNI en formato f\u00edsico.<br \/>\n&#8211; No se realizar\u00e1n inscripciones por v\u00eda telef\u00f3nica, s\u00f3lo ser\u00e1 v\u00e1lida la inscripci\u00f3n presencial.<br \/>\n&#8211; Las personas beneficiarias del \u00faltimo viaje organizado, podr\u00e1n inscribirse en el siguiente, pero pasar\u00e1n a una lista de reserva, teniendo preferencia aquellas personas que no hayan sido beneficiarias del viaje inmediatamente anterior.<\/p>\n<p>\u00a1PLAZAS LIMITADAS!<\/p>\n<p><a href=\"https:\/\/i0.wp.com\/miradordeatarfe.es\/wp-content\/uploads\/2024\/10\/Imagen-de-WhatsApp-2024-10-04-a-las-10.56.40_5e530afe.jpg?ssl=1\"><img data-recalc-dims=\"1\" loading=\"lazy\" decoding=\"async\" class=\"alignnone wp-image-71610 \" src=\"https:\/\/i0.wp.com\/miradordeatarfe.es\/wp-content\/uploads\/2024\/10\/Imagen-de-WhatsApp-2024-10-04-a-las-10.56.40_5e530afe.jpg?resize=640%2C905&#038;ssl=1\" alt=\"\" width=\"640\" height=\"905\" srcset=\"https:\/\/i0.wp.com\/miradordeatarfe.es\/wp-content\/uploads\/2024\/10\/Imagen-de-WhatsApp-2024-10-04-a-las-10.56.40_5e530afe.jpg?w=600&amp;ssl=1 600w, https:\/\/i0.wp.com\/miradordeatarfe.es\/wp-content\/uploads\/2024\/10\/Imagen-de-WhatsApp-2024-10-04-a-las-10.56.40_5e530afe.jpg?resize=212%2C300&amp;ssl=1 212w\" sizes=\"auto, (max-width: 640px) 100vw, 640px\" \/><\/a><\/p>\n","protected":false},"excerpt":{"rendered":"<p>Organiza la Concejal\u00eda de Bienestar Social. Descubre la belleza de estas dos ciudades en una&#8230;<\/p>\n","protected":false},"author":1,"featured_media":71611,"comment_status":"closed","ping_status":"closed","sticky":false,"template":"","format":"standard","meta":{"_coblocks_attr":"","_coblocks_dimensions":"","_coblocks_responsive_height":"","_coblocks_accordion_ie_support":"","jetpack_post_was_ever_published":false,"_jetpack_newsletter_access":"","_jetpack_dont_email_post_to_subs":false,"_jetpack_newsletter_tier_id":0,"_jetpack_memberships_contains_paywalled_content":false,"_jetpack_memberships_contains_paid_content":false,"footnotes":"","jetpack_publicize_message":"","jetpack_publicize_feature_enabled":true,"jetpack_social_post_already_shared":true,"jetpack_social_options":{"image_generator_settings":{"template":"highway","default_image_id":0,"enabled":false},"version":2}},"categories":[12,6916,44],"tags":[],"class_list":["post-71609","post","type-post","status-publish","format-standard","has-post-thumbnail","hentry","category-cultura","category-ayuntamiento-de-atarfe","category-noticias-de-hoy"],"jetpack_publicize_connections":[],"jetpack_featured_media_url":"https:\/\/i0.wp.com\/miradordeatarfe.es\/wp-content\/uploads\/2024\/10\/SETENIL.jpeg?fit=270%2C180&ssl=1","jetpack_likes_enabled":true,"jetpack_sharing_enabled":true,"_links":{"self":[{"href":"https:\/\/miradordeatarfe.es\/index.php?rest_route=\/wp\/v2\/posts\/71609","targetHints":{"allow":["GET"]}}],"collection":[{"href":"https:\/\/miradordeatarfe.es\/index.php?rest_route=\/wp\/v2\/posts"}],"about":[{"href":"https:\/\/miradordeatarfe.es\/index.php?rest_route=\/wp\/v2\/types\/post"}],"author":[{"embeddable":true,"href":"https:\/\/miradordeatarfe.es\/index.php?rest_route=\/wp\/v2\/users\/1"}],"replies":[{"embeddable":true,"href":"https:\/\/miradordeatarfe.es\/index.php?rest_route=%2Fwp%2Fv2%2Fcomments&post=71609"}],"version-history":[{"count":2,"href":"https:\/\/miradordeatarfe.es\/index.php?rest_route=\/wp\/v2\/posts\/71609\/revisions"}],"predecessor-version":[{"id":71613,"href":"https:\/\/miradordeatarfe.es\/index.php?rest_route=\/wp\/v2\/posts\/71609\/revisions\/71613"}],"wp:featuredmedia":[{"embeddable":true,"href":"https:\/\/miradordeatarfe.es\/index.php?rest_route=\/wp\/v2\/media\/71611"}],"wp:attachment":[{"href":"https:\/\/miradordeatarfe.es\/index.php?rest_route=%2Fwp%2Fv2%2Fmedia&parent=71609"}],"wp:term":[{"taxonomy":"category","embeddable":true,"href":"https:\/\/miradordeatarfe.es\/index.php?rest_route=%2Fwp%2Fv2%2Fcategories&post=71609"},{"taxonomy":"post_tag","embeddable":true,"href":"https:\/\/miradordeatarfe.es\/index.php?rest_route=%2Fwp%2Fv2%2Ftags&post=71609"}],"curies":[{"name":"wp","href":"https:\/\/api.w.org\/{rel}","templated":true}]}}