{"id":71614,"date":"2024-10-07T08:20:17","date_gmt":"2024-10-07T06:20:17","guid":{"rendered":"https:\/\/miradordeatarfe.es\/?p=71614"},"modified":"2024-10-04T13:23:06","modified_gmt":"2024-10-04T11:23:06","slug":"la-vulgaridad-un-respeto","status":"publish","type":"post","link":"https:\/\/miradordeatarfe.es\/?p=71614","title":{"rendered":"La vulgaridad, un respeto"},"content":{"rendered":"<section class=\"et-especial-precontent et-fx et-fx--hide-ty et-fx--show-scroll et-fx--loaded\">\n<h3 class=\"et-especial-precontent__entradilla\">El fil\u00f3sofo Javier Gom\u00e1 sostiene que la vulgaridad es la hija fea de dos padres estupendos, la libertad y la igualdad. En la era del ch\u00e1ndal, el reguet\u00f3n y las sandalias con calcetines, \u00bfmerece un respeto lo vulgar?<\/h3>\n<\/section>\n<section class=\"et-especial-blocks\">\n<p class=\"wp-block-p et-fx et-fx--show-scroll et-fx--hide-ty et-fx--loaded\">Calcetines blancos de deporte enfundados en chanclas, zapatillas de piscina o zapatos acharolados; ch\u00e1ndal como uniforme lib\u00e9rrimo, distintivo del anarquismo est\u00e9tico; cadenas de bisuter\u00eda con eslabones del tama\u00f1o de cerezas adornando el torso entre camisas desabotonadas; obviedades proclamadas como salmos, <strong>la palabra zafia por bandera<\/strong>, pantalones rotos y ca\u00eddos que dejan ver ropa interior de marca (falsificada); tintes de pelo tan asim\u00e9tricos como descoloridos; <a href=\"https:\/\/ethic.es\/2022\/05\/y-si-el-tatuaje-ya-no-significa-nada\/\" target=\"_blank\" rel=\"noreferrer noopener\">tatuajes<\/a> en serie que no eval\u00faan c\u00f3mo lucir\u00e1n cuando los nombres a los que se ha entregado un pedazo de piel sean reemplazados por otros\u2026<\/p>\n<p class=\"wp-block-p et-fx et-fx--show-scroll et-fx--hide-ty et-fx--loaded\"><strong>Lo vulgar campa hoy en d\u00eda en la calle, pero tambi\u00e9n en el estamento pol\u00edtico<\/strong> (\u00abme gusta la fruta\u00bb), en los iconos musicales, cinematogr\u00e1ficos, en\u00a0<em>youtubers<\/em>,\u00a0<em>influencers\u00a0<\/em>y, en definitiva, entre famosos de toda ralea. Casas reales incluidas (recordemos las cejas te\u00f1idas de rosa de una Grande de Espa\u00f1a). Mancha, vulgaridad, fe\u00edsmo, chabacaner\u00eda. La baratija ha sustituido a la elegancia. Impera el estilo\u00a0poligonero, macarra.\u00a0<em>Hasta luego, MariCarmen<\/em>.<\/p>\n<p class=\"wp-block-p et-fx et-fx--show-scroll et-fx--hide-ty et-fx--loaded\">La Bruja Aver\u00eda ya lo advirti\u00f3: \u00ab\u00a1La basura es cultura! \u00a1La cultura es basura! Por Vidic\u00f3n y por Carbura, con la basura haremos grandes esculturas. \u00a1Haremos grandes edificios solo con desperdicios! \u00a1Imitaremos a Fidias usando solo inmundicias! Pintaremos grandes obras usando solo sobras. En vez de d\u00e1rselas al gato, pintaremos un retrato. \u00a1Viva la basura! \u00a1Abajo la humanidad futura!\u00bb.\u00a0<em>Chao, pescao<\/em>.<\/p>\n<p class=\"wp-block-p et-fx et-fx--show-scroll et-fx--hide-ty et-fx--loaded\"><strong>Acept\u00e9moslo, lo vulgar triunfa.<\/strong> En el modo de vestir, de comportarse, de pensar y de escribir (\u00abCalma, mucha calma, cuando la mente est\u00e1 tranquila \/ todo, absolutamente todo \/ sale mejor\u00bb, leemos en un poemario que obtuvo uno de los premios de poes\u00eda m\u00e1s prestigiosos \u2014y mejor remunerados\u2014 de Espa\u00f1a). Poes\u00eda, no,\u00a0<em>lo siguiente<\/em>.<\/p>\n<section class=\"et-block et-block-quote-image et-block-quote-image--derecha \">\n<div class=\"et-block-quote-image__content\">\n<blockquote class=\"et-block-quote-image__quote\">\n<div class=\"fx-wrapper et-fx et-fx--hide-ty et-fx--show-scroll et-fx--loaded\"><strong>Desde el inicio de los tiempos, la vulgaridad ha convivido con la alta cultura<\/strong><\/div>\n<\/blockquote>\n<\/div>\n<\/section>\n<p class=\"wp-block-p et-fx et-fx--show-scroll et-fx--hide-ty et-fx--loaded\">Por fortuna, alguien aclara el estado de las cosas. S\u00ed, la vulgaridad, \u00abese fen\u00f3meno radicalmente original y estrictamente novedoso de la cultura presente\u00bb, es la hija deslucida de dos divinidades, la libertad y la igualdad, que comenzaron su romance en los inicios del siglo XX. Nunca antes se hab\u00edan enamorado de tal modo. Palabra de uno de los pensadores m\u00e1s l\u00facidos de nuestros d\u00edas, <a href=\"https:\/\/ethic.es\/2023\/12\/entrevista-javier-goma\/\">Javier Gom\u00e1<\/a> (Bilbao, 1965), quien, en su \u00faltimo ensayo,\u00a0<em><a href=\"https:\/\/www.penguinlibros.com\/es\/libros-de-filosofia\/331411-ebook-universal-concreto-9788430626229?srsltid=AfmBOoqkUVXOFmW6N4rF5JnlI6wnZENVLz6n5CmOjXJQxG2V9eiZyLlo\">Universal concreto<\/a><\/em>, pide respeto para la vulgaridad.<\/p>\n<h2 class=\"wp-block-heading et-fx et-fx--show-scroll et-fx--hide-ty et-fx--loaded\">Etapa transitoria<\/h2>\n<div class=\"wp-block-columns is-layout-flex wp-container-core-columns-is-layout-1 wp-block-columns-is-layout-flex\">\n<div class=\"wp-block-column is-layout-flow wp-block-column-is-layout-flow\">\n<p class=\"has-text-align-left wp-block-p et-fx et-fx--show-scroll et-fx--hide-ty et-fx--loaded\"><strong>Explica Gom\u00e1, sin chanza alguna, que la vulgaridad es un progreso moral, ya que su existencia es posible gracias a que gozamos de libertad e igualdad.<\/strong> Por fortuna, nos recuerda que esta \u00abespontaneidad no educada\u00bb es una etapa transitoria. Desde el inicio de los tiempos, la vulgaridad conviv\u00eda con la alta cultura: arriba, la del canon, refinada, minoritaria y aristocr\u00e1tica; abajo, la llana, popular, colectiva y modesta. A veces, una se inmiscu\u00eda en la otra (la zarzuela, o los asuntos folcl\u00f3ricos o cotidianos como argumento de obras maestras:\u00a0<em>Oliver Twist<\/em>, algunas pinturas de Goya, el cine de Ken Loach\u2026). En la posmodernidad, sin embargo, la alta cultura ha sido suplantada por la vulgaridad como discurso oficial.<\/p>\n<p class=\"wp-block-p et-fx et-fx--show-scroll et-fx--hide-ty et-fx--loaded\">Esto se debe, en el decir de Gom\u00e1, a la escisi\u00f3n producida entre la esfera p\u00fablica y la privada. <strong>En lo pol\u00edtico, o lo p\u00fablico, nuestra \u00e9poca se sustenta en la democracia liberal<\/strong>; podemos mejorar el sistema, pero ya no podemos cambiarlo. Digamos que hemos \u00abtocado techo\u00bb. El fin de la historia, lo llam\u00f3 <a href=\"https:\/\/ethic.es\/entrevistas\/entrevista-francis-fukuyama-liberalismo\/\">Francis Fukuyama<\/a>. Sin embargo, en la esfera privada reina la vulgaridad, que por fortuna no es \u00cdtaca sino el punto de partida desde donde izar velas.<\/p>\n<\/div>\n<div class=\"wp-block-column is-layout-flow wp-block-column-is-layout-flow\">\n<p class=\"has-text-align-left wp-block-p et-fx et-fx--show-scroll et-fx--hide-ty et-fx--loaded\">La vulgaridad es una expresi\u00f3n provisional que ser\u00e1 sustituida por la ejemplaridad, que s\u00ed es el final del viaje. Cuando atraquemos en destino, la <a href=\"https:\/\/ethic.es\/2024\/08\/mayoria-selecta-2\/\" target=\"_blank\" rel=\"noreferrer noopener\">mayor\u00eda selecta<\/a> sustituir\u00e1 a su vez a la minor\u00eda distinguida del pasado. Dicho de un modo burdo: para apreciar y aspirar a un cine del estilo de Dreyer, Bergman, Kurosawa o Scorsese, comenzamos viendo\u00a0<em>Torrente<\/em>. No es posible saltarse esta etapa, la recompensa es la libertad. Y la ejemplaridad nos espera, como una novia impaciente.<\/p>\n<p class=\"has-text-align-left wp-block-p et-fx et-fx--show-scroll et-fx--hide-ty et-fx--loaded\"><strong>A lo largo de la historia, cada \u00e9poca ha estado regida por un ideal<\/strong>: el ideal griego, romano, medieval, renacentista, barroco, ilustrado, rom\u00e1ntico, moderno\u2026 Pero los posmodernos hemos renunciado al ideal porque, si cada uno es \u00fanico, si cada cual puede elegir el estilo de vida que estime adecuado, \u00bfno se recibe como una insolencia que uno entre los posibles se arrogue la potestad de ser deseable por encima del resto?<\/p>\n<p class=\"has-text-align-left wp-block-p et-fx et-fx--show-scroll et-fx--hide-ty et-fx--loaded\">\u00abLa vulgaridad ha salido \u00faltimamente de los bajos fondos, a los que la hab\u00eda confinado la alta cultura, y ha devenido discurso oficial de la democracia\u00bb. Y ni tal mal, oye. Pero ojo: no se trata de que la vulgaridad sea el precio que ha de pagarse por ser dem\u00f3crata. Es un punto de partida, se insiste, no el territorio donde asentarse de por vida.<\/p>\n<\/div>\n<\/div>\n<h2 class=\"wp-block-heading et-fx et-fx--show-scroll et-fx--hide-ty et-fx--loaded\">Sin milagro ni extravagancia<\/h2>\n<p class=\"wp-block-p et-fx et-fx--show-scroll et-fx--hide-ty et-fx--loaded\">En el razonamiento de Gom\u00e1, la vulgaridad nos empuja no solo a ser exc\u00e9ntricos, sino a ejercer una excentricidad mal entendida. <strong>En las subjetividades prima la diferencia, aquello que hace a cada cual inimitable.<\/strong> \u00danico. Somos libres de incurrir en lo vulgar, pero la vulgaridad no emancipa. Lo exc\u00e9ntrico, lo exclusivo o inimitable de nuestra subjetividad no es universalizable, porque solo concierne a cada cual. No se puede tomar como modelo porque nadie puede legitimarlo. El sujeto moderno deposita la esencia de su subjetividad en la espontaneidad libre y sin mediaciones, lo que \u00able confiere un estatus ontol\u00f3gico \u00fanico, irrepetible, no solo diferente al mundo, sino diferente tambi\u00e9n del resto de sujetos\u00bb.<\/p>\n<section class=\"et-block et-block-quote-image et-block-quote-image--izquierda \">\n<div class=\"et-block-quote-image__content\">\n<blockquote class=\"et-block-quote-image__quote\">\n<div class=\"fx-wrapper et-fx et-fx--hide-ty et-fx--show-scroll et-fx--loaded\"><strong>La vulgaridad es una expresi\u00f3n provisional que ser\u00e1 sustituida por la ejemplaridad<\/strong><\/div>\n<\/blockquote>\n<\/div>\n<\/section>\n<p class=\"wp-block-p et-fx et-fx--show-scroll et-fx--hide-ty et-fx--loaded\">La gente se obedece a s\u00ed misma:\u00a0<em>volenti non fit iniuria\u00a0<\/em>(\u00abno se comete injusticia con quien actu\u00f3 voluntariamente\u00bb, como afirma la cl\u00e1sica f\u00f3rmula jur\u00eddica que resume el principio de respeto por la autonom\u00eda privada).<strong> Ante la vulgaridad como hechura de la dignidad democr\u00e1tica hay, seg\u00fan Gom\u00e1, tres actitudes posibles<\/strong>: el rechazo al estado actual de las cosas y el deseo de regresar a una situaci\u00f3n previa, donde igualdad y libertad eran dos l\u00edneas paralelas que se cruzaban en el infinito; la resignaci\u00f3n; o la propuesta de un ideal, capaz de desplazar la vulgaridad por la ejemplaridad.<\/p>\n<p class=\"wp-block-p et-fx et-fx--show-scroll et-fx--hide-ty et-fx--loaded\">Para que consigamos ser ciudadanos completos y plenos hay que encontrar un modelo que reforme la vulgaridad generando costumbres de excelencia, de buenas elecciones libres al alcance de todo el mundo. Y ese ejemplo, que nos sacar\u00e1 de lo vulgar conduci\u00e9ndonos a la ejemplaridad, provendr\u00e1 de \u00abesas vidas hermosas que se conforman al modelo com\u00fan y humano, sin milagro ni extravagancia\u00bb. Entonces seremos libres, y tambi\u00e9n iguales. Iguales en la ejemplaridad que alcanzaremos libremente. Iguales en lo sencillo, que es lo que vuelve verdaderamente inolvidable el encuentro con otro ser humano, como cantaba el poeta.<\/p>\n<\/section>\n<section class=\"et-especial-header \n \"><\/p>\n<h3 class=\"et-especial-header__title et-fx et-fx--hide-ty et-fx--show-load et-fx--loaded\">POR: Esther Pe\u00f1as <\/h3>\n<\/section>\n<section id=\"redux-especial-header\" class=\"et-especial-fixed-header\">\n<div class=\"et-especial-fixed-header__wrapper\">\n<div class=\"et-especial-fixed-header__ants\"><a href=\"https:\/\/ethic.es\">ETHIC<\/a> \/ <span class=\"et-especial-fixed-header__ants-title\">La vulgaridad, un respeto<\/span><\/div>\n<div>\u00a0<\/div>\n<div>https:\/\/ethic.es\/especiales-24\/la-vulgaridad-un-respeto\/?_gl=1*dueywb*_up*MQ..*_ga*OTE2NzkzMzk1LjE3MjgwNDA3Mzg.*_ga_0LL6WCT924*MTcyODA0MDczNi4xLjAuMTcyODA0MDczNi4wLjAuMTYyNTk5NTk0Nw..<\/div>\n<div class=\"et-especial-fixed-header__logo\">\u00a0<\/div>\n<\/div>\n<\/section>\n<div class=\"et-especial-fixed-header__logo\">\u00a0<\/div>\n<div id=\"et-especial-share-bar\" class=\"et-especial-fixed-header__share\">\n<p class=\"et-especial-fixed-header__share-link\">\u00a0<\/p>\n<\/div>\n<p class=\"et-especial-fixed-header__share-link\">\u00a0<\/p>\n","protected":false},"excerpt":{"rendered":"<p>El fil\u00f3sofo Javier Gom\u00e1 sostiene que la vulgaridad es la hija fea de dos padres&#8230;<\/p>\n","protected":false},"author":1,"featured_media":71615,"comment_status":"closed","ping_status":"closed","sticky":false,"template":"","format":"standard","meta":{"_coblocks_attr":"","_coblocks_dimensions":"","_coblocks_responsive_height":"","_coblocks_accordion_ie_support":"","jetpack_post_was_ever_published":false,"_jetpack_newsletter_access":"","_jetpack_dont_email_post_to_subs":false,"_jetpack_newsletter_tier_id":0,"_jetpack_memberships_contains_paywalled_content":false,"_jetpack_memberships_contains_paid_content":false,"footnotes":"","jetpack_publicize_message":"","jetpack_publicize_feature_enabled":true,"jetpack_social_post_already_shared":true,"jetpack_social_options":{"image_generator_settings":{"template":"highway","default_image_id":0,"enabled":false},"version":2}},"categories":[1161,44,6937],"tags":[],"class_list":["post-71614","post","type-post","status-publish","format-standard","has-post-thumbnail","hentry","category-ciudadania","category-noticias-de-hoy","category-sociedad"],"jetpack_publicize_connections":[],"jetpack_featured_media_url":"https:\/\/i0.wp.com\/miradordeatarfe.es\/wp-content\/uploads\/2024\/10\/vulgaridad-640x384-1.jpg?fit=640%2C384&ssl=1","jetpack_likes_enabled":true,"jetpack_sharing_enabled":true,"_links":{"self":[{"href":"https:\/\/miradordeatarfe.es\/index.php?rest_route=\/wp\/v2\/posts\/71614","targetHints":{"allow":["GET"]}}],"collection":[{"href":"https:\/\/miradordeatarfe.es\/index.php?rest_route=\/wp\/v2\/posts"}],"about":[{"href":"https:\/\/miradordeatarfe.es\/index.php?rest_route=\/wp\/v2\/types\/post"}],"author":[{"embeddable":true,"href":"https:\/\/miradordeatarfe.es\/index.php?rest_route=\/wp\/v2\/users\/1"}],"replies":[{"embeddable":true,"href":"https:\/\/miradordeatarfe.es\/index.php?rest_route=%2Fwp%2Fv2%2Fcomments&post=71614"}],"version-history":[{"count":1,"href":"https:\/\/miradordeatarfe.es\/index.php?rest_route=\/wp\/v2\/posts\/71614\/revisions"}],"predecessor-version":[{"id":71616,"href":"https:\/\/miradordeatarfe.es\/index.php?rest_route=\/wp\/v2\/posts\/71614\/revisions\/71616"}],"wp:featuredmedia":[{"embeddable":true,"href":"https:\/\/miradordeatarfe.es\/index.php?rest_route=\/wp\/v2\/media\/71615"}],"wp:attachment":[{"href":"https:\/\/miradordeatarfe.es\/index.php?rest_route=%2Fwp%2Fv2%2Fmedia&parent=71614"}],"wp:term":[{"taxonomy":"category","embeddable":true,"href":"https:\/\/miradordeatarfe.es\/index.php?rest_route=%2Fwp%2Fv2%2Fcategories&post=71614"},{"taxonomy":"post_tag","embeddable":true,"href":"https:\/\/miradordeatarfe.es\/index.php?rest_route=%2Fwp%2Fv2%2Ftags&post=71614"}],"curies":[{"name":"wp","href":"https:\/\/api.w.org\/{rel}","templated":true}]}}