{"id":71643,"date":"2024-10-07T11:48:27","date_gmt":"2024-10-07T09:48:27","guid":{"rendered":"https:\/\/miradordeatarfe.es\/?p=71643"},"modified":"2024-10-05T11:58:32","modified_gmt":"2024-10-05T09:58:32","slug":"el-factor-tezanos-por-remedios-sanchez","status":"publish","type":"post","link":"https:\/\/miradordeatarfe.es\/?p=71643","title":{"rendered":"\u00abEL FACTOR TEZANOS\u00bb por  Remedios S\u00e1nchez"},"content":{"rendered":"<h3 style=\"text-align: justify;\">Empieza a parecer sospechosa esta man\u00eda que le tienen algunos a Tezanos, m\u00e1ximo responsable de las encuestas que se hacen pagadas con el dinero de todos los espa\u00f1olitos y espa\u00f1olitas preocupados o cabreados -seg\u00fan el d\u00eda-, pero siempre reflexivos y dispuestos a dar nuestra opini\u00f3n de cualquier cosa. Sepamos o no.<\/h3>\n<p style=\"text-align: justify;\">Pues bien: don Jos\u00e9 F\u00e9lix Tezanos es como uno de nosotros acodado en la barra del bar, s\u00f3lo que nombrado por Pedro S\u00e1nchez. Por eso a m\u00ed me ca\u00eda simp\u00e1tico este pobre hombre que, con diecis\u00e9is millones de euros de presupuesto, tiene que ir explicando por qu\u00e9 yerra tanto, por qu\u00e9 transita de pifia en pifia, de fracaso en fracaso. \u00a0Porque habilidad, a tenor de los resultados del CIS, pareciera que tiene la misma que cualquier paisano que se toma el caf\u00e9 comentando la \u00faltima jugada de S\u00e1nchez, la \u00faltima frustraci\u00f3n de Feij\u00f3o o cu\u00e1les son los problemas axiales que tiene la naci\u00f3n, m\u00e1s all\u00e1 de que estemos gobernados por la peor generaci\u00f3n de pol\u00edticos de los \u00faltimos cincuenta a\u00f1os.<\/p>\n<p style=\"text-align: justify;\">Nadie niega que este catedr\u00e1tico de Sociolog\u00eda lo intent\u00f3 al principio y que hubo un tiempo en que tuviera un prestigio por su saber e independencia. Por eso aqu\u00ed no vale el dicho popular de \u201cquod natura non dat, Salmantica non praestat\u201d. El tipo est\u00e1 cualificado, pero la estrategia de\u00a0S\u00e1nchez no va de esto; porque a tenor de lo visto, la tarea concreta que le han asignado no es analizar las preocupaciones ciudadanas o dar pistas fiables de la estimaci\u00f3n de voto. La ardua faena de don Jos\u00e9 F\u00e9lix es que los datos del CIS sean como un plato deconstruido de un chef de moda, que no sabes muy bien c\u00f3mo tomarte: si con cuchara o con paciencia.<\/p>\n<p style=\"text-align: justify;\">Las \u00fanicas constantes que repite es que el PSOE siempre lleva la delantera, que los mandamases no son un inconveniente, que el paro tampoco, y que todo va tan bien en general que, el gobierno de S\u00e1nchez tiene suficientes apoyos para acabar la legislatura. Y ah\u00ed est\u00e1 el sesgo: en tratar de modificar, inasequible al desaliento de su falta de credibilidad, \u00a0el inconsciente marcando las tendencias de intereses y adoctrinando a las masas sobre lo que verdaderamente nos preocupa (y no lo sab\u00edamos, ay); luego, en segunda instancia, en su voluntad de hacerse imprescindible al amado l\u00edder sin percatarse (pese a ser militante socialista desde hace d\u00e9cadas) del flaco favor que le hace a un partido con ciento veinticinco a\u00f1os de historia y unos valores que S\u00e1nchez se empe\u00f1a en desdibujar -el partido ahora es \u00e9l- entre sonrisitas y poses para mayor gloria de su sastre.<\/p>\n<p style=\"text-align: justify;\">\u201cM\u00edster handsome\u201d ha recordado Almod\u00f3var que lo llaman los americanos; pero de la belleza, de ese amargo don, nadie puede vivir eternamente y la baraka que lo lleva acompa\u00f1ando desde hace m\u00e1s de una d\u00e9cada (que \u00e9l pretende convertir en eterna adaptando las estructuras del partido), lo \u00fanico que puede provocar es que el socialismo alcance en el futuro congreso de noviembre\u00a0sus m\u00e1s altas cotas de indigencia moral, algo que no merece ni por trayectoria, ni por su compromiso verdadero con la democracia de este pa\u00eds. Mientras, Tezanos, abrazado al sanchismo, trata de hacer equilibrios manteniendo todas las pelotas en el aire. Y se ha revelado como un malabarista digno de uno de los mejores circos europeos actuales. Espa\u00f1a, claro.<\/p>\n<p>FOTO: <span class=\"a_m_m\">LUIS GRA\u00d1EN<\/span>A<\/p>\n<p>&nbsp;<\/p>\n","protected":false},"excerpt":{"rendered":"<p>Empieza a parecer sospechosa esta man\u00eda que le tienen algunos a Tezanos, m\u00e1ximo responsable de&#8230;<\/p>\n","protected":false},"author":1,"featured_media":71644,"comment_status":"closed","ping_status":"closed","sticky":false,"template":"","format":"standard","meta":{"_coblocks_attr":"","_coblocks_dimensions":"","_coblocks_responsive_height":"","_coblocks_accordion_ie_support":"","jetpack_post_was_ever_published":false,"_jetpack_newsletter_access":"","_jetpack_dont_email_post_to_subs":false,"_jetpack_newsletter_tier_id":0,"_jetpack_memberships_contains_paywalled_content":false,"_jetpack_memberships_contains_paid_content":false,"footnotes":"","jetpack_publicize_message":"","jetpack_publicize_feature_enabled":true,"jetpack_social_post_already_shared":true,"jetpack_social_options":{"image_generator_settings":{"template":"highway","default_image_id":0,"enabled":false},"version":2}},"categories":[1161,44,6914,6937],"tags":[],"class_list":["post-71643","post","type-post","status-publish","format-standard","has-post-thumbnail","hentry","category-ciudadania","category-noticias-de-hoy","category-opinion-de-reme-sanchez","category-sociedad"],"jetpack_publicize_connections":[],"jetpack_featured_media_url":"https:\/\/i0.wp.com\/miradordeatarfe.es\/wp-content\/uploads\/2024\/10\/FFLXNY6ZMQH4YF3XLS5EVOC2K4.jpg?fit=414%2C752&ssl=1","jetpack_likes_enabled":true,"jetpack_sharing_enabled":true,"_links":{"self":[{"href":"https:\/\/miradordeatarfe.es\/index.php?rest_route=\/wp\/v2\/posts\/71643","targetHints":{"allow":["GET"]}}],"collection":[{"href":"https:\/\/miradordeatarfe.es\/index.php?rest_route=\/wp\/v2\/posts"}],"about":[{"href":"https:\/\/miradordeatarfe.es\/index.php?rest_route=\/wp\/v2\/types\/post"}],"author":[{"embeddable":true,"href":"https:\/\/miradordeatarfe.es\/index.php?rest_route=\/wp\/v2\/users\/1"}],"replies":[{"embeddable":true,"href":"https:\/\/miradordeatarfe.es\/index.php?rest_route=%2Fwp%2Fv2%2Fcomments&post=71643"}],"version-history":[{"count":1,"href":"https:\/\/miradordeatarfe.es\/index.php?rest_route=\/wp\/v2\/posts\/71643\/revisions"}],"predecessor-version":[{"id":71645,"href":"https:\/\/miradordeatarfe.es\/index.php?rest_route=\/wp\/v2\/posts\/71643\/revisions\/71645"}],"wp:featuredmedia":[{"embeddable":true,"href":"https:\/\/miradordeatarfe.es\/index.php?rest_route=\/wp\/v2\/media\/71644"}],"wp:attachment":[{"href":"https:\/\/miradordeatarfe.es\/index.php?rest_route=%2Fwp%2Fv2%2Fmedia&parent=71643"}],"wp:term":[{"taxonomy":"category","embeddable":true,"href":"https:\/\/miradordeatarfe.es\/index.php?rest_route=%2Fwp%2Fv2%2Fcategories&post=71643"},{"taxonomy":"post_tag","embeddable":true,"href":"https:\/\/miradordeatarfe.es\/index.php?rest_route=%2Fwp%2Fv2%2Ftags&post=71643"}],"curies":[{"name":"wp","href":"https:\/\/api.w.org\/{rel}","templated":true}]}}