{"id":71646,"date":"2024-10-06T11:17:35","date_gmt":"2024-10-06T09:17:35","guid":{"rendered":"https:\/\/miradordeatarfe.es\/?p=71646"},"modified":"2024-10-05T12:22:46","modified_gmt":"2024-10-05T10:22:46","slug":"la-ilusion-altruista-del-coviran-atarfe-de-voleibol","status":"publish","type":"post","link":"https:\/\/miradordeatarfe.es\/?p=71646","title":{"rendered":"La ilusi\u00f3n altruista del COVIR\u00c1N ATARFE DE VOLEIBOL"},"content":{"rendered":"<h3 class=\"v-a-sub-t\">El equipo inaugura una cuarta campa\u00f1a consecutiva en la Superliga 2 con una plantilla muy renovada bajo la batuta de Fran Santos como responsable del proyecto<\/h3>\n<p class=\"v-p\">Aunque aspiren a cambiarlo y no a romantizarlo, no cabe entusiasmo m\u00e1s altruista que el de equipos de deportes minoritarios como el Covir\u00e1n Atarfe de voleibol que este s\u00e1bado inaugura su quinta temporada consecutiva en la Superliga Femenina 2, segunda categor\u00eda nacional. Resignadas sus jugadoras a compartir en tres franjas la pista del pabell\u00f3n en el que entrenan, el equipo que vuelve a comandar Fran Santos como responsable del proyecto buscar\u00e1 una cuarta permanencia desde su misma visita de ma\u00f1ana al X\u00e0tiva, a las 19.15 horas. \u00abEl objetivo no puede ser otro con el presupuesto que tenemos, el m\u00e1s bajo, pero no rechazamos ning\u00fan otro que se pueda ver partido a partido\u00bb, avisa Santos.<\/p>\n<div class=\"paywall container-wall-exclusive\" data-mrf-recirculation=\"Link art\u00edculos\">\n<p class=\"v-p\">Fran Santos cumple diez temporadas al frente del Covir\u00e1n Atarfe con el reto de lograr que un equipo pr\u00e1cticamente nuevo compita por su supervivencia. \u00abHasta siete de las once jugadoras que ten\u00edamos decidieron dejar el voleibol o cambiar de club y tuvimos que fichar a varias de fuera y subir a otras de las categor\u00edas inferiores. Fue un cambio un poco brusco, pero seguiremos luchando, como en las temporadas anteriores\u00bb, remarca. \u00abEstamos teniendo una progresi\u00f3n muy grande e interesante y tenemos que seguir en esa l\u00ednea para crecer poco a poco, porque creo que tenemos potencial, pero todo depender\u00e1 de la motivaci\u00f3n con la que el grupo siga entrenando\u00bb, apunta.<\/p>\n<p class=\"v-p\">\u00abEste equipo tiene m\u00e1s altura que otros anteriores y uno de nuestros puntos fuertes puede ser el bloqueo, porque podemos trabajar muy bien la primera l\u00ednea de defensa. Tambi\u00e9n la recepci\u00f3n. Hemos ganado en potencial de ataque realmente aunque nos falte conjuntarnos, algo que solo da el tiempo\u00bb, comparte Fran Santos acerca de las caracter\u00edsticas de esta nueva versi\u00f3n del Atarfe.<\/p>\n<p class=\"v-p\">Apoya las impresiones del entrenador su capitana, Mar\u00eda C\u00f3rdoba, que cumple ya catorce temporadas en el club a sus 22 a\u00f1os. \u00abTenemos m\u00e1s altura que nunca, y creo que en el bloqueo salvaremos bastantes bolas. Nos caracterizar\u00e1 la rabia para no dejar que caiga ninguna, aunque quiz\u00e1s nos falte contundencia\u00bb, aporta la colocadora, con ganas de experimentar \u00abalgo nuevo sacando un equipo desde cero\u00bb. C\u00f3rdoba tendr\u00e1 un rol esencial: \u00abAntes no era tan importante y ahora todas mis compa\u00f1eras tendr\u00e1n que confiar en m\u00ed para tocar todas las bolas\u00bb.<\/p>\n<div class=\"v-c-cmp v-c-cmp--s\">\n<div class=\"v-cmp-m\">\n<article class=\"v-a v-a--cmp-m v-c-cmp--m-z\">\n<div class=\"v-a-img-c \"><a href=\"https:\/\/i0.wp.com\/miradordeatarfe.es\/wp-content\/uploads\/2024\/10\/voleibol-atarfe-4.jpg?ssl=1\"><img data-recalc-dims=\"1\" loading=\"lazy\" decoding=\"async\" class=\"wp-image-71647 size-large alignleft\" src=\"https:\/\/i0.wp.com\/miradordeatarfe.es\/wp-content\/uploads\/2024\/10\/voleibol-atarfe-4.jpg?resize=640%2C852&#038;ssl=1\" alt=\"\" width=\"640\" height=\"852\" srcset=\"https:\/\/i0.wp.com\/miradordeatarfe.es\/wp-content\/uploads\/2024\/10\/voleibol-atarfe-4.jpg?resize=769%2C1024&amp;ssl=1 769w, https:\/\/i0.wp.com\/miradordeatarfe.es\/wp-content\/uploads\/2024\/10\/voleibol-atarfe-4.jpg?resize=225%2C300&amp;ssl=1 225w, https:\/\/i0.wp.com\/miradordeatarfe.es\/wp-content\/uploads\/2024\/10\/voleibol-atarfe-4.jpg?resize=768%2C1023&amp;ssl=1 768w, https:\/\/i0.wp.com\/miradordeatarfe.es\/wp-content\/uploads\/2024\/10\/voleibol-atarfe-4.jpg?resize=1153%2C1536&amp;ssl=1 1153w, https:\/\/i0.wp.com\/miradordeatarfe.es\/wp-content\/uploads\/2024\/10\/voleibol-atarfe-4.jpg?resize=1024%2C1364&amp;ssl=1 1024w, https:\/\/i0.wp.com\/miradordeatarfe.es\/wp-content\/uploads\/2024\/10\/voleibol-atarfe-4.jpg?resize=1320%2C1759&amp;ssl=1 1320w, https:\/\/i0.wp.com\/miradordeatarfe.es\/wp-content\/uploads\/2024\/10\/voleibol-atarfe-4.jpg?w=1441&amp;ssl=1 1441w\" sizes=\"auto, (max-width: 640px) 100vw, 640px\" \/><\/a><\/div>\n<\/article>\n<\/div>\n<\/div>\n<\/div>\n<div class=\"v-c-cmp v-c-cmp--s\">\n<div class=\"v-cmp-m\">\n<article class=\"v-a v-a--cmp-m v-c-cmp--m-z\">\n<div class=\"v-a-img-c \">\n<figure class=\"v-a-fig\"><figcaption class=\"v-fc\"><span class=\"v-fc__t\"> Golpeo de la capitana Mar\u00eda C\u00f3rdoba. <\/span> <span class=\"v-fc__p\"> Ariel C. Rojas <\/span><\/figcaption><\/figure>\n<\/div>\n<\/article>\n<\/div>\n<\/div>\n<p class=\"v-p\">Entre los refuerzos del Covir\u00e1n Atarfe destacan las argentinas Melisa Euro y Martina Gonz\u00e1lez. \u00abLa verdad es que el grupo es muy lindo, excelente en lo humano, con proyecci\u00f3n como para armar un buen proyecto. Queremos quedar lo m\u00e1s alto posible siempre\u00bb, apunta la primera de ellas, central, que ya jug\u00f3 en Superliga 2 con el club de Almendralejo. \u00abTodas estamos adapt\u00e1ndonos todav\u00eda pero veo muy buenas posibilidades\u00bb, a\u00f1ade la receptora. Fran Santos se muestra encantado con sus incorporaciones: \u00abMeli nos puede dar bastante contundencia en el centro de la red sobre todo en ataque y Martina tambi\u00e9n tiene mucho potencial en ataque aunque al tratarse de su primera experiencia aqu\u00ed necesita calma y confianza\u00bb.<\/p>\n<p class=\"v-p\">Como representante de las jugadoras granadinas reclutadas para la causa destaca Julia Carmona, l\u00edbero de 26 a\u00f1os que regresa al club de su pueblo y en el que se form\u00f3 14 a\u00f1os despu\u00e9s. \u00abMe hac\u00eda mucha ilusi\u00f3n debutar en la categor\u00eda tras jugar en Nacional con el Albolote, y m\u00e1s a\u00fan en mi casa. Todav\u00eda tenemos que formar m\u00e1s pi\u00f1a entre nosotras, pero vamos bastante bien para llevar solo un mes entrenando\u00bb, remarca.<\/p>\n<div class=\"v-c-cmp v-n-mrg\">\n<h3 class=\"v-cmp-suh\">Estudiantes<\/h3>\n<\/div>\n<p class=\"v-p\">Pr\u00e1cticamente todas las jugadoras del Covir\u00e1n Atarfe son estudiantes. Entre las contadas excepciones figura la veterana Encarni Garc\u00eda, que se niega a dejar el voleibol a sus 39 a\u00f1os siendo madre incluso. \u00abEs un ejemplo y a todas les digo que ojal\u00e1 sigan jugando a su edad porque se hace muy dif\u00edcil siendo un deporte tan explosivo\u00bb, rese\u00f1a Fran Santos. \u00abEs nuestra mejor referente\u00bb, confirma Mar\u00eda C\u00f3rdoba.<\/p>\n<p class=\"v-p\">Tambi\u00e9n Fran Santos compagina sus responsabilidades como entrenador, director t\u00e9cnico y presidente incluso del Covir\u00e1n Atarfe con su labor como profesor de Educaci\u00f3n F\u00edsica en el ciclo formativo del IES Hermenegildo Lanz. \u00abCada vez tenemos m\u00e1s presupuesto, porque antes \u00fanicamente cubr\u00eda los gastos federativos y de \u00e1rbitros o desplazamientos, que ahora nos cubre el Ayuntamiento, y poco a poco vamos obteniendo m\u00e1s recursos econ\u00f3micos gracias a empresas privadas como Covir\u00e1n a modo de patrocinador principal o H2O, Nevadis, Fisioterapia RL y Mostaza Green entre otras aportaciones m\u00e1s peque\u00f1as que nos permiten, por ejemplo, alquilar pisos y traer jugadoras de otras provincias o del extranjero para que vengan a estudiar a Granada;peo sigue faltando para fichar\u00bb, lamenta.<\/p>\n<div class=\"v-c-cmp v-c-cmp--s\">\n<div class=\"v-cmp-m\">\n<article class=\"v-a v-a--cmp-m v-c-cmp--m-z\">\n<div class=\"v-a-img-c \">\u00a0<\/div>\n<\/article>\n<\/div>\n<\/div>\n<div class=\"v-c-cmp v-c-cmp--s\">\n<div class=\"v-cmp-m\">\n<article class=\"v-a v-a--cmp-m v-c-cmp--m-z\">\n<div class=\"v-a-img-c \">\n<figure class=\"v-a-fig\"><figcaption class=\"v-fc\"><\/figcaption><\/figure>\n<\/div>\n<\/article>\n<\/div>\n<\/div>\n<p class=\"v-p\">\u00abEl apoyo empresarial aumentar\u00eda con mayor afluencia de p\u00fablico y visibilidad&#8230; en Granada, todo va para el f\u00fatbol y tambi\u00e9n para el baloncesto ahora\u00bb, sostiene Fran Santos. \u00abEs una pena no poder vivir del voleibol como los futbolistas del Granada viven del f\u00fatbol, con el Covir\u00e1n Granada tambi\u00e9n a un nivel muy &#8216;top&#8217; ahora, pero nosotros tambi\u00e9n jugamos en la segunda categor\u00eda nacional y merecemos m\u00e1s\u00bb, apunta Julia Carmona.<\/p>\n<p class=\"v-p\">A Fran Santos, en cualquier caso, le sigue ilusionando crear lazos con jugadoras nuevas a las que acaba casi que apadrinando. \u00abLlevamos much\u00edsimos a\u00f1os siendo referentes en la provincia y nos hace mucha ilusi\u00f3n. Tambi<\/p>\n<div class=\"paywall container-wall-exclusive\" data-mrf-recirculation=\"Link art\u00edculos\">\n<p class=\"v-p\">\u00e9n estamos trabajando mucho la cantera y tenemos jugadoras infantiles y cadetes con potencial que seguramente puedan dar el salto a Superliga 2 con el tiempo. Intentaremos seguir otras dos temporadas hasta que lleguen para volver a reiniciarnos\u00bb, asume el entrenador.<\/p>\n<\/div>\n<section class=\"v-mdl-tpc\"><\/section>\n<p><a href=\"https:\/\/i0.wp.com\/miradordeatarfe.es\/wp-content\/uploads\/2024\/10\/voleibol-atarfe-3.jpg?ssl=1\"><img data-recalc-dims=\"1\" loading=\"lazy\" decoding=\"async\" class=\"alignnone wp-image-71648 size-large\" src=\"https:\/\/i0.wp.com\/miradordeatarfe.es\/wp-content\/uploads\/2024\/10\/voleibol-atarfe-3.jpg?resize=640%2C481&#038;ssl=1\" alt=\"\" width=\"640\" height=\"481\" srcset=\"https:\/\/i0.wp.com\/miradordeatarfe.es\/wp-content\/uploads\/2024\/10\/voleibol-atarfe-3.jpg?resize=1024%2C769&amp;ssl=1 1024w, https:\/\/i0.wp.com\/miradordeatarfe.es\/wp-content\/uploads\/2024\/10\/voleibol-atarfe-3.jpg?resize=300%2C225&amp;ssl=1 300w, https:\/\/i0.wp.com\/miradordeatarfe.es\/wp-content\/uploads\/2024\/10\/voleibol-atarfe-3.jpg?resize=768%2C576&amp;ssl=1 768w, https:\/\/i0.wp.com\/miradordeatarfe.es\/wp-content\/uploads\/2024\/10\/voleibol-atarfe-3.jpg?resize=1536%2C1153&amp;ssl=1 1536w, https:\/\/i0.wp.com\/miradordeatarfe.es\/wp-content\/uploads\/2024\/10\/voleibol-atarfe-3.jpg?resize=1320%2C991&amp;ssl=1 1320w, https:\/\/i0.wp.com\/miradordeatarfe.es\/wp-content\/uploads\/2024\/10\/voleibol-atarfe-3.jpg?w=1920&amp;ssl=1 1920w\" sizes=\"auto, (max-width: 640px) 100vw, 640px\" \/><\/a><\/p>\n<p><span class=\"v-fc__t\">Julia Carmona levanta una bola. <\/span> <span class=\"v-fc__p\"> Ariel C. Rojas <\/span><\/p>\n<p><strong><a href=\"https:\/\/www.ideal.es\/autor\/jose-ignacio-cejudo-1091.html\" data-mrf-link=\"https:\/\/www.ideal.es\/autor\/jose-ignacio-cejudo-1091.html\">Jos\u00e9 Ignacio Cejudo<\/a><\/strong><\/p>\n<p><span class=\"v-fc__t\">FOTO: Las jugadoras del Covir\u00e1n Atarfe de voleibol posan en el pabell\u00f3n municipal.<\/span> <span class=\"v-fc__p\">Ariel C. Rojas<\/span><\/p>\n<p>https:\/\/www.ideal.es\/deportes\/provincial-granada\/ilusion-altruista-coviran-atarfe-voleibol-superliga-femenina-20241004205743-nt.html<\/p>\n<div class=\"v-d v-d--abc v-d--rpg\" data-mrf-recirculation=\"Links articulo\">\n<div class=\"v-mdl-ath \" data-voc-component=\"viewport-not-visible\" data-mrf-recirculation=\"Autor\">\n<div class=\"v-mdl-ath__c v-mdl-ath__c--1\">\n<div class=\"v-mdl-ath__img-c\">\u00a0<\/div>\n<div class=\"v-mdl-ath__inf\">\n<p class=\"v-mdl-ath__p v-mdl-ath__p--2\">\u00a0<\/p>\n<\/div>\n<\/div>\n<\/div>\n<\/div>\n","protected":false},"excerpt":{"rendered":"<p>El equipo inaugura una cuarta campa\u00f1a consecutiva en la Superliga 2 con una plantilla muy&#8230;<\/p>\n","protected":false},"author":1,"featured_media":71649,"comment_status":"closed","ping_status":"closed","sticky":false,"template":"","format":"standard","meta":{"_coblocks_attr":"","_coblocks_dimensions":"","_coblocks_responsive_height":"","_coblocks_accordion_ie_support":"","jetpack_post_was_ever_published":false,"_jetpack_newsletter_access":"","_jetpack_dont_email_post_to_subs":false,"_jetpack_newsletter_tier_id":0,"_jetpack_memberships_contains_paywalled_content":false,"_jetpack_memberships_contains_paid_content":false,"footnotes":"","jetpack_publicize_message":"","jetpack_publicize_feature_enabled":true,"jetpack_social_post_already_shared":true,"jetpack_social_options":{"image_generator_settings":{"template":"highway","default_image_id":0,"enabled":false},"version":2}},"categories":[182,186,44],"tags":[],"class_list":["post-71646","post","type-post","status-publish","format-standard","has-post-thumbnail","hentry","category-deportes","category-instituciones","category-noticias-de-hoy"],"jetpack_publicize_connections":[],"jetpack_featured_media_url":"https:\/\/i0.wp.com\/miradordeatarfe.es\/wp-content\/uploads\/2024\/10\/voleibol-atarfe-1-kTmG-U2201418752753wTH-1200x840%40Ideal.webp?fit=1200%2C840&ssl=1","jetpack_likes_enabled":true,"jetpack_sharing_enabled":true,"_links":{"self":[{"href":"https:\/\/miradordeatarfe.es\/index.php?rest_route=\/wp\/v2\/posts\/71646","targetHints":{"allow":["GET"]}}],"collection":[{"href":"https:\/\/miradordeatarfe.es\/index.php?rest_route=\/wp\/v2\/posts"}],"about":[{"href":"https:\/\/miradordeatarfe.es\/index.php?rest_route=\/wp\/v2\/types\/post"}],"author":[{"embeddable":true,"href":"https:\/\/miradordeatarfe.es\/index.php?rest_route=\/wp\/v2\/users\/1"}],"replies":[{"embeddable":true,"href":"https:\/\/miradordeatarfe.es\/index.php?rest_route=%2Fwp%2Fv2%2Fcomments&post=71646"}],"version-history":[{"count":2,"href":"https:\/\/miradordeatarfe.es\/index.php?rest_route=\/wp\/v2\/posts\/71646\/revisions"}],"predecessor-version":[{"id":71651,"href":"https:\/\/miradordeatarfe.es\/index.php?rest_route=\/wp\/v2\/posts\/71646\/revisions\/71651"}],"wp:featuredmedia":[{"embeddable":true,"href":"https:\/\/miradordeatarfe.es\/index.php?rest_route=\/wp\/v2\/media\/71649"}],"wp:attachment":[{"href":"https:\/\/miradordeatarfe.es\/index.php?rest_route=%2Fwp%2Fv2%2Fmedia&parent=71646"}],"wp:term":[{"taxonomy":"category","embeddable":true,"href":"https:\/\/miradordeatarfe.es\/index.php?rest_route=%2Fwp%2Fv2%2Fcategories&post=71646"},{"taxonomy":"post_tag","embeddable":true,"href":"https:\/\/miradordeatarfe.es\/index.php?rest_route=%2Fwp%2Fv2%2Ftags&post=71646"}],"curies":[{"name":"wp","href":"https:\/\/api.w.org\/{rel}","templated":true}]}}