{"id":71652,"date":"2024-10-07T10:39:50","date_gmt":"2024-10-07T08:39:50","guid":{"rendered":"https:\/\/miradordeatarfe.es\/?p=71652"},"modified":"2024-10-05T12:45:32","modified_gmt":"2024-10-05T10:45:32","slug":"atarfe-destaca-la-labor-de-la-guardia-civil-para-reducir-la-delincuencia-al-50-por-actuaciones-en-delitos-proactivos","status":"publish","type":"post","link":"https:\/\/miradordeatarfe.es\/?p=71652","title":{"rendered":"Atarfe destaca la labor de la Guardia Civil para \u00abreducir\u00bb la delincuencia al 50% por actuaciones en delitos proactivos"},"content":{"rendered":"<h3 style=\"text-align: justify;\">El Ayuntamiento recalca que seg\u00fan datos del cuartel del municipio se han pasado de 46 a 22 casos de robos por fuerza en las cosas o personas y de 20 a 9 los robos en viviendas<\/h3>\n<p style=\"text-align: justify;\">El <strong>Ayuntamiento de Atarfe <\/strong>ha destacado la labor de la Guardia Civil en la ciudad metropolitana que \u00abha conseguido disminuir\u00bb hasta la mitad la delincuencia y la criminalidad durante los primeros seis meses como consecuencia \u00abdel intenso trabajo de investigaci\u00f3n, \u00a0con reiteradas y eficaces actuaciones\u00bb por parte de los agentes.<\/p>\n<p style=\"text-align: justify;\">En un comunicado, el Consistorio ha destacado que en este periodo se ha producido un incremento de los delitos proactivos \u00aba instancia de los guardias civiles, precisamente provocados para favorecer la seguridad del municipio atarfe\u00f1o\u00bb, que actualmente supera los 20.000 habitantes y en los que se incluyen los t\u00e9rminos municipales de <strong>Sierra Elvira y Caparacena<\/strong>, adem\u00e1s de diversos pol\u00edgonos industriales y una decena de zonas pobladas diseminadas y urbanizaciones.<\/p>\n<p style=\"text-align: justify;\">De este modo, el <strong>Ayuntamiento <\/strong>refleja que seg\u00fan fuentes del acuartelamiento del puesto de Atarfe, se han reducido en un 50% los delitos de robos con fuerza en las cosas o personas, pasando de 46 a 22 y de los delitos de robo en viviendas, pasando de 20 a 9, todas ellas \u00absin moradores\u00bb.<\/p>\n<p style=\"text-align: justify;\">Por otra parte, \u00a0como consecuencia de las \u00abinsistentes actuaciones\u00bb de la Guardia Civil en <strong>Atarfe<\/strong>, por las investigaciones, seguimientos, incautaciones, controles y otros medios policiales, en colaboraci\u00f3n con fuerzas y cuerpos de seguridad, y Polic\u00eda Local, se ha pasado de\u00a019 a 26 delitos contra la\u00a0 salud p\u00fablica; as\u00ed como por defraudaci\u00f3n de fluido el\u00e9ctrico de 25 a 88; y en cuanto a seguridad en el tr\u00e1fico, por retiradas de carnet y alcoholemias, de 16 a 46.<\/p>\n<h3 class=\"wp-block-heading\" style=\"text-align: justify;\">Labor \u00abeficaz e insistente\u00bb<\/h3>\n<p style=\"text-align: justify;\">El Ayuntamiento atarfe\u00f1o considera \u00abnecesario especificar\u00bb que estos delitos proactivos \u00abno han aumentado la delincuencia ni la criminalidad\u00bb, sino que han sido fruto de esa \u00abeficaz e insistente\u00bb labor de las distintas patrullas y equipos de la Guardia Civil.<\/p>\n<p style=\"text-align: justify;\">\u00abHan dado excelentes resultados en <strong>Atarfe<\/strong>, evidentemente acabando con hechos delictivos, aunque en la estad\u00edstica esos delitos proactivos que suman un centenar, \u00a0no son m\u00e1s que actuaciones &#8216;atacadas&#8217; en el mejor sentido de la palabra por la Guardia Civil para disminuir la delincuencia y acabar con la criminalidad\u00bb, a\u00f1aden.<\/p>\n<p style=\"text-align: justify;\">La alcaldesa-presidenta, del Ayuntamiento de Atarfe,\u00a0Yolanda Fern\u00e1ndez, en nombre del equipo de Gobierno, y de la Corporaci\u00f3n municipal actual, ha reconocido \u00abla encomiable labor\u00bb que est\u00e1n desarrollando en <strong>Atarfe<\/strong> la Guardia Civil en colaboraci\u00f3n con la Polic\u00eda Local, y\u00a0fuerzas y cuerpos de seguridad para \u00abla lucha\u00bb contra la delincuencia.<\/p>\n<h3><span class=\"section-name\"><span class=\"autor\">Redacci\u00f3n aG (AhoraGranada)<\/span><\/span><\/h3>\n<blockquote class=\"wp-embedded-content\" data-secret=\"YRKS7MKHMl\"><p><a href=\"https:\/\/www.ahoragranada.com\/noticias\/atarfe-destaca-la-labor-de-la-guardia-civil-en-la-ciudad-para-reducir-la-delincuencia-a-la-mitad\/\">Atarfe destaca la labor de la Guardia Civil para \u00abreducir\u00bb la delincuencia al 50% por actuaciones en delitos proactivos<\/a><\/p><\/blockquote>\n<p><iframe loading=\"lazy\" class=\"wp-embedded-content\" sandbox=\"allow-scripts\" security=\"restricted\" style=\"position: absolute; visibility: hidden;\" title=\"\u00abAtarfe destaca la labor de la Guardia Civil para &quot;reducir&quot; la delincuencia al 50% por actuaciones en delitos proactivos\u00bb \u2014 Ahora Granada\" src=\"https:\/\/www.ahoragranada.com\/noticias\/atarfe-destaca-la-labor-de-la-guardia-civil-en-la-ciudad-para-reducir-la-delincuencia-a-la-mitad\/embed\/#?secret=9arAS4YdDI#?secret=YRKS7MKHMl\" data-secret=\"YRKS7MKHMl\" width=\"600\" height=\"338\" frameborder=\"0\" marginwidth=\"0\" marginheight=\"0\" scrolling=\"no\"><\/iframe><\/p>\n","protected":false},"excerpt":{"rendered":"<p>El Ayuntamiento recalca que seg\u00fan datos del cuartel del municipio se han pasado de 46&#8230;<\/p>\n","protected":false},"author":1,"featured_media":71656,"comment_status":"closed","ping_status":"closed","sticky":false,"template":"","format":"standard","meta":{"_coblocks_attr":"","_coblocks_dimensions":"","_coblocks_responsive_height":"","_coblocks_accordion_ie_support":"","jetpack_post_was_ever_published":false,"_jetpack_newsletter_access":"","_jetpack_dont_email_post_to_subs":false,"_jetpack_newsletter_tier_id":0,"_jetpack_memberships_contains_paywalled_content":false,"_jetpack_memberships_contains_paid_content":false,"footnotes":"","jetpack_publicize_message":"","jetpack_publicize_feature_enabled":true,"jetpack_social_post_already_shared":true,"jetpack_social_options":{"image_generator_settings":{"template":"highway","default_image_id":0,"enabled":false},"version":2}},"categories":[6916,44,6937],"tags":[],"class_list":["post-71652","post","type-post","status-publish","format-standard","has-post-thumbnail","hentry","category-ayuntamiento-de-atarfe","category-noticias-de-hoy","category-sociedad"],"jetpack_publicize_connections":[],"jetpack_featured_media_url":"https:\/\/i0.wp.com\/miradordeatarfe.es\/wp-content\/uploads\/2024\/10\/La-subdelegada-del-gobierno-Inmaculada-Lopez-y-el-presidente-de-la-diputacion-Jose-Entrena-visitan-el-nuevo-cuartel-de-la-Guardia-Civil-de-Atarfe-AC-26-370x207-1.jpg?fit=370%2C207&ssl=1","jetpack_likes_enabled":true,"jetpack_sharing_enabled":true,"_links":{"self":[{"href":"https:\/\/miradordeatarfe.es\/index.php?rest_route=\/wp\/v2\/posts\/71652","targetHints":{"allow":["GET"]}}],"collection":[{"href":"https:\/\/miradordeatarfe.es\/index.php?rest_route=\/wp\/v2\/posts"}],"about":[{"href":"https:\/\/miradordeatarfe.es\/index.php?rest_route=\/wp\/v2\/types\/post"}],"author":[{"embeddable":true,"href":"https:\/\/miradordeatarfe.es\/index.php?rest_route=\/wp\/v2\/users\/1"}],"replies":[{"embeddable":true,"href":"https:\/\/miradordeatarfe.es\/index.php?rest_route=%2Fwp%2Fv2%2Fcomments&post=71652"}],"version-history":[{"count":3,"href":"https:\/\/miradordeatarfe.es\/index.php?rest_route=\/wp\/v2\/posts\/71652\/revisions"}],"predecessor-version":[{"id":71657,"href":"https:\/\/miradordeatarfe.es\/index.php?rest_route=\/wp\/v2\/posts\/71652\/revisions\/71657"}],"wp:featuredmedia":[{"embeddable":true,"href":"https:\/\/miradordeatarfe.es\/index.php?rest_route=\/wp\/v2\/media\/71656"}],"wp:attachment":[{"href":"https:\/\/miradordeatarfe.es\/index.php?rest_route=%2Fwp%2Fv2%2Fmedia&parent=71652"}],"wp:term":[{"taxonomy":"category","embeddable":true,"href":"https:\/\/miradordeatarfe.es\/index.php?rest_route=%2Fwp%2Fv2%2Fcategories&post=71652"},{"taxonomy":"post_tag","embeddable":true,"href":"https:\/\/miradordeatarfe.es\/index.php?rest_route=%2Fwp%2Fv2%2Ftags&post=71652"}],"curies":[{"name":"wp","href":"https:\/\/api.w.org\/{rel}","templated":true}]}}