{"id":71678,"date":"2024-10-09T09:53:26","date_gmt":"2024-10-09T07:53:26","guid":{"rendered":"https:\/\/miradordeatarfe.es\/?p=71678"},"modified":"2024-10-09T11:16:38","modified_gmt":"2024-10-09T09:16:38","slug":"edadismo-una-discriminacion-social-que-pasa-desapercibida","status":"publish","type":"post","link":"https:\/\/miradordeatarfe.es\/?p=71678","title":{"rendered":"Edadismo, una discriminaci\u00f3n social que pasa desapercibida"},"content":{"rendered":"<h3 class=\"ap-ct_s subtitle_replace\" style=\"text-align: justify;\">El 45% de los mayores de 65 a\u00f1os afirma haberse sentido discriminado por la edad. El fen\u00f3meno, tan arraigado que no suele reconocerse, se aborda ya desde la perspectiva cl\u00ednica y sociol\u00f3gica, pero tambi\u00e9n personal. Juan Antonio, Paloma y Mar\u00eda<\/h3>\n<p class=\"\" style=\"text-align: justify;\">\u201cSe\u00f1or, pero \u00bfusted va a ser capaz de pagar con el m\u00f3vil?\u201d. \u201cYa est\u00e1 otra vez la abuelita contando batallas de su \u00e9poca\u201d. \u201cSe\u00f1ora, \u00bfno cree que es demasiado mayor para conducir?\u201d. Juan Antonio Rom\u00e1n (Almer\u00eda, 82 a\u00f1os), Paloma Alcubilla (Madrid, 80 a\u00f1os) y Mar\u00eda Eugenia Gorostiza (Madrid, 79 a\u00f1os) conocen muy bien este tipo de situaciones. Saben de qu\u00e9 se trata. Se llama edadismo, un tipo de discriminaci\u00f3n social por razones de edad, estructural en todo el mundo y que afecta especialmente a personas mayores seg\u00fan expertos, entidades y Naciones Unidas. De hecho, el <a href=\"https:\/\/iris.who.int\/bitstream\/handle\/10665\/340208\/9789240016866-eng.pdf?sequence=1&amp;isAllowed=y\" data-link-track-dtm=\"\" data-mrf-link=\"https:\/\/iris.who.int\/bitstream\/handle\/10665\/340208\/9789240016866-eng.pdf?sequence=1&amp;isAllowed=y\"><i>Informe global sobre el edadismo<\/i><\/a> publicado por esta organizaci\u00f3n en 2021, sit\u00faa en un 45% el n\u00famero de espa\u00f1oles mayores de 65 a\u00f1os que lo padece, aunque se estima que el porcentaje es mayor porque est\u00e1 tan normalizado que pasa desapercibido.<\/p>\n<p class=\"\" style=\"text-align: justify;\">Para V\u00e2nia de la Fuente-N\u00fa\u00f1ez, m\u00e9dica, antrop\u00f3loga, experta en edadismo, <a href=\"https:\/\/fundacionlacaixa.org\/es\/personas-mayores-ciclo-debates\" target=\"_blank\" rel=\"noopener\" data-link-track-dtm=\"\" data-mrf-link=\"https:\/\/fundacionlacaixa.org\/es\/personas-mayores-ciclo-debates\">ex becaria de la Fundaci\u00f3n la Caixa<\/a> y una de las coautoras de este informe, el edadismo lleva mucho tiempo entre nosotros y se ha convertido en un problema de salud p\u00fablica. Act\u00faa a partir de tres niveles: por nuestra forma de pensar, es decir, a trav\u00e9s de estereotipos (\u201dlas personas mayores son cascarrabias, lentas\u201d); por los prejuicios derivados por nuestra forma de sentir (\u201dun anciano caminando solo por la calle nos apena o nos conmueve\u201d) y por nuestra forma de actuar (\u201dme molesta que las personas mayores conduzcan o que acaparen los supermercados a ciertas horas\u201d).<\/p>\n<p class=\"\" style=\"text-align: justify;\">Sin embargo, el t\u00e9rmino no se incluy\u00f3 hasta el a\u00f1o 2022 en el diccionario de Real Academia Espa\u00f1ola, pese a llevar acu\u00f1ado desde los setenta. Aquello fue un paso, porque \u201csi no tenemos un concepto que defina a un fen\u00f3meno es como si no existiera\u201d, dice De la Fuente-N\u00fa\u00f1ez. Pero existe y est\u00e1 en todas partes, lo atraviesa todo: la familia, el cine, la literatura, los medios de comunicaci\u00f3n y las instituciones, desde la Administraci\u00f3n p\u00fablica hasta la escuela, universidad o empresas, siendo especialmente llamativo en \u00e1mbitos como la sanidad.<\/p>\n<div class=\"raw_html\" style=\"text-align: justify;\">\n<div>\n<div class=\"_gly_d\">\n<div>\n<div><iframe loading=\"lazy\" title=\"Ficha1 - DSK\" src=\"https:\/\/view.genially.com\/6675589ff4171100145a46d2\" width=\"970\" height=\"570\" frameborder=\"0\" scrolling=\"yes\" allowfullscreen=\"allowfullscreen\" data-mce-fragment=\"1\"><\/iframe><\/div>\n<\/div>\n<\/div>\n<\/div>\n<\/div>\n<p class=\"\" style=\"text-align: justify;\">Paloma Alcubilla se retir\u00f3 como periodista en 2007. \u201c\u00a1Qu\u00e9 bien vas a estar ahora en casa!\u201d, le repet\u00edan sus compa\u00f1eros de trabajo. Fue la primera vez que se encontr\u00f3 ante una situaci\u00f3n edadista, aunque en aquel momento apenas sab\u00eda lo que era. \u201cDejar de trabajar es percibir que dejas de aportar valor a la sociedad, que sobras y empiezas a resultar molesta. Siento que estoy expuesta a peleas constantes por tratar de conseguir mi espacio\u201d, comenta. Algo similar le ocurri\u00f3 durante un taller de dramatizaci\u00f3n, cuando su profesor <i>invit\u00f3<\/i> a los m\u00e1s mayores a que abandonaran el curso al centrarse en los m\u00e1s j\u00f3venes. Pero Alcubilla se niega a perpetuar esa actitud. Estudia, escribe, asiste a todo tipo de cursos (la mayor\u00eda impartidos por la Fundaci\u00f3n la Caixa), va al conservatorio, a coloquios, a clubes de lectura. Esa es su rutina para no sentirse \u201canestesiada\u201d.<\/p>\n<div class=\"raw_html\" style=\"text-align: justify;\">\n<div>\n<div class=\"sumario\">\n<div class=\"sumario-img\"><picture><source srcset=\"https:\/\/ep01.epimg.net\/estaticos\/arc\/2024\/06\/enprogreso-edadismo\/img\/sumario-2.jpg\" media=\"(min-width: 768px)\" \/><img data-recalc-dims=\"1\" decoding=\"async\" src=\"https:\/\/i0.wp.com\/ep01.epimg.net\/estaticos\/arc\/2024\/06\/enprogreso-edadismo\/img\/sumario-2-mv.jpg?w=640&#038;ssl=1\" \/> <\/picture><\/div>\n<div class=\"sumario-text\">\n<p>\u201cLas limitaciones est\u00e1n en la salud y en la movilidad. Pierdes energ\u00eda, pero no las ganas de aprender, de salir\u201d, explica Paloma Alcubilla (izquierda). Para Mar\u00eda Eugenia Gorostiza, hace falta mayor implicaci\u00f3n por parte de las instituciones: \u201cLa gente no sabe a d\u00f3nde acudir\u201d.<\/p>\n<\/div>\n<\/div>\n<\/div>\n<\/div>\n<h2 class=\"\" style=\"text-align: justify;\"><b>Edadismo autoinfligido, el m\u00e1s perjudicial<\/b><\/h2>\n<p class=\"\" style=\"text-align: justify;\">Uno de los aspectos m\u00e1s da\u00f1inos del edadismo es el que afecta a nuestra propia autopercepci\u00f3n. Es lo que De la Fuente-N\u00fa\u00f1ez denomina como \u201cedadismo autoinfligido\u201d o \u201cprofec\u00eda autocumplida\u201d. Una vez llegadas a la etapa de la vejez, las personas que hayan interiorizado todos esos estereotipos a lo largo de su vida act\u00faan en consecuencia y empiezan a autolimitarse, a dejar de cumplir objetivos, como planificar un viaje o aprender a tocar un instrumento. Esa resignaci\u00f3n aparece porque creen que es lo que les toca. Y tiene un impacto negativo en la salud: est\u00e1 asociada a un mayor riesgo de sufrir depresi\u00f3n, soledad no deseada, deterioro cognitivo o muerte prematura.<\/p>\n<p class=\"\" style=\"text-align: justify;\">Pero esquivar ese autoedadismo requiere a veces de mucho esfuerzo para mantener un esp\u00edritu curioso y dispuesto a nuevos aprendizajes. Es lo que trabaja Mar\u00eda Eugenia Gorostiza cada d\u00eda. Aunque confiesa no haber sufrido nunca las peores consecuencias de esta discriminaci\u00f3n, s\u00ed sabe lo que entra\u00f1a: \u201cClaro que sientes soledad. Pierdes tu trabajo, tus hijos se van de casa, entras en otra fase. Pero contra eso tienes que luchar, oblig\u00e1ndote a ser proactiva. Tiene que salir de ti, porque el empuje social todav\u00eda no se ha dado\u201d.<\/p>\n<p class=\"\" style=\"text-align: justify;\">Por eso insiste en generar conciencia desde la familia, una pieza indispensable para valorar la sabidur\u00eda, la resiliencia y la trayectoria vital de las primeras generaciones: \u201cLos abuelos no solo son los que compran las chuches y cuidan de los nietos cuando los padres no est\u00e1n. Hace falta m\u00e1s contacto para que valoren todo lo que les ense\u00f1an. Me sorprende que haya tan pocos ni\u00f1os en residencias de personas mayores\u201d, a\u00f1ade.<\/p>\n<p class=\"\" style=\"text-align: justify;\">Juan Antonio Rom\u00e1n sostiene esa misma filosof\u00eda. Aunque admite haberse sentido siempre integrado en su trabajo y familia, s\u00ed ha visto situaciones edadistas a su alrededor. Las experiment\u00f3 sobre todo cuando fue presidente del Esplai Sant Jordi en el a\u00f1o 2012, una asociaci\u00f3n del centro de personas mayores de Sant Lluis (Barcelona) y perteneciente a la red de centros de la Fundaci\u00f3n la Caixa. All\u00ed, colaboraba con adolescentes y mayores con el objetivo de que todo el mundo interviniera en distintas actividades. Desde entonces, est\u00e1 m\u00e1s implicado que nunca: \u201cEn cuanto lo detecto me veo en la necesidad de intervenir. Me hace da\u00f1o. Por eso, a mis nietos siempre les digo que nos traten con la misma tolerancia y respeto que a los dem\u00e1s. Y a mis amigos, que la edad no es ning\u00fan impedimento de nada, porque lo contrario es lo que de verdad te a\u00edsla y te hace envejecer\u201d.<\/p>\n<div class=\"raw_html\" style=\"text-align: justify;\">\n<div>\n<div class=\"sumario\">\n<div class=\"sumario-img\"><picture><source srcset=\"https:\/\/ep01.epimg.net\/estaticos\/arc\/2024\/06\/enprogreso-edadismo\/img\/sumario-1.jpg\" media=\"(min-width: 768px)\" \/><img data-recalc-dims=\"1\" decoding=\"async\" src=\"https:\/\/i0.wp.com\/ep01.epimg.net\/estaticos\/arc\/2024\/06\/enprogreso-edadismo\/img\/sumario-1-mv.jpg?w=640&#038;ssl=1\" \/> <\/picture><\/div>\n<div class=\"sumario-text\">\n<p>\u201cSuelo jugar con mi nieta al escondite o a llevarla a caballito\u00bb, explica Juan Antonio Rom\u00e1n, de 82 a\u00f1os. Al d\u00eda siguiente me duele la espalda, pero \u00bfeso me impide disfrutar con ella? Ni en broma\u201d.<\/p>\n<\/div>\n<\/div>\n<\/div>\n<\/div>\n<h2 class=\"\" style=\"text-align: justify;\"><b>La importancia del lenguaje para combatir el edadismo<\/b><\/h2>\n<p class=\"\" style=\"text-align: justify;\">Conseguir que todas las personas, independientemente de la edad, tengan las mismas oportunidades es uno de los objetivos que la Fundaci\u00f3n la Caixa se ha propuesto en su Programa para Personas Mayores para sensibilizar sobre el edadismo. Una iniciativa que trata de empoderarlas, fomentando las relaciones en su entorno para que se sientan m\u00e1s independientes, activas, valiosas y seguras de s\u00ed mismas. Pero el programa tambi\u00e9n se dirige a la sociedad, donde la vejez es percibida como una etapa poco productiva y gravosa. Y para acabar con los mitos de ese sector de la poblaci\u00f3n, es imprescindible el buen uso del lenguaje. Por eso, la entidad lanz\u00f3 en 2023 el <a href=\"https:\/\/fundacionlacaixa.org\/es\/personas-mayores-recursos-digitales-glosario-edadismo\" data-link-track-dtm=\"\" data-mrf-link=\"https:\/\/fundacionlacaixa.org\/es\/personas-mayores-recursos-digitales-glosario-edadismo\">Glosario sobre edadismo<\/a>, un documento que reflexiona sobre palabras y expresiones aparentemente inocentes pero que pueden resultar muy da\u00f1inas si se utilizan de forma inadecuada.<\/p>\n<p class=\"\" style=\"text-align: justify;\">Para la psicoger\u00f3ntologa Montserrat Celdr\u00e1n, autora del glosario, el lenguaje es la puerta de entrada del edadismo. Una simple palabra es capaz de despersonalizar, de marcar distancias, de infantilizar: \u201cPalabras como \u2018abuelito\u2019 o \u2018nuestros jubilados y pensionistas\u2019 pueden parecer cari\u00f1osas, pero restan autonom\u00eda y protagonismo a esas personas\u201d, explica. Por eso Celdr\u00e1n aboga por incorporar la edad a cualquier estamento y por actuar desde las guarder\u00edas, escuelas y universidades, pasando por campa\u00f1as institucionales y medios de comunicaci\u00f3n para generar conciencia, visibilizar el problema, convencer del valor que representan las personas mayores y poner el acento en el derroche de experiencia que significa no contar con ellas.<\/p>\n<div class=\"raw_html\" style=\"text-align: justify;\">\n<div>\n<div class=\"_gly_d\">\n<div>\n<div><iframe loading=\"lazy\" title=\"Ficha2 - DSK\" src=\"https:\/\/view.genially.com\/66755e8a7802ca00146bed21\" width=\"970\" height=\"540\" frameborder=\"0\" scrolling=\"yes\" allowfullscreen=\"allowfullscreen\" data-mce-fragment=\"1\"><\/iframe><\/div>\n<\/div>\n<\/div>\n<\/div>\n<\/div>\n<p class=\"\" style=\"text-align: justify;\">Esa incredulidad asentada y compartida socialmente sobre las habilidades de una persona mayor parece que empieza a desmoronarse. Poco a poco, los estigmas con los que hasta ahora ha cargado la vejez como el aislamiento, el desinter\u00e9s por las cosas o la incapacidad para adaptarse a las tecnolog\u00edas se est\u00e1n sustituyendo por actitudes en positivo como las de Alcubilla, Rom\u00e1n o Gorostiza. Un sector de la poblaci\u00f3n que no renuncia, que se siente valioso, que aporta conocimiento, que hace planes y que no cuenta \u201cbatallitas de su \u00e9poca\u201d, porque su \u00e9poca no ha pasado. \u201cMe siento en la edad de oro. Nunca me he visto tan l\u00facido, tan preparado y con tantas ganas de aprender algo nuevo cada d\u00eda\u201d, cierra Rom\u00e1n.<\/p>\n<div class=\"a_de\" data-dtm-region=\"articulo_sumarioenlaces-despiece\">\n<h3 class=\"a_de_t\" style=\"text-align: justify;\"><em>Una discriminaci\u00f3n que tambi\u00e9n afecta a los m\u00e1s j\u00f3venes<\/em><\/h3>\n<div class=\"a_de_txt\">\n<p style=\"text-align: justify;\"><em>El edadismo tambi\u00e9n se manifiesta entre la poblaci\u00f3n m\u00e1s joven, sobre todo entre aquellos que acaban de empezar su carrera laboral. Para la experta internacional en envejecimiento, V\u00e2nia de la Fuente-N\u00fa\u00f1ez, uno de cada tres j\u00f3venes europeos reporta edadismo, m\u00e1s que los mayores. Pero el problema es que no saben apreciar esas situaciones de discriminaci\u00f3n, ni tampoco asociarlas: \u201cSe creen que vivir periodos interminables de pr\u00e1cticas o ignorar sus propuestas en el trabajo es lo que les toca, por no tener todav\u00eda experiencia suficiente o por sufrir el s\u00edndrome del impostor\u201d, apunta. En el v\u00eddeo situado sobre estas l\u00edneas, un cap\u00edtulo de A fondo, el proyecto de la Fundaci\u00f3n la Caixa para abordar temas psicosociales, la periodista Gemma Nierga y la psicogeront\u00f3loga Montse Celdr\u00e1n conversan sobre la importancia del intercambio intergeneracional: \u201cSi junt\u00e1ramos a los mayores con los j\u00f3venes a nivel educativo o social, romper\u00edamos estereotipos y con esa lejan\u00eda que los separa. Hay tanto conocimiento mutuo que pueden aprender unos de otros&#8230;\u201d, a\u00f1ade Celdr\u00e1n.<\/em><\/p>\n<\/div>\n<\/div>\n<h3 class=\"ap-ct_s subtitle_replace\"><a class=\"a_md_a_n\" title=\"Ver todas las noticias de Micaela Llorens\" href=\"https:\/\/elpais.com\/autor\/micaela-llorens-velasco\/#?rel=author_top\" data-mrf-link=\"https:\/\/elpais.com\/autor\/micaela-llorens-velasco\/\">Micaela Llorens<\/a><\/h3>\n<p class=\"ap-ct_s subtitle_replace\">FOTO:https:\/\/www.ortopediasilvio.com\/blog\/elena-del-barrio-experta-en-edadismo-la-discriminacion-a-los-mayores-se-ha-naturalizado-en-nuestra-sociedad\/<\/p>\n<p>https:\/\/elpais.com\/sociedad\/en-progreso\/2024-06-26\/edadismo-una-discriminacion-social-que-pasa-desapercibida.html<\/p>\n<p>&nbsp;<\/p>\n","protected":false},"excerpt":{"rendered":"<p>El 45% de los mayores de 65 a\u00f1os afirma haberse sentido discriminado por la edad&#8230;.<\/p>\n","protected":false},"author":1,"featured_media":71780,"comment_status":"closed","ping_status":"closed","sticky":false,"template":"","format":"standard","meta":{"_coblocks_attr":"","_coblocks_dimensions":"","_coblocks_responsive_height":"","_coblocks_accordion_ie_support":"","jetpack_post_was_ever_published":false,"_jetpack_newsletter_access":"","_jetpack_dont_email_post_to_subs":false,"_jetpack_newsletter_tier_id":0,"_jetpack_memberships_contains_paywalled_content":false,"_jetpack_memberships_contains_paid_content":false,"footnotes":"","jetpack_publicize_message":"","jetpack_publicize_feature_enabled":true,"jetpack_social_post_already_shared":true,"jetpack_social_options":{"image_generator_settings":{"template":"highway","default_image_id":0,"enabled":false},"version":2}},"categories":[1161,44,6937],"tags":[],"class_list":["post-71678","post","type-post","status-publish","format-standard","has-post-thumbnail","hentry","category-ciudadania","category-noticias-de-hoy","category-sociedad"],"jetpack_publicize_connections":[],"jetpack_featured_media_url":"https:\/\/i0.wp.com\/miradordeatarfe.es\/wp-content\/uploads\/2024\/10\/elena-del-barrio-experta-en-edadismo-la-discriminacion-a-los-mayores-se-ha-naturalizado-en-nuestra-sociedad.png?fit=1200%2C675&ssl=1","jetpack_likes_enabled":true,"jetpack_sharing_enabled":true,"_links":{"self":[{"href":"https:\/\/miradordeatarfe.es\/index.php?rest_route=\/wp\/v2\/posts\/71678","targetHints":{"allow":["GET"]}}],"collection":[{"href":"https:\/\/miradordeatarfe.es\/index.php?rest_route=\/wp\/v2\/posts"}],"about":[{"href":"https:\/\/miradordeatarfe.es\/index.php?rest_route=\/wp\/v2\/types\/post"}],"author":[{"embeddable":true,"href":"https:\/\/miradordeatarfe.es\/index.php?rest_route=\/wp\/v2\/users\/1"}],"replies":[{"embeddable":true,"href":"https:\/\/miradordeatarfe.es\/index.php?rest_route=%2Fwp%2Fv2%2Fcomments&post=71678"}],"version-history":[{"count":2,"href":"https:\/\/miradordeatarfe.es\/index.php?rest_route=\/wp\/v2\/posts\/71678\/revisions"}],"predecessor-version":[{"id":71779,"href":"https:\/\/miradordeatarfe.es\/index.php?rest_route=\/wp\/v2\/posts\/71678\/revisions\/71779"}],"wp:featuredmedia":[{"embeddable":true,"href":"https:\/\/miradordeatarfe.es\/index.php?rest_route=\/wp\/v2\/media\/71780"}],"wp:attachment":[{"href":"https:\/\/miradordeatarfe.es\/index.php?rest_route=%2Fwp%2Fv2%2Fmedia&parent=71678"}],"wp:term":[{"taxonomy":"category","embeddable":true,"href":"https:\/\/miradordeatarfe.es\/index.php?rest_route=%2Fwp%2Fv2%2Fcategories&post=71678"},{"taxonomy":"post_tag","embeddable":true,"href":"https:\/\/miradordeatarfe.es\/index.php?rest_route=%2Fwp%2Fv2%2Ftags&post=71678"}],"curies":[{"name":"wp","href":"https:\/\/api.w.org\/{rel}","templated":true}]}}