{"id":71688,"date":"2024-10-08T11:28:00","date_gmt":"2024-10-08T09:28:00","guid":{"rendered":"https:\/\/miradordeatarfe.es\/?p=71688"},"modified":"2024-10-07T13:16:56","modified_gmt":"2024-10-07T11:16:56","slug":"atarfe-ii-jornadas-de-salud-mental","status":"publish","type":"post","link":"https:\/\/miradordeatarfe.es\/?p=71688","title":{"rendered":"ATARFE: II JORNADAS DE SALUD MENTAL POR EVA JIM\u00c9NEZ"},"content":{"rendered":"<h3 style=\"text-align: justify;\">Con motivo del D\u00eda Mundial de la Salud Mental, las Concejal\u00edas de Bienestar Social y Participaci\u00f3n Ciudadana te invitan a la charla \u00abUn camino propio\u00bb, impartida por Eva Jim\u00e9nez, psic\u00f3loga general sanitaria y especialista en Terapias Contextuales.<\/h3>\n<h3 style=\"text-align: justify;\"><strong>Fecha: Jueves, 10 de octubre<\/strong><br \/>\n<strong>Hora: 18:00<\/strong><br \/>\n<strong>Lugar: Centro C\u00edvico<\/strong><\/h3>\n<p style=\"text-align: justify;\">En esta charla, nos hablaran de c\u00f3mo se construye la salud mental en cada persona y c\u00f3mo empezar a trabajar en nuestro bienestar emocional. Compartiremos experiencias vividas y aprenderemos herramientas pr\u00e1cticas para encontrar nuestro propio camino hacia una vida m\u00e1s plena y con sentido. Si sientes que te has perdido o simplemente quieres saber m\u00e1s sobre salud mental, esta charla es para ti.<\/p>\n<div class=\"elementor-element elementor-element-6c20c1ee elementor-widget elementor-widget-text-editor\" style=\"text-align: justify;\" data-id=\"6c20c1ee\" data-element_type=\"widget\" data-widget_type=\"text-editor.default\">\n<div class=\"elementor-widget-container\">\n<p><em>\u00abEmpec\u00e9 mi camino como psic\u00f3loga hace 13 a\u00f1os, aunque mi vocaci\u00f3n para ayudar a la gente empez\u00f3 mucho antes. Participo como voluntaria en la Asociaci\u00f3n <strong>APIEMA<\/strong> de Atarfe, donde pude trabajar con ni\u00f1os con necesidades especiales. Posteriormente, tuve la oportunidad de trabajar con personas con da\u00f1o cerebral adquirido en <strong>AGREDACE<\/strong> y la Residencia Mar\u00eda Zayas y, adem\u00e1s, pude formarme con grandes profesionales de la salud mental como Jos\u00e9 Mar\u00eda Torralba o Noelia S\u00e1ez. A partir de estas experiencias, decid\u00ed ampliar mi formaci\u00f3n en el \u00e1mbito cl\u00ednico, especializ\u00e1ndome en diferentes t\u00e9cnicas de tratamiento psicol\u00f3gico, para poder dar un tratamiento psicol\u00f3gico de alta calidad.\u00bb<\/em><\/p>\n<\/div>\n<\/div>\n<div class=\"elementor-element elementor-element-88cae0a elementor-drop-cap-yes elementor-hidden-phone elementor-drop-cap-view-default elementor-widget elementor-widget-text-editor\" style=\"text-align: justify;\" data-id=\"88cae0a\" data-element_type=\"widget\" data-settings=\"{&quot;drop_cap&quot;:&quot;yes&quot;}\" data-widget_type=\"text-editor.default\">\n<div class=\"elementor-widget-container\">\n<p><span class=\"elementor-drop-cap\"><span class=\"elementor-drop-cap-letter\">A <\/span><\/span>d\u00eda de hoy, tanto las Terapias Contextuales como la Cognitivo Conductual son las t\u00e9cnicas m\u00e1s eficaces para el tratamiento de ansiedad, depresi\u00f3n, fobias, estr\u00e9s post traum\u00e1tico, problemas de pareja, problemas de conducta, etapas de crisis personales y da\u00f1o cerebral adquirido.<\/p>\n<p><strong><em>Mi objetivo principal es mejorar la calidad de vida del paciente y que logre alcanzar una vida plena.<\/em><\/strong><\/p>\n<p><em>Yo no trabajo con etiquetas diagn\u00f3sticas, porque considero que estigmatizan m\u00e1s que ayudar por lo que, el trabajo en terapia, se va a centrar en buscar qu\u00e9 conductas son las que est\u00e1n ocasionando el problema, cu\u00e1l es su funci\u00f3n y, desde ah\u00ed, trabajar activamente hacia los objetivos que te propongas.<\/em><\/p>\n<p><em>A trav\u00e9s del trabajo en terapia te voy a ayudar a conocer mejor tus emociones, c\u00f3mo act\u00faas cuando cada una de ellas aparecen, a expresarlas de una forma adecuada, a relacionarte mejor con tu mente y los pensamientos que continuamente te asaltan, a poner l\u00edmites, a desarrollar habilidades que te hagan desenvolverte mejor en tu vida diaria y a descubrir y desarrollar acciones que te lleven a la vida que realmente quieres llevar.<\/em><\/p>\n<\/div>\n<\/div>\n<p style=\"text-align: justify;\">No es necesario inscribirse, \u00a1ven y participa!<\/p>\n<p style=\"text-align: justify;\"><a href=\"https:\/\/i0.wp.com\/miradordeatarfe.es\/wp-content\/uploads\/2024\/10\/Imagen-de-WhatsApp-2024-10-07-a-las-09.35.54_aaaef74f.jpg?ssl=1\"><img data-recalc-dims=\"1\" loading=\"lazy\" decoding=\"async\" class=\"alignnone wp-image-71689 \" src=\"https:\/\/i0.wp.com\/miradordeatarfe.es\/wp-content\/uploads\/2024\/10\/Imagen-de-WhatsApp-2024-10-07-a-las-09.35.54_aaaef74f.jpg?resize=640%2C905&#038;ssl=1\" alt=\"\" width=\"640\" height=\"905\" srcset=\"https:\/\/i0.wp.com\/miradordeatarfe.es\/wp-content\/uploads\/2024\/10\/Imagen-de-WhatsApp-2024-10-07-a-las-09.35.54_aaaef74f.jpg?w=600&amp;ssl=1 600w, https:\/\/i0.wp.com\/miradordeatarfe.es\/wp-content\/uploads\/2024\/10\/Imagen-de-WhatsApp-2024-10-07-a-las-09.35.54_aaaef74f.jpg?resize=212%2C300&amp;ssl=1 212w\" sizes=\"auto, (max-width: 640px) 100vw, 640px\" \/><\/a><\/p>\n","protected":false},"excerpt":{"rendered":"<p>Con motivo del D\u00eda Mundial de la Salud Mental, las Concejal\u00edas de Bienestar Social y&#8230;<\/p>\n","protected":false},"author":1,"featured_media":71690,"comment_status":"closed","ping_status":"closed","sticky":false,"template":"","format":"standard","meta":{"_coblocks_attr":"","_coblocks_dimensions":"","_coblocks_responsive_height":"","_coblocks_accordion_ie_support":"","jetpack_post_was_ever_published":false,"_jetpack_newsletter_access":"","_jetpack_dont_email_post_to_subs":false,"_jetpack_newsletter_tier_id":0,"_jetpack_memberships_contains_paywalled_content":false,"_jetpack_memberships_contains_paid_content":false,"footnotes":"","jetpack_publicize_message":"","jetpack_publicize_feature_enabled":true,"jetpack_social_post_already_shared":true,"jetpack_social_options":{"image_generator_settings":{"template":"highway","default_image_id":0,"enabled":false},"version":2}},"categories":[6916,1161,44],"tags":[],"class_list":["post-71688","post","type-post","status-publish","format-standard","has-post-thumbnail","hentry","category-ayuntamiento-de-atarfe","category-ciudadania","category-noticias-de-hoy"],"jetpack_publicize_connections":[],"jetpack_featured_media_url":"https:\/\/i0.wp.com\/miradordeatarfe.es\/wp-content\/uploads\/2024\/10\/FOTO-5-q3ji54c8kjs2jmsgkxc95cecrybv33ilt8iiahrqmg.jpg.webp?fit=500%2C500&ssl=1","jetpack_likes_enabled":true,"jetpack_sharing_enabled":true,"_links":{"self":[{"href":"https:\/\/miradordeatarfe.es\/index.php?rest_route=\/wp\/v2\/posts\/71688","targetHints":{"allow":["GET"]}}],"collection":[{"href":"https:\/\/miradordeatarfe.es\/index.php?rest_route=\/wp\/v2\/posts"}],"about":[{"href":"https:\/\/miradordeatarfe.es\/index.php?rest_route=\/wp\/v2\/types\/post"}],"author":[{"embeddable":true,"href":"https:\/\/miradordeatarfe.es\/index.php?rest_route=\/wp\/v2\/users\/1"}],"replies":[{"embeddable":true,"href":"https:\/\/miradordeatarfe.es\/index.php?rest_route=%2Fwp%2Fv2%2Fcomments&post=71688"}],"version-history":[{"count":5,"href":"https:\/\/miradordeatarfe.es\/index.php?rest_route=\/wp\/v2\/posts\/71688\/revisions"}],"predecessor-version":[{"id":71695,"href":"https:\/\/miradordeatarfe.es\/index.php?rest_route=\/wp\/v2\/posts\/71688\/revisions\/71695"}],"wp:featuredmedia":[{"embeddable":true,"href":"https:\/\/miradordeatarfe.es\/index.php?rest_route=\/wp\/v2\/media\/71690"}],"wp:attachment":[{"href":"https:\/\/miradordeatarfe.es\/index.php?rest_route=%2Fwp%2Fv2%2Fmedia&parent=71688"}],"wp:term":[{"taxonomy":"category","embeddable":true,"href":"https:\/\/miradordeatarfe.es\/index.php?rest_route=%2Fwp%2Fv2%2Fcategories&post=71688"},{"taxonomy":"post_tag","embeddable":true,"href":"https:\/\/miradordeatarfe.es\/index.php?rest_route=%2Fwp%2Fv2%2Ftags&post=71688"}],"curies":[{"name":"wp","href":"https:\/\/api.w.org\/{rel}","templated":true}]}}