{"id":71754,"date":"2024-10-08T11:34:05","date_gmt":"2024-10-08T09:34:05","guid":{"rendered":"https:\/\/miradordeatarfe.es\/?p=71754"},"modified":"2024-10-07T15:37:42","modified_gmt":"2024-10-07T13:37:42","slug":"y-la-oficina-del-servicio-tributario-de-atarfe","status":"publish","type":"post","link":"https:\/\/miradordeatarfe.es\/?p=71754","title":{"rendered":"\u00bfY la OFICINA del SERVICIO DE TRIBUTOS DE ATARFE?"},"content":{"rendered":"<h3 style=\"text-align: justify;\">El PSOE pide a Diputaci\u00f3n (PP) que \u201ccumpla con el compromiso para que Atarfe cuente con una oficina del Servicio P<\/h3>\n<p style=\"text-align: justify;\">F\u00e1tima G\u00f3mez y Yolanda Fern\u00e1ndez afirman que esta nueva oficina \u201cmejorar\u00eda la prestaci\u00f3n de este servicio p\u00fablico y evitar\u00eda desplazamientos innecesarios y largas esperas en la de Albolote\u201d rovincial Tributario\u201d.El grupo socialista en la Diputaci\u00f3n de Granada ha pedido al gobierno del PP en la instituci\u00f3n provincial que \u201ccumpla con el compromiso para que el municipio de Atarfe cuente con una oficina del Servicio Provincial Tributario para prestar este servicio\u201d.<\/p>\n<section class=\"mt-3 seccion\">\n<div class=\"container mt-3\">\n<article class=\"clearfix articulo post-19590 post type-post status-publish format-standard has-post-thumbnail hentry category-portada category-sala-de-prensa\">\n<div class=\"row mt-3\">\n<div class=\"col-12 col-sm-12 col-md-12 col-lg-12\">\n<p style=\"text-align: justify;\">\u201cEl gobierno del PP debe llevar a cabo ese prop\u00f3sito para ofrecer un buen servicio a la ciudadan\u00eda tras anunciarse tiempo atr\u00e1s y a\u00fan no haberse concretado\u201d, ha se\u00f1alado la portavoz del grupo socialista en la Diputaci\u00f3n, F\u00e1tima G\u00f3mez.<\/p>\n<p style=\"text-align: justify;\">En una visita a Atarfe, junto a la alcaldesa del municipio, Yolanda Fern\u00e1ndez, y miembros del grupo socialista en la instituci\u00f3n provincial, G\u00f3mez ha recordado el convenio firmado hace poco m\u00e1s de un a\u00f1o por los dos anteriores gobiernos del PSOE tanto en la Diputaci\u00f3n como en el Ayuntamiento atarfe\u00f1o y que el actual gobierno del PP \u201cno ha llevado a la pr\u00e1ctica\u201d.<\/p>\n<p style=\"text-align: justify;\">\u201cLa Diputaci\u00f3n de Granada debe apostar por la mejora de los servicios p\u00fablicos, pero parece que eso no est\u00e1 entre sus prioridades, ya que en este caso, seguimos esperando una respuesta\u201d, ha apostillado.<\/p>\n<p style=\"text-align: justify;\">La socialista ha explicado que la puesta en marcha de la oficina del Servicio Provincial Tributario en Atarfe \u201cevitar\u00eda desplazamientos innecesarios a la ciudadan\u00eda del municipio y su entorno m\u00e1s cercano, as\u00ed como largas esperas en las instalaciones ubicadas en Albolote, que es de la que depende ahora Atarfe\u201d.<\/p>\n<p style=\"text-align: justify;\">\u201cUrge que el gobierno del PP atienda este compromiso y cumpla con el mismo\u201d, ha remarcado G\u00f3mez quien se ha preguntado por el papel que juega el diputado de Fondos Europeos, Desarrollo, Industria y Empleo dentro del equipo de gobierno y su capacidad de influencia en el mismo puesto que como concejal del PP que es tambi\u00e9n en el Ayuntamiento de Atarfe \u201cparece importarle muy poco aquello que es positivo para el municipio\u201d.<\/p>\n<p>As\u00ed, le ha animado \u201ca trabajar para que su propio gobierno cumpla con Atarfe. De lo contrario el compromiso y el gasto previsto no va a servir de nada\u201d.<\/p>\n<p style=\"text-align: justify;\">Por su parte, la alcaldesa de Atarfe, Yolanda Fern\u00e1ndez, ha mostrado su preocupaci\u00f3n porque <em>\u201ctras quince meses de gobierno del PP en la Diputaci\u00f3n de Granada, seguimos a la espera de que nos conteste qu\u00e9 va a pasar con la oficina de recaudaci\u00f3n que ten\u00edamos comprometida con la anterior corporaci\u00f3n\u201d.<\/em><\/p>\n<p style=\"text-align: justify;\">\u201cEsta oficina es imprescindible para un municipio que ha superado las y los 20.000 habitantes y que necesita dar ese servicio para evitar el incordio tan grande que supone ir a Albolote cada vez que hay que solucionar cualquier problema relacionado con la recaudaci\u00f3n de Atarfe\u201d, ha expuesto la regidora.<\/p>\n<\/div>\n<\/div>\n<\/article>\n<\/div>\n<\/section>\n<footer id=\"main-footer\" class=\"seccion-footer\"><\/footer>\n<p style=\"text-align: justify;\">PSOE PROVINCIAL<\/p>\n<p>https:\/\/psoe-granada.com\/el-psoe-pide-a-diputacion-pp-que-cumpla-con-el-compromiso-para-que-atarfe-cuente-con-una-oficina-del-servicio-provincial-tributario\/<\/p>\n","protected":false},"excerpt":{"rendered":"<p>El PSOE pide a Diputaci\u00f3n (PP) que \u201ccumpla con el compromiso para que Atarfe cuente&#8230;<\/p>\n","protected":false},"author":1,"featured_media":71755,"comment_status":"closed","ping_status":"closed","sticky":false,"template":"","format":"standard","meta":{"_coblocks_attr":"","_coblocks_dimensions":"","_coblocks_responsive_height":"","_coblocks_accordion_ie_support":"","jetpack_post_was_ever_published":false,"_jetpack_newsletter_access":"","_jetpack_dont_email_post_to_subs":false,"_jetpack_newsletter_tier_id":0,"_jetpack_memberships_contains_paywalled_content":false,"_jetpack_memberships_contains_paid_content":false,"footnotes":"","jetpack_publicize_message":"","jetpack_publicize_feature_enabled":true,"jetpack_social_post_already_shared":true,"jetpack_social_options":{"image_generator_settings":{"template":"highway","default_image_id":0,"enabled":false},"version":2}},"categories":[2,186,44],"tags":[],"class_list":["post-71754","post","type-post","status-publish","format-standard","has-post-thumbnail","hentry","category-atarfe","category-instituciones","category-noticias-de-hoy"],"jetpack_publicize_connections":[],"jetpack_featured_media_url":"https:\/\/i0.wp.com\/miradordeatarfe.es\/wp-content\/uploads\/2024\/10\/FOTO.-Fatima-Gomez-y-Yolanda-Fernandez-junto-a-miembros-del-grupo-socialista-en-la-Diputacion-de-Granada-y-del-equipo-de-gobierno-local-de-Atarfe-20241007-2048x1536-1.jpeg?fit=2048%2C1536&ssl=1","jetpack_likes_enabled":true,"jetpack_sharing_enabled":true,"_links":{"self":[{"href":"https:\/\/miradordeatarfe.es\/index.php?rest_route=\/wp\/v2\/posts\/71754","targetHints":{"allow":["GET"]}}],"collection":[{"href":"https:\/\/miradordeatarfe.es\/index.php?rest_route=\/wp\/v2\/posts"}],"about":[{"href":"https:\/\/miradordeatarfe.es\/index.php?rest_route=\/wp\/v2\/types\/post"}],"author":[{"embeddable":true,"href":"https:\/\/miradordeatarfe.es\/index.php?rest_route=\/wp\/v2\/users\/1"}],"replies":[{"embeddable":true,"href":"https:\/\/miradordeatarfe.es\/index.php?rest_route=%2Fwp%2Fv2%2Fcomments&post=71754"}],"version-history":[{"count":2,"href":"https:\/\/miradordeatarfe.es\/index.php?rest_route=\/wp\/v2\/posts\/71754\/revisions"}],"predecessor-version":[{"id":71757,"href":"https:\/\/miradordeatarfe.es\/index.php?rest_route=\/wp\/v2\/posts\/71754\/revisions\/71757"}],"wp:featuredmedia":[{"embeddable":true,"href":"https:\/\/miradordeatarfe.es\/index.php?rest_route=\/wp\/v2\/media\/71755"}],"wp:attachment":[{"href":"https:\/\/miradordeatarfe.es\/index.php?rest_route=%2Fwp%2Fv2%2Fmedia&parent=71754"}],"wp:term":[{"taxonomy":"category","embeddable":true,"href":"https:\/\/miradordeatarfe.es\/index.php?rest_route=%2Fwp%2Fv2%2Fcategories&post=71754"},{"taxonomy":"post_tag","embeddable":true,"href":"https:\/\/miradordeatarfe.es\/index.php?rest_route=%2Fwp%2Fv2%2Ftags&post=71754"}],"curies":[{"name":"wp","href":"https:\/\/api.w.org\/{rel}","templated":true}]}}