{"id":71758,"date":"2024-10-09T11:00:43","date_gmt":"2024-10-09T09:00:43","guid":{"rendered":"https:\/\/miradordeatarfe.es\/?p=71758"},"modified":"2024-10-09T11:09:10","modified_gmt":"2024-10-09T09:09:10","slug":"la-fundacion-sierra-elvira-de-atarfe-entrega-el-premio-internacional-de-novela-corta","status":"publish","type":"post","link":"https:\/\/miradordeatarfe.es\/?p=71758","title":{"rendered":"LA FUNDACI\u00d3N SIERRA ELVIRA DE ATARFE, ENTREGA  EL PREMIO INTERNACIONAL DE NOVELA CORTA"},"content":{"rendered":"<h3 style=\"text-align: justify;\">El pr\u00f3ximo<span style=\"color: #800000;\"> jueves 10 de octubre a las 19,30 horas, en el Palacete Alc\u00e1zar Genil<\/span> (C\/ Rey Abu Said s\/n 18006-Granada), tendr\u00e1 lugar la ceremonia de entrega del I Premio Internacional de Novela Corta \u201cFrancisco Ayala\u201d, creado en 2023 por la Fundaci\u00f3n Sierra Elvira con la colaboraci\u00f3n de la Fundaci\u00f3n Francisco Ayala y la editorial Traspi\u00e9s, al objeto de impulsar la actividad art\u00edstica y literaria de Granada m\u00e1s all\u00e1 del \u00e1mbito local y otorgar relevancia a uno de sus escritores m\u00e1s ilustres, Francisco Ayala, exponente del g\u00e9nero de novela corta.<\/h3>\n<p style=\"text-align: justify;\"><a href=\"https:\/\/i0.wp.com\/miradordeatarfe.es\/wp-content\/uploads\/2024\/10\/b9ecffa5-ff07-899d-22c6-60b6117c9919.jpeg?ssl=1\"><img data-recalc-dims=\"1\" loading=\"lazy\" decoding=\"async\" class=\"wp-image-71761  alignright\" src=\"https:\/\/i0.wp.com\/miradordeatarfe.es\/wp-content\/uploads\/2024\/10\/b9ecffa5-ff07-899d-22c6-60b6117c9919.jpeg?resize=237%2C252&#038;ssl=1\" alt=\"\" width=\"237\" height=\"252\" \/><\/a>Tras los pre\u00e1mbulos a cargo del presidente de la Fundaci\u00f3n Sierra Elvira, Cecilio Mart\u00edn Garc\u00eda, que abordar\u00e1 el desarrollo de la convocatoria desde su anuncio el pasado a\u00f1o y del director de la<br \/>\nFundaci\u00f3n Francisco Ayala, Manuel G\u00f3mez Ros, que se referir\u00e1 a la importancia del premio, se leer\u00e1 el Acta del Jurado con el fallo a favor del escritor <strong>Antonio Tocornal por su obra \u00c1rida<\/strong> <br \/>\nvalorada por su gran potencia narrativa, sus im\u00e1genes audaces y su atm\u00f3sfera literaria prof\u00e9tica que nos alerta de un desolado futuro.<\/p>\n<p style=\"text-align: justify;\">A continuaci\u00f3n, se le har\u00e1 entrega al ganador del cheque por importe de 6.000 euros y se presentar\u00e1 la obra ganadora, a cargo de la catedr\u00e1tica de la UGR, Cristina P\u00e9rez Valverde, y del editor de Traspi\u00e9s, Miguel \u00c1ngel C\u00e1liz, que ha sacado una primera edici\u00f3n de 1.000 ejemplares que ya se puede adquirir en librer\u00edas. Por \u00faltimo, se anunciar\u00e1 la convocatoria del II Premio para 2024.<\/p>\n<p style=\"text-align: justify;\">El Jurado emiti\u00f3 su fallo el pasado 24 de junio entre las siete novelas finalistas y estuvo presidido por el acad\u00e9mico de la RAE y escritor Jos\u00e9 Mar\u00eda Merino junto con reconocidas personalidades del mundo literario, period\u00edstico y universitario: la catedr\u00e1tica de Literatura Hispanoamericana y decana de la Facultad de Letras de la UGR, Ana Gallego; la escritora y periodista cultural, Eva D\u00edaz P\u00e9rez; el poeta y profesor de Literatura, Miguel \u00c1ngel Contreras; el escritor, Pedro Ruiz-Cabello; el escritor y editor, Miguel \u00c1ngel C\u00e1liz y el director de la Fundaci\u00f3n Francisco Ayala, Manuel G\u00f3mez Ros.<\/p>\n<p style=\"text-align: justify;\">Se presentaron a concurso en esta primera edici\u00f3n 808 manuscritos de m\u00e1s de una veintena de pa\u00edses otorg\u00e1ndole la relevancia internacional que se pretend\u00eda y con gran calidad.<\/p>\n<h3 style=\"text-align: justify;\">\nSinopsis<\/h3>\n<p style=\"text-align: justify;\">\u00c1rida es una aldea maldita ca\u00edda en la desgracia y el abandono, un espacio dist\u00f3pico con personajes dantescos en el borde de la ultratumba. Est\u00e1 situada en medio de una inmensa llanura des\u00e9rtica donde solo hay polvo, un calor asfixiante y el canto insoportable y constante de las enloquecidas chicharras. En ella solo habita el esp\u00edritu de la guardesa del viejo cementerio (y un galgo flaco), una anciana que cuida con esmero las tumbas de sus antepasados y acomoda a los caminantes aut\u00f3matas que van llegando: el peregrino del reloj de arena; el arriero sobre su carro negro tirado por mulas muertas; un soldado sin su uniforme; una ni\u00f1a peque\u00f1a que camina sola y asustada y hasta una calavera pelada, sin cara ni identidad.<\/p>\n<h3 style=\"text-align: justify;\"><strong>El autor<\/strong><\/h3>\n<p style=\"text-align: justify;\"><a href=\"https:\/\/i0.wp.com\/miradordeatarfe.es\/wp-content\/uploads\/2024\/10\/ANTONIO-TOCORNAL.jpg?ssl=1\"><img data-recalc-dims=\"1\" loading=\"lazy\" decoding=\"async\" class=\"size-medium wp-image-71760 alignleft\" src=\"https:\/\/i0.wp.com\/miradordeatarfe.es\/wp-content\/uploads\/2024\/10\/ANTONIO-TOCORNAL.jpg?resize=300%2C200&#038;ssl=1\" alt=\"\" width=\"300\" height=\"200\" srcset=\"https:\/\/i0.wp.com\/miradordeatarfe.es\/wp-content\/uploads\/2024\/10\/ANTONIO-TOCORNAL.jpg?resize=300%2C200&amp;ssl=1 300w, https:\/\/i0.wp.com\/miradordeatarfe.es\/wp-content\/uploads\/2024\/10\/ANTONIO-TOCORNAL.jpg?w=700&amp;ssl=1 700w\" sizes=\"auto, (max-width: 300px) 100vw, 300px\" \/><\/a>Antonio Tocornal Blanco, naci\u00f3 en San Fernando (C\u00e1diz) en 1964. Estudi\u00f3 Bellas Artes en Sevilla y, tras una larga estancia en Par\u00eds, se instal\u00f3 definitivamente en Mallorca. Sus cuentos cortos han sido premiados en m\u00e1s de treinta cert\u00e1menes. Ha publicado las novelas: La noche en que pude haber visto tocar a Dizzy Gillespie (Premio de Novela Vargas Llosa, 2017); Bajamares (Premio de Novela Corta Diputaci\u00f3n de C\u00f3rdoba, 2018); P\u00e1jaros en un cielo de esta\u00f1o (Premio Val\u00e8ncia de Narrativa en Castellano Alfons el Magn\u00e0nim, 2020); Malasanta (XLI Premio de Novela Felipe Trigo 2021 y finalista del XXIX Premio Andaluc\u00eda de la Cr\u00edtica 2022) y \u00c1rida (I Premio Internacional de Novela Corta \u201cFrancisco Ayala\u201d). Tambi\u00e9n ha publicado el libro de relatos Cadillac Ranch, con el que obtuvo el XXX Premio Andaluc\u00eda de la Cr\u00edtica 2023 y fue finalista del Premio Setenil. Compagina la escritura con los trabajos de edici\u00f3n y la cr\u00edtica literaria. Es profesor de narrativa en el M\u00e1ster de Formaci\u00f3n Permanente en Mediaci\u00f3n Ficcional y Creaci\u00f3n Literaria de la UGR. <\/p>\n","protected":false},"excerpt":{"rendered":"<p>El pr\u00f3ximo jueves 10 de octubre a las 19,30 horas, en el Palacete Alc\u00e1zar Genil&#8230;<\/p>\n","protected":false},"author":1,"featured_media":71759,"comment_status":"closed","ping_status":"closed","sticky":false,"template":"","format":"standard","meta":{"_coblocks_attr":"","_coblocks_dimensions":"","_coblocks_responsive_height":"","_coblocks_accordion_ie_support":"","jetpack_post_was_ever_published":false,"_jetpack_newsletter_access":"","_jetpack_dont_email_post_to_subs":false,"_jetpack_newsletter_tier_id":0,"_jetpack_memberships_contains_paywalled_content":false,"_jetpack_memberships_contains_paid_content":false,"footnotes":"","jetpack_publicize_message":"","jetpack_publicize_feature_enabled":true,"jetpack_social_post_already_shared":false,"jetpack_social_options":{"image_generator_settings":{"template":"highway","default_image_id":0,"enabled":false},"version":2}},"categories":[12,186,44],"tags":[],"class_list":["post-71758","post","type-post","status-publish","format-standard","has-post-thumbnail","hentry","category-cultura","category-instituciones","category-noticias-de-hoy"],"jetpack_publicize_connections":[],"jetpack_featured_media_url":"https:\/\/i0.wp.com\/miradordeatarfe.es\/wp-content\/uploads\/2024\/10\/PREMIO.jpg?fit=422%2C244&ssl=1","jetpack_likes_enabled":true,"jetpack_sharing_enabled":true,"_links":{"self":[{"href":"https:\/\/miradordeatarfe.es\/index.php?rest_route=\/wp\/v2\/posts\/71758","targetHints":{"allow":["GET"]}}],"collection":[{"href":"https:\/\/miradordeatarfe.es\/index.php?rest_route=\/wp\/v2\/posts"}],"about":[{"href":"https:\/\/miradordeatarfe.es\/index.php?rest_route=\/wp\/v2\/types\/post"}],"author":[{"embeddable":true,"href":"https:\/\/miradordeatarfe.es\/index.php?rest_route=\/wp\/v2\/users\/1"}],"replies":[{"embeddable":true,"href":"https:\/\/miradordeatarfe.es\/index.php?rest_route=%2Fwp%2Fv2%2Fcomments&post=71758"}],"version-history":[{"count":2,"href":"https:\/\/miradordeatarfe.es\/index.php?rest_route=\/wp\/v2\/posts\/71758\/revisions"}],"predecessor-version":[{"id":71763,"href":"https:\/\/miradordeatarfe.es\/index.php?rest_route=\/wp\/v2\/posts\/71758\/revisions\/71763"}],"wp:featuredmedia":[{"embeddable":true,"href":"https:\/\/miradordeatarfe.es\/index.php?rest_route=\/wp\/v2\/media\/71759"}],"wp:attachment":[{"href":"https:\/\/miradordeatarfe.es\/index.php?rest_route=%2Fwp%2Fv2%2Fmedia&parent=71758"}],"wp:term":[{"taxonomy":"category","embeddable":true,"href":"https:\/\/miradordeatarfe.es\/index.php?rest_route=%2Fwp%2Fv2%2Fcategories&post=71758"},{"taxonomy":"post_tag","embeddable":true,"href":"https:\/\/miradordeatarfe.es\/index.php?rest_route=%2Fwp%2Fv2%2Ftags&post=71758"}],"curies":[{"name":"wp","href":"https:\/\/api.w.org\/{rel}","templated":true}]}}