{"id":71767,"date":"2024-10-12T10:00:46","date_gmt":"2024-10-12T08:00:46","guid":{"rendered":"https:\/\/miradordeatarfe.es\/?p=71767"},"modified":"2024-11-10T11:33:18","modified_gmt":"2024-11-10T10:33:18","slug":"71767","status":"publish","type":"post","link":"https:\/\/miradordeatarfe.es\/?p=71767","title":{"rendered":"ATARFE: FIESTA DE LA REP\u00daBLICA DE 1932 por Jos\u00e9 Enrique Granados"},"content":{"rendered":"<div class=\"html-div xdj266r x11i5rnm xat24cr x1mh8g0r xexx8yu x4uap5 x18d9i69 xkhd6sd\" dir=\"auto\">\n<div id=\":r7i:\" class=\"x1l90r2v x1pi30zi x1swvt13 x1iorvi4\" data-ad-comet-preview=\"message\" data-ad-preview=\"message\">\n<div class=\"x78zum5 xdt5ytf xz62fqu x16ldp7u\">\n<div class=\"xu06os2 x1ok221b\">\n<div class=\"xdj266r x11i5rnm xat24cr x1mh8g0r x1vvkbs x126k92a\">\n<h3 dir=\"auto\" style=\"text-align: justify;\">El 19 de abril de 1932, El <em>Defensor<\/em> de Granada informaba de la celebraci\u00f3n el pasado 14, de las fiestas de la Rep\u00fablica en al provincia de Granada.<\/h3>\n<h3 dir=\"auto\" style=\"text-align: justify;\">De Atarfe, informaba Juan J. Ruiz Cabello quien textualmente dec\u00eda:<\/h3>\n<\/div>\n<div class=\"x11i5rnm xat24cr x1mh8g0r x1vvkbs xtlvy1s x126k92a\" style=\"text-align: justify;\">\n<div dir=\"auto\"><em>\u201cEl d\u00eda 14 de abril fue un amanecer alegre para los vecinos de Atarfe, que despertamos al sonido de una alegre diana que fue amenizada por nuestra ya famosa banda municipal, la que recorri\u00f3 las principales calles anunciando el principio de la fiesta del primer aniversario de esta ya definitiva Rep\u00fablica, pese a los antiguos caciques.<\/em><\/div>\n<\/div>\n<div class=\"x11i5rnm xat24cr x1mh8g0r x1vvkbs xtlvy1s x126k92a\" style=\"text-align: justify;\">\n<div dir=\"auto\"><em>Para tal fin la Corporaci\u00f3n municipal que tan acertadamente preside el alcalde don Manuel Poyatos, organiz\u00f3 un programa de festejos, mereciendo aquella toda clase de elogios por la esplendidez y el acierto con que se ha llevado a efecto.<\/em><\/div>\n<div dir=\"auto\">\u00a0<\/div>\n<div dir=\"auto\"><em>Como nota de inter\u00e9s he de hacer constar que para dar mayor realce a la fiesta el elemento obrero se asoci\u00f3 a ella, no trabaj\u00e1ndose en f\u00e1bricas, talleres ni en el campo.<\/em><\/div>\n<\/div>\n<div class=\"x11i5rnm xat24cr x1mh8g0r x1vvkbs xtlvy1s x126k92a\" style=\"text-align: justify;\">\n<div dir=\"auto\"><em>A las diez, en la plaza Gal\u00e1n y Garc\u00eda Hern\u00e1ndez se celebr\u00f3 una fiesta infantil a la que concurrieron todos los ni\u00f1os y ni\u00f1as de las escuelas nacionales con sus correspondientes maestros y acompa\u00f1ados por la banda de m\u00fasica se cantaron con bastante afinaci\u00f3n por m\u00e1s de 500 voces, bonitos himnos a la patria.<\/em><\/div>\n<div dir=\"auto\">\u00a0<\/div>\n<div dir=\"auto\"><em>A las cuatro de la tarde tuvo lugar un gran partido de f\u00fatbol al que concurri\u00f3 numeroso p\u00fablico, disput\u00e1ndose un valioso regalo de este ayuntamiento entre los dos equipos locales.<\/em><\/div>\n<\/div>\n<div class=\"x11i5rnm xat24cr x1mh8g0r x1vvkbs xtlvy1s x126k92a\" style=\"text-align: justify;\">\n<div dir=\"auto\"><em>A las ocho de la noche de form\u00f3 una grandiosa manifestaci\u00f3n que parti\u00f3 de la Casa del Pueblo, asistiendo a ella la banda de m\u00fasica que form\u00f3 a la cabeza y a continuaci\u00f3n las diversas banderas de las diferentes asociaciones afectas a la Uni\u00f3n General de Trabajadores.<\/em><\/div>\n<div dir=\"auto\">\u00a0<\/div>\n<\/div>\n<div class=\"x11i5rnm xat24cr x1mh8g0r x1vvkbs xtlvy1s x126k92a\" style=\"text-align: justify;\">\n<div dir=\"auto\"><em>Las calles que recorri\u00f3 la manifestaci\u00f3n presentaban animad\u00edsimo aspecto y durante el recorrido no ces\u00f3 el p\u00fablico de dar vivas a la Rep\u00fablica y al socialismo. Al llegar la manifestaci\u00f3n a las Casas Consistoriales fue recibida por el ayuntamiento en pleno y desde un balc\u00f3n dirigi\u00f3 la palabra el culto maestro nacional don Jos\u00e9 Salas, el que con gran elocuencia hizo una apolog\u00eda del r\u00e9gimen, se\u00f1alando todo cuanto en este a\u00f1o se ha hecho en materia constitucional, indicando que a\u00fan queda mucho por hacer para completar la obra de la revoluci\u00f3n.<\/em><\/div>\n<div dir=\"auto\">\u00a0<\/div>\n<\/div>\n<div class=\"x11i5rnm xat24cr x1mh8g0r x1vvkbs xtlvy1s x126k92a\" style=\"text-align: justify;\">\n<div dir=\"auto\"><em>A continuaci\u00f3n, hizo uso de la palabra don Antonio Luna, el que con detalles explic\u00f3 el panorama pol\u00edtico y social de Espa\u00f1a.<\/em><\/div>\n<div dir=\"auto\">\u00a0<\/div>\n<\/div>\n<div class=\"x11i5rnm xat24cr x1mh8g0r x1vvkbs xtlvy1s x126k92a\" style=\"text-align: justify;\">\n<div dir=\"auto\"><em>A las nueve hubo verbena y baile p\u00fablico en la plaza de la Rep\u00fablica y durante esta se quemaron bonitos juegos de pirotecnia.<\/em><\/div>\n<div dir=\"auto\">\u00a0<\/div>\n<\/div>\n<div class=\"x11i5rnm xat24cr x1mh8g0r x1vvkbs xtlvy1s x126k92a\" style=\"text-align: justify;\">\n<div dir=\"auto\"><em>La animaci\u00f3n y la alegr\u00eda duraron hasta las altas horas de la madrugada, no habiendo que lamentar ning\u00fan incidente, demostrando la clase trabajadora una vez m\u00e1s su civismo y lo capacitados est\u00e1n para la consolidaci\u00f3n del r\u00e9gimen\u201d.<\/em><\/div>\n<div dir=\"auto\">\u00a0<\/div>\n<\/div>\n<div class=\"x11i5rnm xat24cr x1mh8g0r x1vvkbs xtlvy1s x126k92a\" style=\"text-align: justify;\">\n<div dir=\"auto\">Foto remitida por Carmen Mar\u00eda Castellanos Morilla en donde aparece en el centro, su abuelo, Miguel Castillo, tocando el tambor. Seg\u00fan nos informa, la foto data de 1932.<\/div>\n<\/div>\n<div class=\"x11i5rnm xat24cr x1mh8g0r x1vvkbs xtlvy1s x126k92a\">\n<div dir=\"auto\" style=\"text-align: justify;\">Gacetilla y curiosidades elvirenses<\/div>\n<\/div>\n<\/div>\n<\/div>\n<\/div>\n<\/div>\n","protected":false},"excerpt":{"rendered":"<p>El 19 de abril de 1932, El Defensor de Granada informaba de la celebraci\u00f3n el&#8230;<\/p>\n","protected":false},"author":1,"featured_media":71768,"comment_status":"closed","ping_status":"closed","sticky":false,"template":"","format":"standard","meta":{"_coblocks_attr":"","_coblocks_dimensions":"","_coblocks_responsive_height":"","_coblocks_accordion_ie_support":"","jetpack_post_was_ever_published":false,"_jetpack_newsletter_access":"","_jetpack_dont_email_post_to_subs":false,"_jetpack_newsletter_tier_id":0,"_jetpack_memberships_contains_paywalled_content":false,"_jetpack_memberships_contains_paid_content":false,"footnotes":"","jetpack_publicize_message":"","jetpack_publicize_feature_enabled":true,"jetpack_social_post_already_shared":false,"jetpack_social_options":{"image_generator_settings":{"template":"highway","default_image_id":0,"enabled":false},"version":2}},"categories":[1225,186,38,44],"tags":[],"class_list":["post-71767","post","type-post","status-publish","format-standard","has-post-thumbnail","hentry","category-ha-de-atarfe","category-instituciones","category-opinion-de-jose-enrique-granados","category-noticias-de-hoy"],"jetpack_publicize_connections":[],"jetpack_featured_media_url":"https:\/\/i0.wp.com\/miradordeatarfe.es\/wp-content\/uploads\/2024\/10\/459008276_1029440392522776_1145330765831597137_n.jpg?fit=843%2C510&ssl=1","jetpack_likes_enabled":true,"jetpack_sharing_enabled":true,"_links":{"self":[{"href":"https:\/\/miradordeatarfe.es\/index.php?rest_route=\/wp\/v2\/posts\/71767","targetHints":{"allow":["GET"]}}],"collection":[{"href":"https:\/\/miradordeatarfe.es\/index.php?rest_route=\/wp\/v2\/posts"}],"about":[{"href":"https:\/\/miradordeatarfe.es\/index.php?rest_route=\/wp\/v2\/types\/post"}],"author":[{"embeddable":true,"href":"https:\/\/miradordeatarfe.es\/index.php?rest_route=\/wp\/v2\/users\/1"}],"replies":[{"embeddable":true,"href":"https:\/\/miradordeatarfe.es\/index.php?rest_route=%2Fwp%2Fv2%2Fcomments&post=71767"}],"version-history":[{"count":2,"href":"https:\/\/miradordeatarfe.es\/index.php?rest_route=\/wp\/v2\/posts\/71767\/revisions"}],"predecessor-version":[{"id":71771,"href":"https:\/\/miradordeatarfe.es\/index.php?rest_route=\/wp\/v2\/posts\/71767\/revisions\/71771"}],"wp:featuredmedia":[{"embeddable":true,"href":"https:\/\/miradordeatarfe.es\/index.php?rest_route=\/wp\/v2\/media\/71768"}],"wp:attachment":[{"href":"https:\/\/miradordeatarfe.es\/index.php?rest_route=%2Fwp%2Fv2%2Fmedia&parent=71767"}],"wp:term":[{"taxonomy":"category","embeddable":true,"href":"https:\/\/miradordeatarfe.es\/index.php?rest_route=%2Fwp%2Fv2%2Fcategories&post=71767"},{"taxonomy":"post_tag","embeddable":true,"href":"https:\/\/miradordeatarfe.es\/index.php?rest_route=%2Fwp%2Fv2%2Ftags&post=71767"}],"curies":[{"name":"wp","href":"https:\/\/api.w.org\/{rel}","templated":true}]}}