{"id":71772,"date":"2024-10-11T09:35:04","date_gmt":"2024-10-11T07:35:04","guid":{"rendered":"https:\/\/miradordeatarfe.es\/?p=71772"},"modified":"2024-10-08T20:37:40","modified_gmt":"2024-10-08T18:37:40","slug":"los-problemas-economicos-y-las-dificultades-para-conciliar-son-las-principales-razones-para-no-tener-hijos","status":"publish","type":"post","link":"https:\/\/miradordeatarfe.es\/?p=71772","title":{"rendered":"Los problemas econ\u00f3micos y las dificultades para conciliar son las principales razones para no tener hijos"},"content":{"rendered":"<h3 style=\"text-align: justify;\">La encuesta \u201cFecundidad, Familia e Infancia\u201d del CIS revela que la fuerte preocupaci\u00f3n por el precio de la vivienda, los niveles de desempleo y el coste de los alimentos hacen que mujeres y hombres en Espa\u00f1a se replanteen tener hijos<\/h3>\n<div class=\"partner-wrapper article-page__body-row\" style=\"text-align: justify;\">\n<div class=\"second-col\">\n<p class=\"article-text\">La falta de recursos econ\u00f3micos y las dificultades para conciliar la paternidad y maternidad con la vida laboral son las principales razones por las que hombres y mujeres creen que no se tienen hijos, seg\u00fan la encuesta \u201cFecundidad, Familia e Infancia\u201d publicada este martes por el CIS. Realizada entre el 11 y el 19 de diciembre con 5.742 entrevistas, la encuesta revela adem\u00e1s que la fuerte preocupaci\u00f3n por el precio de la vivienda (40,7%), los niveles de desempleo (42,5%) y el coste de los alimentos (30,3%) hacen o har\u00edan plantearse a los espa\u00f1oles tener hijos.<\/p>\n<p class=\"article-text\">As\u00ed, la estrechez econ\u00f3mica es nombrada por el 77,3 % de los encuestados, y para el 50,3% se trata de la principal raz\u00f3n; le siguen los problemas de conciliaci\u00f3n, que nombra el 44,1% y, m\u00e1s lejos, la idea de que entorpecen la carrera profesional (26,4%).<\/p>\n<p class=\"article-text\">De hecho, un 69,9% de los participantes opina que tener hijos reduce las oportunidades de trabajo y progresi\u00f3n profesional, sobre todo para las madres, y el 87,7% reconoce que suponen una carga econ\u00f3mica. Pero la inmensa mayor\u00eda (93,1%) cree que verlos crecer es uno de los mayores placeres de la vida.<\/p>\n<p class=\"article-text\">Un tercio de los entrevistados no ten\u00eda hijos en el momento de la encuesta, aunque a la mayor parte s\u00ed que le hubiera gustado tener uno (58,9%). De los que s\u00ed, la mitad tiene dos, la cifra ideal para el 43,7%; un 27,4% tiene tres y el 58,6% no habr\u00eda querido tener m\u00e1s.<\/p>\n<p class=\"article-text\">Tres de cada cuatro estaban trabajando cuando naci\u00f3 el primero, el 67,4% de ellos a tiempo completo.El 11,3 % se redujo la jornada laboral (el 28,1% entre 1 y 6 meses y un 14,6% durante dos a\u00f1os) y un 4,7 % pidi\u00f3 una excedencia, que el 43% prolong\u00f3 entre 1 y 6 meses y el 32,9% durante un a\u00f1o.<\/p>\n<p class=\"article-text\">Ser padres primerizos ha supuesto para el 38,1% estabilizar su empleo, pero para el 29,2% ha sido una limitaci\u00f3n de sus oportunidades de promoci\u00f3n y para el 23,5% una reducci\u00f3n de su actividad laboral. No obstante, para el 52,3%, tener hijos no ha significado un obst\u00e1culo para su trayectoria laboral.<\/p>\n<p class=\"article-text\">Un 11 % dedica m\u00e1s de 41 horas al cuidado de menores, mayores o personas con discapacidad y un 10,5 % entre 21 y 40. Excluyendo estos cuidados, la mayor\u00eda destina entre 8 y 20 horas a las tareas dom\u00e9sticas, y el sentir mayoritario es que el reparto de las mismas es m\u00e1s o menos lo que les corresponde a cada uno.<\/p>\n<p class=\"article-text\">Un 27,3 % llega a casa del trabajo demasiado cansado para realizar estas labores varias veces por semana y al 15,9% le ha resultado dif\u00edcil cumplir con sus responsabilidades familiares por su empleo. Ante esta situaci\u00f3n, el 47,6% sostiene que el Gobierno deber\u00eda flexibilizar la jornada laboral de los trabajadores con responsabilidades familiares y un 31% que tendr\u00eda que mejorar el tratamiento fiscal de las familias con hijos.<\/p>\n<p class=\"article-text\">Por \u00faltimo, y en lo relativo a la infancia, los tres principales problemas que, a juicio de los espa\u00f1oles, atraviesan los ni\u00f1os en la actualidad son el sistema educativo (30,2%); la carencia de educaci\u00f3n y valores (30,1%) y las dificultades econ\u00f3micas (20,3%), seguidas, a poca distancia, de la adicci\u00f3n a las pantallas (19,8%). No obstante, un 43,2 % piensa que la infancia de los ni\u00f1os de hoy ser\u00e1 m\u00e1s o igual de feliz que la suya.<\/p>\n<\/div>\n<div class=\"first-col\">\n<div class=\"tags\" data-mrf-recirculation=\"etiquetas\">\u00a0<\/div>\n<\/div>\n<\/div>\n<p style=\"text-align: justify;\"><strong>EFE<\/strong><\/p>\n<p><span class=\"title\">FOTO: Las razones econ\u00f3micas son las que pesan para no tener hijos. <\/span><\/p>\n<p>https:\/\/www.eldiario.es\/agencias\/mitad-progenitores-renuncia-coger-permiso-nacimiento-primer-hijo_1_11715776.html<\/p>\n<div class=\"news-info\" data-mrf-recirculation=\"firma\">\n<div class=\"info-wrapper\">\n<p class=\"authors\"><strong>\u00a0<\/strong><\/p>\n<\/div>\n<\/div>\n","protected":false},"excerpt":{"rendered":"<p>La encuesta \u201cFecundidad, Familia e Infancia\u201d del CIS revela que la fuerte preocupaci\u00f3n por el&#8230;<\/p>\n","protected":false},"author":1,"featured_media":71773,"comment_status":"closed","ping_status":"closed","sticky":false,"template":"","format":"standard","meta":{"_coblocks_attr":"","_coblocks_dimensions":"","_coblocks_responsive_height":"","_coblocks_accordion_ie_support":"","jetpack_post_was_ever_published":false,"_jetpack_newsletter_access":"","_jetpack_dont_email_post_to_subs":false,"_jetpack_newsletter_tier_id":0,"_jetpack_memberships_contains_paywalled_content":false,"_jetpack_memberships_contains_paid_content":false,"footnotes":"","jetpack_publicize_message":"","jetpack_publicize_feature_enabled":true,"jetpack_social_post_already_shared":true,"jetpack_social_options":{"image_generator_settings":{"template":"highway","default_image_id":0,"enabled":false},"version":2}},"categories":[1161,186,44],"tags":[],"class_list":["post-71772","post","type-post","status-publish","format-standard","has-post-thumbnail","hentry","category-ciudadania","category-instituciones","category-noticias-de-hoy"],"jetpack_publicize_connections":[],"jetpack_featured_media_url":"https:\/\/i0.wp.com\/miradordeatarfe.es\/wp-content\/uploads\/2024\/10\/eeee7e13-0d83-4124-95de-bf84d244b2cb_16-9-aspect-ratio_default_0.webp?fit=880%2C495&ssl=1","jetpack_likes_enabled":true,"jetpack_sharing_enabled":true,"_links":{"self":[{"href":"https:\/\/miradordeatarfe.es\/index.php?rest_route=\/wp\/v2\/posts\/71772","targetHints":{"allow":["GET"]}}],"collection":[{"href":"https:\/\/miradordeatarfe.es\/index.php?rest_route=\/wp\/v2\/posts"}],"about":[{"href":"https:\/\/miradordeatarfe.es\/index.php?rest_route=\/wp\/v2\/types\/post"}],"author":[{"embeddable":true,"href":"https:\/\/miradordeatarfe.es\/index.php?rest_route=\/wp\/v2\/users\/1"}],"replies":[{"embeddable":true,"href":"https:\/\/miradordeatarfe.es\/index.php?rest_route=%2Fwp%2Fv2%2Fcomments&post=71772"}],"version-history":[{"count":1,"href":"https:\/\/miradordeatarfe.es\/index.php?rest_route=\/wp\/v2\/posts\/71772\/revisions"}],"predecessor-version":[{"id":71774,"href":"https:\/\/miradordeatarfe.es\/index.php?rest_route=\/wp\/v2\/posts\/71772\/revisions\/71774"}],"wp:featuredmedia":[{"embeddable":true,"href":"https:\/\/miradordeatarfe.es\/index.php?rest_route=\/wp\/v2\/media\/71773"}],"wp:attachment":[{"href":"https:\/\/miradordeatarfe.es\/index.php?rest_route=%2Fwp%2Fv2%2Fmedia&parent=71772"}],"wp:term":[{"taxonomy":"category","embeddable":true,"href":"https:\/\/miradordeatarfe.es\/index.php?rest_route=%2Fwp%2Fv2%2Fcategories&post=71772"},{"taxonomy":"post_tag","embeddable":true,"href":"https:\/\/miradordeatarfe.es\/index.php?rest_route=%2Fwp%2Fv2%2Ftags&post=71772"}],"curies":[{"name":"wp","href":"https:\/\/api.w.org\/{rel}","templated":true}]}}