{"id":71782,"date":"2024-10-10T08:34:32","date_gmt":"2024-10-10T06:34:32","guid":{"rendered":"https:\/\/miradordeatarfe.es\/?p=71782"},"modified":"2024-10-10T13:39:42","modified_gmt":"2024-10-10T11:39:42","slug":"una-oposicion-inutil-ademas-de-gritona","status":"publish","type":"post","link":"https:\/\/miradordeatarfe.es\/?p=71782","title":{"rendered":"Una oposici\u00f3n in\u00fatil adem\u00e1s de gritona"},"content":{"rendered":"<h2 style=\"text-align: justify;\">La obligaci\u00f3n del PP es hacer su trabajo y dejar ya de una vez de utilizar el terrorismo y a las v\u00edctimas para sus prop\u00f3sitos pol\u00edticos<\/h2>\n<p style=\"text-align: justify;\">El espect\u00e1culo pol\u00edtico al que lamentablemente ya estamos acostumbrados en este pa\u00eds tiene un nuevo elemento de bronca. Y las desavenencias no tienen que ver con el contenido de una ley, una propuesta o una iniciativa que concita discrepancias o puntos de vista diferentes. Esta vez el incendio viene provocado por lo que el PP defiende como un error en una votaci\u00f3n pero que realmente es <a href=\"http:\/\/t.newsletter.cadenaser.com\/r\/?id=ha3959c4e,cc0b4c6,4e31a12\" target=\"_blank\" rel=\"noopener\" data-saferedirecturl=\"https:\/\/www.google.com\/url?q=http:\/\/t.newsletter.cadenaser.com\/r\/?id%3Dha3959c4e,cc0b4c6,4e31a12&amp;source=gmail&amp;ust=1728553722602000&amp;usg=AOvVaw22BkDVngoqOcqqnn0idXwM\">una monumental negligencia<\/a> del principal partido de la oposici\u00f3n que, a pesar de que firmaron haber estudiado con detenimiento la iniciativa, decidieron no presentar enmiendas y votar a favor.<\/p>\n<p style=\"text-align: justify;\">As\u00ed que el PP acab\u00f3 votando a favor de que algunos presos de ETA, algunos de ellos de los m\u00e1s sanguinarios, salgan de la c\u00e1rcel tras cumplir su condena, pero antes de lo previsto en Espa\u00f1a, porque se van a contabilizar los a\u00f1os de c\u00e1rcel pasados en otros pa\u00edses, principalmente Francia. Esto es a lo que voto que si el PP que ahora, se\u00f1alado por las v\u00edctimas, responsabiliza al gobierno y a un pacto que el PP sabe que el PSOE tiene con Bildu. Se podr\u00e1 acusar al gobierno de tratar de enmascarar algunas leyes en enormes paquetes de complicada digesti\u00f3n, de establecer alianzas que a otros les parecen indecentes, pero la obligaci\u00f3n del PP es hacer su trabajo y dejar ya de una vez de utilizar el terrorismo y a las v\u00edctimas para sus prop\u00f3sitos pol\u00edticos. Escuchar a Isabel D\u00edaz Ayuso afirmar que \u00abETA est\u00e1 m\u00e1s fuerte que nunca\u00bb es simplemente estomagante. ETA desapareci\u00f3 hace ya tanto que recurrir a ella machaconamente les sit\u00faa al borde de rid\u00edculo.<\/p>\n<p style=\"text-align: justify;\">Pero hay otra cosa. Esta pol\u00e9mica reforma legal es simplemente la trasposici\u00f3n de una directiva europea. No sacarla adelante hubiera supuesto situar a los reos espa\u00f1oles, sea cual sea el origen de su condena, en una situaci\u00f3n de desigualdad frente a presos de otros pa\u00edses. Con lo que no se trata de ning\u00fan trato de favor a los presos etarras, cuya organizaci\u00f3n desapareci\u00f3 hace ya m\u00e1s de una d\u00e9cada. Se trata del cumplimiento de una directiva europea. <a href=\"http:\/\/t.newsletter.cadenaser.com\/r\/?id=ha3959c4e,cc0b4c6,4e31a13\" target=\"_blank\" rel=\"noopener\" data-saferedirecturl=\"https:\/\/www.google.com\/url?q=http:\/\/t.newsletter.cadenaser.com\/r\/?id%3Dha3959c4e,cc0b4c6,4e31a13&amp;source=gmail&amp;ust=1728553722602000&amp;usg=AOvVaw1iZ0iiQ1Nf_0pj18ypUZtH\">Ver y escuchar ahora al PP lament\u00e1ndose por su error<\/a>, en lugar de reconocer la negligencia, en lugar de haber hecho su trabajo, y utilizar este episodio como nueva munici\u00f3n para el desgaste del Gobierno de Pedro S\u00e1nchez, les aleja cada vez m\u00e1s de la pol\u00edtica real. Insistir machaconamente en la revisi\u00f3n del pasado en lugar de avanzar y afrontar los verdaderos problemas de la gente, les convierte en una oposici\u00f3n in\u00fatil adem\u00e1s de gritona.<\/p>\n<p style=\"text-align: justify;\"><strong>\u00c0ngels Barcel\u00f3<\/strong><\/p>\n","protected":false},"excerpt":{"rendered":"<p>La obligaci\u00f3n del PP es hacer su trabajo y dejar ya de una vez de&#8230;<\/p>\n","protected":false},"author":1,"featured_media":71802,"comment_status":"closed","ping_status":"closed","sticky":false,"template":"","format":"standard","meta":{"_coblocks_attr":"","_coblocks_dimensions":"","_coblocks_responsive_height":"","_coblocks_accordion_ie_support":"","jetpack_post_was_ever_published":false,"_jetpack_newsletter_access":"","_jetpack_dont_email_post_to_subs":false,"_jetpack_newsletter_tier_id":0,"_jetpack_memberships_contains_paywalled_content":false,"_jetpack_memberships_contains_paid_content":false,"footnotes":"","jetpack_publicize_message":"","jetpack_publicize_feature_enabled":true,"jetpack_social_post_already_shared":true,"jetpack_social_options":{"image_generator_settings":{"template":"highway","default_image_id":0,"enabled":false},"version":2}},"categories":[1161,44,7671],"tags":[],"class_list":["post-71782","post","type-post","status-publish","format-standard","has-post-thumbnail","hentry","category-ciudadania","category-noticias-de-hoy","category-politica"],"jetpack_publicize_connections":[],"jetpack_featured_media_url":"https:\/\/i0.wp.com\/miradordeatarfe.es\/wp-content\/uploads\/2024\/10\/plenoXIV-scaled.jpg?fit=2560%2C1921&ssl=1","jetpack_likes_enabled":true,"jetpack_sharing_enabled":true,"_links":{"self":[{"href":"https:\/\/miradordeatarfe.es\/index.php?rest_route=\/wp\/v2\/posts\/71782","targetHints":{"allow":["GET"]}}],"collection":[{"href":"https:\/\/miradordeatarfe.es\/index.php?rest_route=\/wp\/v2\/posts"}],"about":[{"href":"https:\/\/miradordeatarfe.es\/index.php?rest_route=\/wp\/v2\/types\/post"}],"author":[{"embeddable":true,"href":"https:\/\/miradordeatarfe.es\/index.php?rest_route=\/wp\/v2\/users\/1"}],"replies":[{"embeddable":true,"href":"https:\/\/miradordeatarfe.es\/index.php?rest_route=%2Fwp%2Fv2%2Fcomments&post=71782"}],"version-history":[{"count":1,"href":"https:\/\/miradordeatarfe.es\/index.php?rest_route=\/wp\/v2\/posts\/71782\/revisions"}],"predecessor-version":[{"id":71783,"href":"https:\/\/miradordeatarfe.es\/index.php?rest_route=\/wp\/v2\/posts\/71782\/revisions\/71783"}],"wp:featuredmedia":[{"embeddable":true,"href":"https:\/\/miradordeatarfe.es\/index.php?rest_route=\/wp\/v2\/media\/71802"}],"wp:attachment":[{"href":"https:\/\/miradordeatarfe.es\/index.php?rest_route=%2Fwp%2Fv2%2Fmedia&parent=71782"}],"wp:term":[{"taxonomy":"category","embeddable":true,"href":"https:\/\/miradordeatarfe.es\/index.php?rest_route=%2Fwp%2Fv2%2Fcategories&post=71782"},{"taxonomy":"post_tag","embeddable":true,"href":"https:\/\/miradordeatarfe.es\/index.php?rest_route=%2Fwp%2Fv2%2Ftags&post=71782"}],"curies":[{"name":"wp","href":"https:\/\/api.w.org\/{rel}","templated":true}]}}