{"id":71784,"date":"2024-10-12T08:50:50","date_gmt":"2024-10-12T06:50:50","guid":{"rendered":"https:\/\/miradordeatarfe.es\/?p=71784"},"modified":"2024-10-12T10:28:38","modified_gmt":"2024-10-12T08:28:38","slug":"tiene-sentido-hablar-hoy-de-hispanidad","status":"publish","type":"post","link":"https:\/\/miradordeatarfe.es\/?p=71784","title":{"rendered":"\u00bfTiene sentido hablar hoy de Hispanidad?"},"content":{"rendered":"<div class=\"x_ep _df\">\n<div class=\"x_bh\">\n<h3 class=\"a_st\" style=\"text-align: justify;\">La \u00faltima pol\u00e9mica diplom\u00e1tica entre M\u00e9xico y Espa\u00f1a trae de nuevo al primer plano la discusi\u00f3n sobre la cultura compartida<\/h3>\n<\/div>\n<\/div>\n<article class=\"a _g _g-lg _g-o\">\n<div class=\"a_c clearfix\" data-dtm-region=\"articulo_cuerpo\">\n<p class=\"\">Casi 500 millones de personas est\u00e1n unidas por la lengua espa\u00f1ola a ambos lados del Atl\u00e1ntico, pero la historia com\u00fan y todo lo que implica esa relaci\u00f3n siguen alimentando una controversia que resurge cada vez que se acerca el 12 de octubre<\/p>\n<p class=\"\">Sobre la Hispanidad como concepto y su vigencia reflexionan <b>David Mart\u00edn Marcos<\/b> y <b>Claudia Neira Berm\u00fadez. <\/b>Para el primero, profesor de Historia Moderna de la UNED, esa noci\u00f3n est\u00e1 hoy lejos de poder erigirse en un punto de consenso entre Espa\u00f1a y Am\u00e9rica Latina. Neira, nicarag\u00fcense exiliada en Madrid, defiende que no es la idea hegem\u00f3nica de una inexistente cultura superior, sino el lugar de convergencia de millones de ciudadanos con un mismo idioma, pero identidades e idiosincrasias diferentes.<\/p>\n<h3 class=\"\"><i>Hispanidades imaginadas<\/i><\/h3>\n<h6 class=\"\" style=\"text-align: justify;\">David Mart\u00edn Marcos<\/h6>\n<p class=\"\" style=\"text-align: justify;\">La celebraci\u00f3n del 12 de octubre asociada al <a href=\"https:\/\/elpais.com\/elpais\/2018\/10\/25\/opinion\/1540480036_431820.html\" target=\"_blank\" rel=\"noopener\" data-link-track-dtm=\"\" data-mrf-link=\"https:\/\/elpais.com\/elpais\/2018\/10\/25\/opinion\/1540480036_431820.html\">concepto de Hispanidad <\/a>forma parte de un conjunto de conmemoraciones c\u00edvicas que empezaron a gestarse en el siglo XIX y que todav\u00eda hoy pueblan en Europa los viejos calendarios nacionales. Como otras muchas, esa efem\u00e9ride surgi\u00f3 al socaire de los incipientes Estados naci\u00f3n y, como tal, estuvo alimentada por unos relatos sobre el pasado destinados a perfilar una memoria que buscaba dar a conocer el recorrido de una comunidad imaginada a lo largo del tiempo y recordar los logros que habr\u00edan configurado sus supuestas esencias. Esa empresa historizante fue perceptible de modo general en discursos, monumentos y festividades, pero tambi\u00e9n en actitudes cotidianas y en gestos aparentemente inocuos, y configur\u00f3 una teleolog\u00eda poderosa. En ella, las conquistas y las luchas, junto con los enfrentamientos y las resistencias, dieron lugar a un imaginario nacional sobre un pasado com\u00fan y a unas inercias interpretativas que <a href=\"https:\/\/elpais.com\/opinion\/2024-10-01\/los-monstruos-si-no-dan-miedo-regresan.html\" target=\"_blank\" rel=\"noopener\" data-link-track-dtm=\"\" data-mrf-link=\"https:\/\/elpais.com\/opinion\/2024-10-01\/los-monstruos-si-no-dan-miedo-regresan.html\">hoy est\u00e1n lejos de desaparecer.<\/a><\/p>\n<p class=\"\" style=\"text-align: justify;\">Todo ello forma parte de lo que <a href=\"https:\/\/elpais.com\/babelia\/2022-03-19\/sobre-el-nacionalismo-las-adormideras-y-la-historia.html\" target=\"_blank\" rel=\"noopener\" data-link-track-dtm=\"\" data-mrf-link=\"https:\/\/elpais.com\/babelia\/2022-03-19\/sobre-el-nacionalismo-las-adormideras-y-la-historia.html\">Hobsbawm y otros historiadores identificaron como una gen\u00e9rica invenci\u00f3n de la tradici\u00f3n. <\/a>Pero el problema sigue siendo querer otorgar carta de naturaleza inmemorial a esas construcciones decimon\u00f3nicas, como si siempre hubiesen estado ah\u00ed. En el caso de la idea de la Hispanidad, es posible que vincular la expansi\u00f3n espa\u00f1ola en Am\u00e9rica a unos objetivos civilizadores sea el mayor ejemplo de esa perniciosa persistencia argumental. Es la relaci\u00f3n dicot\u00f3mica entre la civilizaci\u00f3n (europea) y la barbarie (americana) la que asoma en esa posici\u00f3n, hasta el punto de que ese entendimiento sigue condicionando nuestra visi\u00f3n de la presencia espa\u00f1ola en las Indias. A fin de cuentas, el triunfo de la civilizaci\u00f3n en ese relato es la clave que ha permitido a algunos aceptar que <a href=\"https:\/\/elpais.com\/planeta-futuro\/red-de-expertos\/2021-10-12\/hispanidad-la-narrativa-para-silenciar-voces-indigenas.html\" target=\"_blank\" rel=\"noopener\" data-link-track-dtm=\"\" data-mrf-link=\"https:\/\/elpais.com\/planeta-futuro\/red-de-expertos\/2021-10-12\/hispanidad-la-narrativa-para-silenciar-voces-indigenas.html\">hubo violencia, muertes o explotaci\u00f3n, <\/a>porque reconocer los excesos como un mal menor formar\u00eda parte de la justificaci\u00f3n de la voluntad redentora y transformadora de la Hispanidad.<\/p>\n<p class=\"\" style=\"text-align: justify;\">Claro que la Hispanidad, como continente aglutinador de una realidad cultural, jam\u00e1s estuvo presente entre las motivaciones que pueden explicar los viajes de Col\u00f3n o las conquistas de Cort\u00e9s. Pero estas circunstancias poco parecen importar a algunos a la hora de mirar al pasado, a pesar de que la Hispanidad est\u00e9 en la actualidad lejos de poder erigirse en un punto de consenso a ambos lados del Atl\u00e1ntico. Porque, aunque es verdad que en origen lo hisp\u00e1nico goz\u00f3 de est\u00edmulos tanto en Europa como en Am\u00e9rica que propiciaron su vocaci\u00f3n transnacional, abogando por un espec\u00edfico reservatorio cultural frente al imperialismo estadounidense, poco de aquello queda en pie si miramos a nuestro alrededor.<\/p>\n<p class=\"\" style=\"text-align: justify;\">Ciertamente, la idea de una Hispanidad civilizatoria no solo ha ido menguando en el \u00faltimo siglo en Am\u00e9rica, sino que, en buena medida, resulta ofensiva en algunos pa\u00edses que observan en ese discurso una suerte de tutela cultural que todav\u00eda ser\u00eda ejercida desde Espa\u00f1a. No se trata, en todo caso, de negar y no celebrar una lengua y un patrimonio que comparten m\u00e1s de 500 millones de personas en todo el mundo, as\u00ed como la riqueza cultural asociada a este fen\u00f3meno, pero s\u00ed de reconocer que \u2014guste o no\u2014 la mayor\u00eda de las personas que forman parte de la comunidad hispanohablante internacional no se sienten c\u00f3modas bajo ese paraguas conceptual.<\/p>\n<p class=\"\" style=\"text-align: justify;\">Es esta una realidad ineludible, al igual que lo es que en Espa\u00f1a <a href=\"https:\/\/elpais.com\/espana\/2024-09-22\/el-pp-convierte-la-politica-exterior-en-arma-de-guerra-interior.html\" target=\"_blank\" rel=\"noopener\" data-link-track-dtm=\"\" data-mrf-link=\"https:\/\/elpais.com\/espana\/2024-09-22\/el-pp-convierte-la-politica-exterior-en-arma-de-guerra-interior.html\">los que m\u00e1s abogan por una f\u00e9rrea defensa de la Hispanidad <\/a>como una comunidad que se proyecta allende las fronteras y que permitir\u00eda mantener v\u00ednculos con los pa\u00edses hispanoamericanos sean tambi\u00e9n los primeros que buscan limitar esos lazos fraternales de puertas para adentro. Las particularidades culturales o los flujos migratorios originarios de esas otras partes de esa Hispanidad son para ellos normalmente motivo de preocupaci\u00f3n y evidencias de una necesaria exclusi\u00f3n. Es la paradoja de <a href=\"https:\/\/elpais.com\/espana\/madrid\/2020-10-12\/la-hispanidad-no-es-solo-espana.html\" target=\"_blank\" rel=\"noopener\" data-link-track-dtm=\"\" data-mrf-link=\"https:\/\/elpais.com\/espana\/madrid\/2020-10-12\/la-hispanidad-no-es-solo-espana.html\">una Hispanidad que quiere mostrarse abierta a Am\u00e9rica, <\/a>pero que, sin embargo, se cierra sobre s\u00ed misma en el d\u00eda a d\u00eda. Quiz\u00e1s, frente a ello, cabr\u00eda preguntarnos si queremos seguir creyendo en esas viejas hispanidades imaginadas o reconocer y aceptar ya la tangible americanidad de nuestro pa\u00eds.<\/p>\n<aside class=\"a_np\">\n<p><strong>David Mart\u00edn Marcos <\/strong>es profesor de Historia Moderna<\/p>\n<\/aside>\n<\/div>\n<\/article>\n<h3 class=\"\" style=\"text-align: justify;\"><i>Como el adaptador de los enchufes<\/i><\/h3>\n<h6 class=\"\" style=\"text-align: justify;\">Claudia Neira Berm\u00fadez<\/h6>\n<p class=\"\" style=\"text-align: justify;\">Hace tres a\u00f1os, <a href=\"https:\/\/elpais.com\/opinion\/2024-06-20\/la-llave-guardada-de-mi-casa-en-managua.html\" target=\"_blank\" rel=\"noopener\" data-link-track-dtm=\"\" data-mrf-link=\"https:\/\/elpais.com\/opinion\/2024-06-20\/la-llave-guardada-de-mi-casa-en-managua.html\">sal\u00ed abruptamente de Nicaragua <\/a>y sin mucha claridad sobre mi destino. Al cabo de seis meses, me instal\u00e9 en Madrid, donde siempre quise vivir, aunque pensaba que ya no me tocar\u00eda, pues ten\u00eda mi vida \u201checha\u201d en Managua. Una de mis primeras gestiones fue ir a recoger un paquete a una oficina de env\u00edos. Ah\u00ed me pidieron <a href=\"https:\/\/cincodias.elpais.com\/legal\/2023\/02\/24\/juridico\/1677239002_281029.html\" target=\"_blank\" rel=\"noopener\" data-link-track-dtm=\"\" data-mrf-link=\"https:\/\/cincodias.elpais.com\/legal\/2023\/02\/24\/juridico\/1677239002_281029.html\">mi n\u00famero NIE,<\/a> y c\u00f3mo ser\u00eda mi cara que el se\u00f1or que atend\u00eda me dijo: \u201cSu n\u00famero de extranjera\u201d. \u201cPues no lo s\u00e9\u201d, le dije. Estaba reci\u00e9n llegada, hac\u00eda fr\u00edo y solo quer\u00eda que me diera los adaptadores que ven\u00edan en esa cajita que ten\u00eda.<\/p>\n<p class=\"\" style=\"text-align: justify;\">Esas peque\u00f1as piezas de pl\u00e1stico y metal me permitir\u00edan pasar del enchufe de rayita a los redondos. Algo tan peque\u00f1o pero tan necesario para vivir. Adaptador, adaptar, adaptarse, acomodar tienen desde entonces un significado distinto en mi vida y, creo, en la de los miles de personas que vamos y venimos. Que somos de aqu\u00ed y de all\u00ed. Esos adaptadores no solo se aplican para los artefactos el\u00e9ctricos, sino tambi\u00e9n para el lenguaje, el cine, la literatura, los afectos, las costumbres, la comida, la vida misma. Al final, acabamos siendo de una serie de lugares y eso nos hace ser lo que somos hoy. Nos adaptamos a las nuevas cosas sin dejar las nuestras, nos acoplamos.<\/p>\n<p class=\"\" style=\"text-align: justify;\">As\u00ed, los adaptadores me llevan a pensar en la Hispanidad. Yo la entiendo como <a href=\"https:\/\/elpais.com\/opinion\/2021-10-09\/del-lado-de-aca.html\" target=\"_blank\" rel=\"noopener\" data-link-track-dtm=\"\" data-mrf-link=\"https:\/\/elpais.com\/opinion\/2021-10-09\/del-lado-de-aca.html\">un adaptador que nos permite enlazarlo todo: <\/a>ese territorio enorme en el convergemos los millones de personas que hablamos espa\u00f1ol, pero que tenemos culturas, identidades, idiosincrasias y puntos de vistas diferentes, justo lo que nos hace valiosos y grandes. Es lo que nos une y nos separa, lo que nos hace conversar y discernir sobre creaci\u00f3n, sobre mundos, sobre memoria, sobre formas de contar.<\/p>\n<p class=\"\" style=\"text-align: justify;\">Y llevo esto a cosas pr\u00e1cticas de la vida, <a href=\"https:\/\/elpais.com\/opinion\/2022-06-10\/el-idioma-de-fidel-castro-y-de-daniel-ortega.html\" target=\"_blank\" rel=\"noopener\" data-link-track-dtm=\"\" data-mrf-link=\"https:\/\/elpais.com\/opinion\/2022-06-10\/el-idioma-de-fidel-castro-y-de-daniel-ortega.html\">como el lenguaje.<\/a> Desde que vivo en Espa\u00f1a, me ha tocado acomodarme a mi nueva casa, \u201cpillar\u201d una que otra palabra y expresi\u00f3n de aqu\u00ed, respirar profundo y sonre\u00edrle al polic\u00eda en la comisar\u00eda cuando cree que el uniforme le convierte en el ser m\u00e1s poderoso del mundo y asume que yo no conozco mis derechos. O que por mi acento debo quedarme calladita.<\/p>\n<p class=\"\" style=\"text-align: justify;\">Tambi\u00e9n me ha tocado cuidar cada palabra que escrib\u00eda en un <i>wasap<\/i> con una agente de bienes ra\u00edces para que no notara mi forma de hablar, porque si notan que no sos de aqu\u00ed, <a href=\"https:\/\/elpais.com\/economia\/2020-11-20\/racismo-inmobiliario-este-piso-no-se-alquila-a-extranjeros.html\" target=\"_blank\" rel=\"noopener\" data-link-track-dtm=\"\" data-mrf-link=\"https:\/\/elpais.com\/economia\/2020-11-20\/racismo-inmobiliario-este-piso-no-se-alquila-a-extranjeros.html\">casi seguro que te pondr\u00e1n pegas para ver un piso. <\/a>O explicarle a mis vecinos que no, no soy de Guatemala, que Centroam\u00e9rica son varios pa\u00edses, y que no, no rento habitaciones, que los nicas recibimos a muchos \u201cinvitados\u201d en nuestras casas y que les llamamos \u201chu\u00e9spedes\u201d, y que no, no pagan. O que el se\u00f1or del examen de la nacionalidad me diga: \u201cA ver, no puede haber terminado su examen tan r\u00e1pido, que usted no es de aqu\u00ed, y no puede hacerlo tan r\u00e1pido; revise se\u00f1ora por favor\u201d.<\/p>\n<p class=\"\" style=\"text-align: justify;\">Poco a poco, he ido descubriendo algunos puentes culinarios, por ejemplo, que en la carnicer\u00eda de mi calle venden <a href=\"https:\/\/elpais.com\/gastronomia\/el-comidista\/2019\/05\/23\/articulo\/1558601386_890769.html\" target=\"_blank\" rel=\"noopener\" data-link-track-dtm=\"\" data-mrf-link=\"https:\/\/elpais.com\/gastronomia\/el-comidista\/2019\/05\/23\/articulo\/1558601386_890769.html\">un queso ahumado canario <\/a>muy parecido a uno de Nicaragua. O que los olores de la cocina de mi abuela paterna en Lima se parecen a los del Mercado de los Mostenses. Tambi\u00e9n he descubierto las maravillas culinarias de este pa\u00eds, y de los pa\u00edses de mis otras amigas y amigos que hacen que esta nueva vida sea tambi\u00e9n la uni\u00f3n de muchas otras con acentos, historias, sabores y olores variados, porque este es un punto de encuentro, de intercambio y de vivencias.<\/p>\n<p class=\"\" style=\"text-align: justify;\">No puedo generalizar, ni hablar en nombre de todas, porque, aunque no eleg\u00ed migrar, s\u00e9 que lo he hecho en condiciones privilegiadas que incluyen afectos que ten\u00eda antes y que se han fortalecido aqu\u00ed, y otros nuevos. Esos afectos que, con una sonrisa, un abrazo o abrirte sus casas <a href=\"https:\/\/elpais.com\/ccaa\/2018\/10\/06\/madrid\/1538777454_891337.html\" target=\"_blank\" rel=\"noopener\" data-link-track-dtm=\"\" data-mrf-link=\"https:\/\/elpais.com\/ccaa\/2018\/10\/06\/madrid\/1538777454_891337.html\">han hecho de esta ciudad mi hogar. <\/a>Y han hecho que ese oc\u00e9ano sea m\u00e1s angosto, sin olvidar mis ra\u00edces, mis amores y mi vida del otro lado. Yo me siento orgullosa de mis or\u00edgenes, de mis vivencias y experiencias pasadas, y cuando me preguntan qu\u00e9 es mejor, simplemente s\u00e9 qu\u00e9 es diferente, y las diferencias son tan grandes que no ser\u00eda justo agruparlas por preferencias. No es la Hispanidad esa idea hegem\u00f3nica de que hay un idioma rector, un acento mejor, una cultura superior, una manera de ver el mundo o un sabor \u00fanico. Para esos pensamientos no hay adaptador que valga. Ni aqu\u00ed ni all\u00ed.<\/p>\n<aside class=\"a_np\">\n<p style=\"text-align: justify;\"><strong>Claudia Neira Berm\u00fadez <\/strong>es directora del festival Centroam\u00e9rica Cuenta.<\/p>\n<\/aside>\n<p><strong><span class=\"a_md_a_n\">David Mart\u00edn Marcos <\/span><\/strong><span class=\"a_md_a_n\"><strong> Claudia Neira Berm\u00fadez<\/strong><\/span><\/p>\n<p>FOTO: Hern\u00e1n Cort\u00e9s llega a M\u00e9xico precedido por Malinche en un documento del siglo XVI.<span class=\"a_m_m\">Universal Images<\/span><\/p>\n<div class=\"a_md _g _g-xs ni\">\n<div class=\"a_md_txt\">\n<div class=\"w_rs\" data-dtm-region=\"articulo_botonera-social\">\n<div class=\"w_rs_i\">https:\/\/elpais.com\/opinion\/2024-10-09\/el-debate-tiene-sentido-hablar-hoy-de-hispanidad.html<\/div>\n<\/div>\n<\/div>\n<\/div>\n","protected":false},"excerpt":{"rendered":"<p>La \u00faltima pol\u00e9mica diplom\u00e1tica entre M\u00e9xico y Espa\u00f1a trae de nuevo al primer plano la&#8230;<\/p>\n","protected":false},"author":1,"featured_media":71785,"comment_status":"closed","ping_status":"closed","sticky":false,"template":"","format":"standard","meta":{"_coblocks_attr":"","_coblocks_dimensions":"","_coblocks_responsive_height":"","_coblocks_accordion_ie_support":"","jetpack_post_was_ever_published":false,"_jetpack_newsletter_access":"","_jetpack_dont_email_post_to_subs":false,"_jetpack_newsletter_tier_id":0,"_jetpack_memberships_contains_paywalled_content":false,"_jetpack_memberships_contains_paid_content":false,"footnotes":"","jetpack_publicize_message":"","jetpack_publicize_feature_enabled":true,"jetpack_social_post_already_shared":true,"jetpack_social_options":{"image_generator_settings":{"template":"highway","default_image_id":0,"enabled":false},"version":2}},"categories":[1161,44,7671,6937],"tags":[],"class_list":["post-71784","post","type-post","status-publish","format-standard","has-post-thumbnail","hentry","category-ciudadania","category-noticias-de-hoy","category-politica","category-sociedad"],"jetpack_publicize_connections":[],"jetpack_featured_media_url":"https:\/\/i0.wp.com\/miradordeatarfe.es\/wp-content\/uploads\/2024\/10\/Screenshot-2024-10-09-at-13-53-38-El-debate-%C2%BFTiene-sentido-hablar-hoy-de-Hispanidad-Opinion-EL-PAIS.png?fit=556%2C660&ssl=1","jetpack_likes_enabled":true,"jetpack_sharing_enabled":true,"_links":{"self":[{"href":"https:\/\/miradordeatarfe.es\/index.php?rest_route=\/wp\/v2\/posts\/71784","targetHints":{"allow":["GET"]}}],"collection":[{"href":"https:\/\/miradordeatarfe.es\/index.php?rest_route=\/wp\/v2\/posts"}],"about":[{"href":"https:\/\/miradordeatarfe.es\/index.php?rest_route=\/wp\/v2\/types\/post"}],"author":[{"embeddable":true,"href":"https:\/\/miradordeatarfe.es\/index.php?rest_route=\/wp\/v2\/users\/1"}],"replies":[{"embeddable":true,"href":"https:\/\/miradordeatarfe.es\/index.php?rest_route=%2Fwp%2Fv2%2Fcomments&post=71784"}],"version-history":[{"count":1,"href":"https:\/\/miradordeatarfe.es\/index.php?rest_route=\/wp\/v2\/posts\/71784\/revisions"}],"predecessor-version":[{"id":71786,"href":"https:\/\/miradordeatarfe.es\/index.php?rest_route=\/wp\/v2\/posts\/71784\/revisions\/71786"}],"wp:featuredmedia":[{"embeddable":true,"href":"https:\/\/miradordeatarfe.es\/index.php?rest_route=\/wp\/v2\/media\/71785"}],"wp:attachment":[{"href":"https:\/\/miradordeatarfe.es\/index.php?rest_route=%2Fwp%2Fv2%2Fmedia&parent=71784"}],"wp:term":[{"taxonomy":"category","embeddable":true,"href":"https:\/\/miradordeatarfe.es\/index.php?rest_route=%2Fwp%2Fv2%2Fcategories&post=71784"},{"taxonomy":"post_tag","embeddable":true,"href":"https:\/\/miradordeatarfe.es\/index.php?rest_route=%2Fwp%2Fv2%2Ftags&post=71784"}],"curies":[{"name":"wp","href":"https:\/\/api.w.org\/{rel}","templated":true}]}}