{"id":71787,"date":"2024-10-12T09:19:01","date_gmt":"2024-10-12T07:19:01","guid":{"rendered":"https:\/\/miradordeatarfe.es\/?p=71787"},"modified":"2024-10-12T10:28:46","modified_gmt":"2024-10-12T08:28:46","slug":"los-cientificos-de-donana-dan-por-desaparecidas-las-lagunas-permanentes-del-parque","status":"publish","type":"post","link":"https:\/\/miradordeatarfe.es\/?p=71787","title":{"rendered":"Los cient\u00edficos de Do\u00f1ana dan por desaparecidas las lagunas permanentes del parque"},"content":{"rendered":"<h3 class=\"a_st\" style=\"text-align: justify;\">El CSIC certifica que la mayor de estas zonas de agua se ha secado por tercer a\u00f1o consecutivo por la sequ\u00eda y la sobreexplotaci\u00f3n del acu\u00edfero, y considera que ya solo se puede hablar de humedales temporales<\/h3>\n<div class=\"a_c clearfix\" data-dtm-region=\"articulo_cuerpo\">\n<p class=\"\" style=\"text-align: justify;\">Esta vez no ha sido en agosto, sino a principios de octubre, y el hecho de que se haya vuelto a repetir, lejos de conferirle normalidad, convierte esta circunstancia en mucho m\u00e1s alarmante. Por tercer a\u00f1o consecutivo, la laguna de Santa Olalla, la mayor del espacio natural de Do\u00f1ana, se ha secado, <a href=\"https:\/\/elpais.com\/clima-y-medio-ambiente\/2023-08-10\/donana-se-seca-de-nuevo-la-mayor-laguna-permanente-se-queda-sin-agua-por-segundo-verano-consecutivo.html\" target=\"_blank\" rel=\"noopener\" data-link-track-dtm=\"\" data-mrf-link=\"https:\/\/elpais.com\/clima-y-medio-ambiente\/2023-08-10\/donana-se-seca-de-nuevo-la-mayor-laguna-permanente-se-queda-sin-agua-por-segundo-verano-consecutivo.html\">como ya ocurri\u00f3 en los veranos de 2022 y 2023.<\/a> Nunca antes se hab\u00eda producido esta situaci\u00f3n, desde que la Estaci\u00f3n Biol\u00f3gica de Do\u00f1ana, dependiente del CSIC, comenz\u00f3 a tomar datos hace medio siglo. \u201cLa combinaci\u00f3n de una intensa y prolongada sequ\u00eda y la sobreexplotaci\u00f3n del acu\u00edfero est\u00e1n teniendo un gran efecto sobre el sistema de lagunas del espacio protegido\u201d, explica su director, Eloy Revilla.<\/p>\n<p class=\"\" style=\"text-align: justify;\">Los responsables de la Estaci\u00f3n Biol\u00f3gica alertan de la \u201csituaci\u00f3n cr\u00edtica\u201d de la laguna de Santa Olalla, sobre la que solo subyace una l\u00e1mina superficial de humedal residual y barro que hace imposible la toma de ninguna muestra representativa de agua. Hasta hace tres a\u00f1os esta laguna era casi la \u00fanica de las m\u00e1s de 3.000 que con las que cuenta Do\u00f1ana que sol\u00eda mantener agua. <a href=\"https:\/\/elpais.com\/clima-y-medio-ambiente\/2022-09-03\/donana-se-seca-por-completo.html\" target=\"_blank\" rel=\"noopener\" data-link-track-dtm=\"\" data-mrf-link=\"https:\/\/elpais.com\/clima-y-medio-ambiente\/2022-09-03\/donana-se-seca-por-completo.html\">El verano de 2022 rompi\u00f3 con esta querencia, <\/a>que volvi\u00f3 a repetirse en 2023. \u201cEl ciclo hidrol\u00f3gico que se acaba de cerrar, el de 2023-2024, comenz\u00f3 por tanto con una Santa Olalla completamente seca\u201d, abunda Javier Bustamante, investigador de la EBD.<\/p>\n<p class=\"\" style=\"text-align: justify;\">\u201cEl hecho de que la laguna se haya secado durante tres a\u00f1os consecutivos significa que las lagunas permanentes en Do\u00f1ana han desaparecido por lo que su funcionamiento y su valor ambiental ya no es el que era\u201d, indica Revilla. Esto supone a su vez la desaparici\u00f3n de especies asociadas al agua permanente. El director de la EBD-CSIC apunta sobre todo a los peces aut\u00f3ctonos que viv\u00edan en la Laguna de Santa Olalla, entre ellos la anguila, que tambi\u00e9n est\u00e1 en peligro de extinci\u00f3n. \u201cLas especies de peces que est\u00e1n en las lagunas de Do\u00f1ana ya son especies invasoras\u201d, abunda. En la actualidad los puntos en los que hay agua permanente en el enclave natural son muy escasos, asociados a hoyos y puntos concretos, y no pueden cumplir la funci\u00f3n que har\u00eda una laguna permanente.<\/p>\n<p class=\"\" style=\"text-align: justify;\"><a href=\"https:\/\/www.google.com\/url?sa=t&amp;source=web&amp;rct=j&amp;opi=89978449&amp;url=https:\/\/elpais.com\/clima-y-medio-ambiente\/2023-11-14\/las-lluvias-no-alivian-la-sequia-de-donana-tendrian-que-caer-500-litros-para-llegar-a-una-situacion-de-normalidad.html&amp;ved=2ahUKEwim8dqf5ICJAxUPnf0HHYmaM8wQFnoECBIQAQ&amp;usg=AOvVaw0KvIPiLzhu7pul0AKs3TFi\" target=\"_blank\" rel=\"noopener\" data-link-track-dtm=\"\" data-mrf-link=\"https:\/\/www.google.com\/url?sa=t&amp;source=web&amp;rct=j&amp;opi=89978449&amp;url=https:\/\/elpais.com\/clima-y-medio-ambiente\/2023-11-14\/las-lluvias-no-alivian-la-sequia-de-donana-tendrian-que-caer-500-litros-para-llegar-a-una-situacion-de-normalidad.html&amp;ved=2ahUKEwim8dqf5ICJAxUPnf0HHYmaM8wQFnoECBIQAQ&amp;usg=AOvVaw0KvIPiLzhu7pul0AKs3TFi\">Las lluvias del pasado mes de octubre <\/a>ayudaron a que el nivel del acu\u00edfero subiera, una situaci\u00f3n que, sin embargo, solo se mantuvo hasta febrero. Las altas temperaturas detectadas ya desde abril no solo disminuyen el nivel del agua acumulada, sino que favorecen la proliferaci\u00f3n de algas filamentosas en torno a la orilla de las lagunas, incrementando la toxicidad sobre otras especies como aves o peces. El calor tambi\u00e9n provoca el incremento del fitoplacton y los niveles de salinidad del agua.<\/p>\n<p class=\"\" style=\"text-align: justify;\">Santa Olalla no solo se seca, sino que ha ido perdiendo paulatinamente su antigua extensi\u00f3n. \u201cLas im\u00e1genes a\u00e9reas demuestran que sus orillas actuales y su isla central est\u00e1n siendo invadidas por tarajes y otro tipo de vegetaci\u00f3n terrestre\u201d, indica Bustamante. Esta laguna no es la \u00fanica que se ha secado este a\u00f1o, la vecina laguna Dulce, tambi\u00e9n se ha secado por completo, durante la segunda semana de septiembre. Este es otro espacio que tambi\u00e9n ha dejado de ser considerado una laguna permanente, porque el a\u00f1o pasado tambi\u00e9n se qued\u00f3 sin agua a principios de agosto.<\/p>\n<h3 class=\"\" style=\"text-align: justify;\">\u201cUna desaparici\u00f3n anunciada\u201d<\/h3>\n<p class=\"\" style=\"text-align: justify;\">Como ha ocurrido con el 60% de las lagunas que exist\u00edan en Do\u00f1ana en los a\u00f1os ochenta, que ya han desaparecido. El 40% restante que permanecen, sin embargo, se inundan cada vez menos y lo hacen por un per\u00edodo mucho m\u00e1s corto de lo que se espera por el clima. Los cient\u00edficos de la Estaci\u00f3n Biol\u00f3gica reconocen que esta situaci\u00f3n se est\u00e1 agravando por la sequ\u00eda que lleva hostigando a esta reserva natural en la \u00faltima d\u00e9cada, con precipitaciones por debajo de la media, pero, a\u00fan as\u00ed, el cambio en la din\u00e1mica de las lagunas tambi\u00e9n est\u00e1 condicionado por la acci\u00f3n humana directa, que est\u00e1 interfiriendo en su ciclo natural, advierte el CSIC.<\/p>\n<p class=\"\" style=\"text-align: justify;\">\u201cPor parte de la ciencia se lleva advirtiendo de que esto iba a pasar desde los 90 y estamos asistiendo a una desaparici\u00f3n de lagunas anunciada\u201d, se lamenta Revilla. \u201cEsto est\u00e1 pasando en todos los humedales, pero Do\u00f1ana tiene un valor m\u00e1s alto y el hecho de que est\u00e9 aqu\u00ed la Estaci\u00f3n Biol\u00f3gica, permite que lo estemos contando de manera permanente\u201d, a\u00f1ade. La soluci\u00f3n, explica, pasa por recuperar el acu\u00edfero del que se nutren las lagunas del Parque Natural lo que implica una reducci\u00f3n del consumo y extracci\u00f3n de agua, adem\u00e1s de la necesidad de que llueva lo suficiente. \u201cSi esto llegara a suceder, ver\u00edamos qu\u00e9 especies se han perdido en ese tiempo\u201d, indica el investigador.<\/p>\n<p class=\"\" style=\"text-align: justify;\">\u201cEsto se confirm\u00f3 cuando se observ\u00f3 que este fen\u00f3meno [la menor inundaci\u00f3n durante menos tiempo] afectaba m\u00e1s a las lagunas m\u00e1s cercanas a los<a href=\"https:\/\/www.google.com\/url?sa=t&amp;source=web&amp;rct=j&amp;opi=89978449&amp;url=https:\/\/elpais.com\/clima-y-medio-ambiente\/2023-11-27\/gobierno-y-junta-ofrecen-hasta-100000-euros-por-hectarea-para-la-reconversion-de-cultivos-a-los-agricultores-de-donana.html&amp;ved=2ahUKEwir2eKW5oCJAxVPR_EDHWRwDFMQFnoECBIQAQ&amp;usg=AOvVaw04XB9L8FmpyjE58FAkZFHc\" target=\"_blank\" rel=\"noopener\" data-link-track-dtm=\"\" data-mrf-link=\"https:\/\/www.google.com\/url?sa=t&amp;source=web&amp;rct=j&amp;opi=89978449&amp;url=https:\/\/elpais.com\/clima-y-medio-ambiente\/2023-11-27\/gobierno-y-junta-ofrecen-hasta-100000-euros-por-hectarea-para-la-reconversion-de-cultivos-a-los-agricultores-de-donana.html&amp;ved=2ahUKEwir2eKW5oCJAxVPR_EDHWRwDFMQFnoECBIQAQ&amp;usg=AOvVaw04XB9L8FmpyjE58FAkZFHc\"> cultivos de regad\u00edo intensivo <\/a>y a la localidad tur\u00edstica de Matalasca\u00f1as\u201d, indica Revilla, que tambi\u00e9n alerta de c\u00f3mo la mayor\u00eda de las lagunas que a\u00fan existen est\u00e1n siendo colonizadas por vegetaci\u00f3n terrestre \u201clo que indica un cambio sin retorno\u201d.<\/p>\n<p class=\"\" style=\"text-align: justify;\">\u201cUn informe internacional de WWF ya advert\u00eda a finales de los 80 de los efectos en las lagunas cercanas a Matalasca\u00f1as y entonces los per\u00edodos h\u00eddricos eran mayores y llov\u00eda m\u00e1s, luego est\u00e1 claro que la situaci\u00f3n no puede achacarse al cambio clim\u00e1tico ni a la sequ\u00eda, eso son factores que acent\u00faan un problema provocado por el modelo de explotaci\u00f3n agr\u00edcola\u201d, apoya Juanjo Carmona, responsable de la ONG en Do\u00f1ana. \u201cTodas las administraciones conocen el problema y saben cu\u00e1l va a ser el futuro del Parque si se mantiene la sobreexplotaci\u00f3n, pero no se atreven a plantarles cara al tejido productivo ni a la masa social. No basta con cerrar pozos, lo que se necesita es traer agua superficial de la cuenca del Tinto, Odiel y Piedra, pero para la conservaci\u00f3n del humedal, que es inter\u00e9s p\u00fablico, no para la agricultura\u201d, apunta como soluciones Juan Romero desde Ecologistas en Acci\u00f3n.<\/p>\n<p class=\"\" style=\"text-align: justify;\">Varios estudios de la Estaci\u00f3n Biol\u00f3gica confirman el gran impacto que el deterioro del sistema de lagunas de Do\u00f1ana est\u00e1 teniendo sobre la fauna y flora. Desde el CSIC se llama la atenci\u00f3n sobre las poblaciones de los dos gal\u00e1pagos aut\u00f3ctonos, el europeo y el leproso, que est\u00e1n a punto de desaparecer, o sobre la reducci\u00f3n de las 11 especies de anfibios, cuya presencia se monitoriza desde hace casi 20 a\u00f1os<\/p>\n<\/div>\n<p><a class=\"a_md_a_n\" title=\"Ver todas las noticias de Eva Saiz\" href=\"https:\/\/elpais.com\/autor\/eva-saiz\/#?rel=author_top\" data-mrf-link=\"https:\/\/elpais.com\/autor\/eva-saiz\/\"><strong>Eva Saiz<\/strong><\/a><\/p>\n<p>FOTO: Vista a\u00e9rea de la Laguna de Sana Olalla con Matalasca\u00f1as al fondo, tomada el pasado 7 de octubre. \/ EBD-CSIC<\/p>\n<p>https:\/\/elpais.com\/clima-y-medio-ambiente\/2024-10-09\/la-mayor-laguna-de-donana-se-seca-por-tercer-ano-consecutivo.html<\/p>\n<div class=\"a_md _g _g-xs \">\n<figure class=\"a_md_i a_m-h c_m--nf\"><span class=\"a_m_w _db\">\u00a0<\/span><\/figure>\n<div class=\"a_md_txt\">\n<div class=\"a_md_a\" data-dtm-region=\"articulo_firma\">\u00a0<\/div>\n<\/div>\n<\/div>\n","protected":false},"excerpt":{"rendered":"<p>El CSIC certifica que la mayor de estas zonas de agua se ha secado por&#8230;<\/p>\n","protected":false},"author":1,"featured_media":71788,"comment_status":"closed","ping_status":"closed","sticky":false,"template":"","format":"standard","meta":{"_coblocks_attr":"","_coblocks_dimensions":"","_coblocks_responsive_height":"","_coblocks_accordion_ie_support":"","jetpack_post_was_ever_published":false,"_jetpack_newsletter_access":"","_jetpack_dont_email_post_to_subs":false,"_jetpack_newsletter_tier_id":0,"_jetpack_memberships_contains_paywalled_content":false,"_jetpack_memberships_contains_paid_content":false,"footnotes":"","jetpack_publicize_message":"","jetpack_publicize_feature_enabled":true,"jetpack_social_post_already_shared":true,"jetpack_social_options":{"image_generator_settings":{"template":"highway","default_image_id":0,"enabled":false},"version":2}},"categories":[10791,44,7671],"tags":[],"class_list":["post-71787","post","type-post","status-publish","format-standard","has-post-thumbnail","hentry","category-andalucia","category-noticias-de-hoy","category-politica"],"jetpack_publicize_connections":[],"jetpack_featured_media_url":"https:\/\/i0.wp.com\/miradordeatarfe.es\/wp-content\/uploads\/2024\/10\/Screenshot-2024-10-09-at-13-59-53-Los-cientificos-de-Donana-dan-por-desaparecidas-las-lagunas-permanentes-del-parque-Clima-y-Medio-Ambiente-EL-PAIS.png?fit=676%2C391&ssl=1","jetpack_likes_enabled":true,"jetpack_sharing_enabled":true,"_links":{"self":[{"href":"https:\/\/miradordeatarfe.es\/index.php?rest_route=\/wp\/v2\/posts\/71787","targetHints":{"allow":["GET"]}}],"collection":[{"href":"https:\/\/miradordeatarfe.es\/index.php?rest_route=\/wp\/v2\/posts"}],"about":[{"href":"https:\/\/miradordeatarfe.es\/index.php?rest_route=\/wp\/v2\/types\/post"}],"author":[{"embeddable":true,"href":"https:\/\/miradordeatarfe.es\/index.php?rest_route=\/wp\/v2\/users\/1"}],"replies":[{"embeddable":true,"href":"https:\/\/miradordeatarfe.es\/index.php?rest_route=%2Fwp%2Fv2%2Fcomments&post=71787"}],"version-history":[{"count":2,"href":"https:\/\/miradordeatarfe.es\/index.php?rest_route=\/wp\/v2\/posts\/71787\/revisions"}],"predecessor-version":[{"id":71790,"href":"https:\/\/miradordeatarfe.es\/index.php?rest_route=\/wp\/v2\/posts\/71787\/revisions\/71790"}],"wp:featuredmedia":[{"embeddable":true,"href":"https:\/\/miradordeatarfe.es\/index.php?rest_route=\/wp\/v2\/media\/71788"}],"wp:attachment":[{"href":"https:\/\/miradordeatarfe.es\/index.php?rest_route=%2Fwp%2Fv2%2Fmedia&parent=71787"}],"wp:term":[{"taxonomy":"category","embeddable":true,"href":"https:\/\/miradordeatarfe.es\/index.php?rest_route=%2Fwp%2Fv2%2Fcategories&post=71787"},{"taxonomy":"post_tag","embeddable":true,"href":"https:\/\/miradordeatarfe.es\/index.php?rest_route=%2Fwp%2Fv2%2Ftags&post=71787"}],"curies":[{"name":"wp","href":"https:\/\/api.w.org\/{rel}","templated":true}]}}