{"id":71803,"date":"2024-10-11T10:00:11","date_gmt":"2024-10-11T08:00:11","guid":{"rendered":"https:\/\/miradordeatarfe.es\/?p=71803"},"modified":"2024-10-10T13:53:51","modified_gmt":"2024-10-10T11:53:51","slug":"aplausos-y-emocion-en-el-congreso-tras-la-aprobacion-de-la-ley-ela-por-unanimidad","status":"publish","type":"post","link":"https:\/\/miradordeatarfe.es\/?p=71803","title":{"rendered":"Aplausos y emoci\u00f3n en el Congreso tras la aprobaci\u00f3n de la ley ELA por unanimidad"},"content":{"rendered":"<h2 style=\"text-align: justify;\">Ya solo tendr\u00e1 que afrontar un \u00faltimo paso en el Senado<\/h2>\n<p style=\"text-align: justify;\">La <a href=\"https:\/\/cadenaser.com\/castillalamancha\/2024\/09\/17\/familiares-de-afectados-por-la-ela-sobre-el-acuerdo-para-la-ley-la-idea-es-buena-pero-creo-que-hay-que-correr-mas-radio-azul\/\" target=\"_blank\" rel=\"noopener\">ley ELA<\/a> se ha aprobado en el Congreso por unanimidad. Los 344 diputados que estaban este jueves en el Hemiciclo han votado a favor de esta norma que agilizar\u00e1 la evaluaci\u00f3n de dependencia, garantizar\u00e1 la asistencia las 24 horas a pacientes en fase avanzada y proteger\u00e1 a los cuidadores de las personas con esta y otras enfermedades de alta complejidad y curso irreversible. El proyecto ya contaba con el <a href=\"https:\/\/cadenaser.com\/nacional\/2024\/09\/18\/es-un-dia-de-esperanza-todos-los-grupos-parlamentarios-firman-el-acuerdo-de-la-ley-ela-cadena-ser\/\" target=\"_blank\" rel=\"noopener\">aval un\u00e1nime de todos los grupos parlamentarios<\/a> y asociaciones de pacientes, por lo que ya solo tendr\u00e1 que afrontar un \u00faltimo paso en el Senado.<\/p>\n<p style=\"text-align: justify;\">La aprobaci\u00f3n de este mandato marcar\u00e1 el fin de una larga espera por parte de los 3.000 <a href=\"https:\/\/cadenaser.com\/nacional\/2024\/10\/04\/carmen-paradas-con-apenas-unos-milimetros-de-musculo-de-un-paciente-con-ela-podemos-avanzar-muchisimo-en-investigacion-cadena-ser\/\" target=\"_blank\" rel=\"noopener\">enfermos con ELA<\/a> y sus cuidadores, que ya podr\u00e1n disponer de una ley que mejore su calidad de vida despu\u00e9s de tres a\u00f1os de retraso en su tramitaci\u00f3n. El acuerdo, <a href=\"https:\/\/cadenaser.com\/nacional\/2024\/09\/17\/psoe-pp-sumar-y-junts-formalizan-este-martes-el-acuerdo-para-aprobar-la-ley-de-la-ela-cadena-ser\/\" target=\"_blank\" rel=\"noopener\">alcanzado por PP, PSOE, Sumar y Junts, <\/a>tambi\u00e9n incluye a personas aquejadas de procesos irreversibles y de alta complejidad, neurol\u00f3gicos o no, que cumplan unos determinados criterios, entre ellos no haber tenido una respuesta significativa al tratamiento, que no dispongan de alternativas terap\u00e9uticas o que precisen coordinaci\u00f3n de cuidados sanitarios y sociales.<\/p>\n<h3 style=\"text-align: justify;\">250 millones de euros<\/h3>\n<p style=\"text-align: justify;\">Por su parte, el PP ya ha mencionado que estar\u00e1 atento a que la ley se dote con 250 millones de euros al a\u00f1o. De esta forma, se podr\u00e1 garantizar el cumplimiento de sus medidas, como la creaci\u00f3n de un procedimiento de urgencia para la revisi\u00f3n de casos con un plazo m\u00e1ximo de tres meses. Los enfermos con esta afecci\u00f3n dispondr\u00e1n, adem\u00e1s, de una asistencia continuada durante 24 horas, y aquellos que dependan de dispositivos el\u00e9ctricos tendr\u00e1n garantizado el suministro y contar\u00e1n con bonificaciones de las tarifas.<\/p>\n<section class=\"c-sum la\">\n<p>M\u00e1s informaci\u00f3n<\/p>\n<ul>\n<li><a href=\"https:\/\/cadenaser.com\/nacional\/2024\/10\/10\/un-enfermo-de-ela-en-fase-avanzada-afronta-unos-gastos-anuales-de-mas-114000-euros-cadena-ser\/\">Un enfermo de ELA en fase avanzada afronta unos gastos anuales de m\u00e1s de 114.000 euros<\/a><\/li>\n<li><a href=\"https:\/\/cadenaser.com\/nacional\/2024\/09\/18\/es-un-dia-de-esperanza-todos-los-grupos-parlamentarios-firman-el-acuerdo-de-la-ley-ela-cadena-ser\/\">\u00abEs un d\u00eda de esperanza\u00bb: todos los grupos parlamentarios firman el acuerdo de la ley ELA<\/a><\/li>\n<\/ul>\n<\/section>\n<p style=\"text-align: justify;\">El mandato tambi\u00e9n ha dedicado un apartado a sus cuidadores, de manera que queda recogida la capacitaci\u00f3n espec\u00edfica de aquellos que han dejado su empleo para dedicarse al paciente. As\u00ed, podr\u00e1n mantener la base de cotizaci\u00f3n de su anterior trabajo sin que afecte a su pensi\u00f3n futura. La ley crear\u00e1 un Registro Estatal de Enfermedades Neurodegenerativas, con datos sobre su prevalencia. Una vez aprobada, asimismo, ser\u00e1n las comunidades aut\u00f3nomas las que, en ejercicio de sus competencias, desarrollen los aspectos sociales y sanitarios para su correcta aplicaci\u00f3n.<\/p>\n<p style=\"text-align: justify;\">En el debate previo a la votaci\u00f3n, la diputada popular Elvira Velasco, ya valor\u00f3 que la C\u00e1mara Baja haya dado \u00abun nuevo paso\u00bb en la tramitaci\u00f3n parlamentaria, y puntualiz\u00f3 que se trata de un mandato que \u00abno solo estaban esperando las personas con ELA, sino tambi\u00e9n la sociedad espa\u00f1ola\u00bb. Por su parte, In\u00e9s Plaza, del PSOE, asegur\u00f3 que el dictamen \u00abcambiar\u00e1 la vida de la gente\u00bb, al tiempo que recalc\u00f3 que se trata de \u00abla ley m\u00e1s importante de la legislatura, por su gran car\u00e1cter social\u00bb y porque \u00abampliar\u00e1 derechos\u00bb a las personas que padecen estas enfermedades.<\/p>\n","protected":false},"excerpt":{"rendered":"<p>Ya solo tendr\u00e1 que afrontar un \u00faltimo paso en el Senado La ley ELA se&#8230;<\/p>\n","protected":false},"author":1,"featured_media":71804,"comment_status":"closed","ping_status":"closed","sticky":false,"template":"","format":"standard","meta":{"_coblocks_attr":"","_coblocks_dimensions":"","_coblocks_responsive_height":"","_coblocks_accordion_ie_support":"","jetpack_post_was_ever_published":false,"_jetpack_newsletter_access":"","_jetpack_dont_email_post_to_subs":false,"_jetpack_newsletter_tier_id":0,"_jetpack_memberships_contains_paywalled_content":false,"_jetpack_memberships_contains_paid_content":false,"footnotes":"","jetpack_publicize_message":"","jetpack_publicize_feature_enabled":true,"jetpack_social_post_already_shared":true,"jetpack_social_options":{"image_generator_settings":{"template":"highway","default_image_id":0,"enabled":false},"version":2}},"categories":[1161,186,44,10],"tags":[],"class_list":["post-71803","post","type-post","status-publish","format-standard","has-post-thumbnail","hentry","category-ciudadania","category-instituciones","category-noticias-de-hoy","category-salud"],"jetpack_publicize_connections":[],"jetpack_featured_media_url":"https:\/\/i0.wp.com\/miradordeatarfe.es\/wp-content\/uploads\/2024\/10\/Screenshot-2024-10-10-at-13-52-50-Aplausos-y-emocion-en-el-Congreso-tras-la-aprobacion-de-la-ley-ELA-por-unanimidad-Sociedad-Cadena-SER.png?fit=263%2C283&ssl=1","jetpack_likes_enabled":true,"jetpack_sharing_enabled":true,"_links":{"self":[{"href":"https:\/\/miradordeatarfe.es\/index.php?rest_route=\/wp\/v2\/posts\/71803","targetHints":{"allow":["GET"]}}],"collection":[{"href":"https:\/\/miradordeatarfe.es\/index.php?rest_route=\/wp\/v2\/posts"}],"about":[{"href":"https:\/\/miradordeatarfe.es\/index.php?rest_route=\/wp\/v2\/types\/post"}],"author":[{"embeddable":true,"href":"https:\/\/miradordeatarfe.es\/index.php?rest_route=\/wp\/v2\/users\/1"}],"replies":[{"embeddable":true,"href":"https:\/\/miradordeatarfe.es\/index.php?rest_route=%2Fwp%2Fv2%2Fcomments&post=71803"}],"version-history":[{"count":1,"href":"https:\/\/miradordeatarfe.es\/index.php?rest_route=\/wp\/v2\/posts\/71803\/revisions"}],"predecessor-version":[{"id":71805,"href":"https:\/\/miradordeatarfe.es\/index.php?rest_route=\/wp\/v2\/posts\/71803\/revisions\/71805"}],"wp:featuredmedia":[{"embeddable":true,"href":"https:\/\/miradordeatarfe.es\/index.php?rest_route=\/wp\/v2\/media\/71804"}],"wp:attachment":[{"href":"https:\/\/miradordeatarfe.es\/index.php?rest_route=%2Fwp%2Fv2%2Fmedia&parent=71803"}],"wp:term":[{"taxonomy":"category","embeddable":true,"href":"https:\/\/miradordeatarfe.es\/index.php?rest_route=%2Fwp%2Fv2%2Fcategories&post=71803"},{"taxonomy":"post_tag","embeddable":true,"href":"https:\/\/miradordeatarfe.es\/index.php?rest_route=%2Fwp%2Fv2%2Ftags&post=71803"}],"curies":[{"name":"wp","href":"https:\/\/api.w.org\/{rel}","templated":true}]}}