{"id":71811,"date":"2024-10-12T09:40:07","date_gmt":"2024-10-12T07:40:07","guid":{"rendered":"https:\/\/miradordeatarfe.es\/?p=71811"},"modified":"2024-10-12T10:47:10","modified_gmt":"2024-10-12T08:47:10","slug":"la-exposicion-del-club-de-buceo-de-atarfe-se-acerca-a-los-colegios","status":"publish","type":"post","link":"https:\/\/miradordeatarfe.es\/?p=71811","title":{"rendered":"La exposici\u00f3n del CLUB DE BUCEO  DE ATARFE , se acerca a los colegios"},"content":{"rendered":"<h3 style=\"text-align: justify;\">El mi\u00e9rcoles 9 de octubre la clase de 4 a\u00f1os, con el motivo de profundizaci\u00f3n sobre nuestro proyecto \u201cBajo el Mar\u201d y la clase de 5 a\u00f1os con su proyecto \u201cLas Sirenas\u201d, del centro Sagrada Familia, tuvimos la suerte de poder visitar en el centro Cultural Medina Elvira de nuestro pueblo la exposici\u00f3n de Fondos Marinos realizada por el Club de Buceo de Atarfe.<\/h3>\n<p style=\"text-align: justify;\">La sorpresa fue enorme ya que pudimos ver unas fotos espectaculares de animales marinos que ni conoc\u00edamos y parecen que son de otros lugares lejanos. Los que m\u00e1s nos sorprendieron fueron las fotos de animales que ni tienen ojos y se gu\u00edan con antenas, como los caracoles.<\/p>\n<p style=\"text-align: justify;\">Adem\u00e1s, queremos agradecer la informaci\u00f3n adicional facilitada por este Club de Buceo, que nos fue muy bien y nos pareci\u00f3 muy interesante, as\u00ed como al Ayuntamiento de Atarfe por ofrecernos la oportunidad de visitar esta exposici\u00f3n.<\/p>\n<p style=\"text-align: justify;\">Se realizan <strong>visitas guiadas por la ma\u00f1ana, los lunes de 10h. a 12h. y martes de 12 a 14h<\/strong> par los centros educativos mientras dure la exposici\u00f3n hasta el 27 de Octubre.<\/p>\n<p>Numero de whatsapp para reserva: <strong>617535370<\/strong>.<\/p>\n<p><a href=\"https:\/\/i0.wp.com\/miradordeatarfe.es\/wp-content\/uploads\/2024\/10\/Imagen-de-WhatsApp-2024-10-10-a-las-10.48.32_e83d39b4.jpg?ssl=1\"><img data-recalc-dims=\"1\" loading=\"lazy\" decoding=\"async\" class=\"alignnone wp-image-71812 size-full\" src=\"https:\/\/i0.wp.com\/miradordeatarfe.es\/wp-content\/uploads\/2024\/10\/Imagen-de-WhatsApp-2024-10-10-a-las-10.48.32_e83d39b4.jpg?resize=640%2C287&#038;ssl=1\" alt=\"\" width=\"640\" height=\"287\" srcset=\"https:\/\/i0.wp.com\/miradordeatarfe.es\/wp-content\/uploads\/2024\/10\/Imagen-de-WhatsApp-2024-10-10-a-las-10.48.32_e83d39b4.jpg?w=1600&amp;ssl=1 1600w, https:\/\/i0.wp.com\/miradordeatarfe.es\/wp-content\/uploads\/2024\/10\/Imagen-de-WhatsApp-2024-10-10-a-las-10.48.32_e83d39b4.jpg?resize=300%2C135&amp;ssl=1 300w, https:\/\/i0.wp.com\/miradordeatarfe.es\/wp-content\/uploads\/2024\/10\/Imagen-de-WhatsApp-2024-10-10-a-las-10.48.32_e83d39b4.jpg?resize=1024%2C460&amp;ssl=1 1024w, https:\/\/i0.wp.com\/miradordeatarfe.es\/wp-content\/uploads\/2024\/10\/Imagen-de-WhatsApp-2024-10-10-a-las-10.48.32_e83d39b4.jpg?resize=768%2C345&amp;ssl=1 768w, https:\/\/i0.wp.com\/miradordeatarfe.es\/wp-content\/uploads\/2024\/10\/Imagen-de-WhatsApp-2024-10-10-a-las-10.48.32_e83d39b4.jpg?resize=1536%2C689&amp;ssl=1 1536w, https:\/\/i0.wp.com\/miradordeatarfe.es\/wp-content\/uploads\/2024\/10\/Imagen-de-WhatsApp-2024-10-10-a-las-10.48.32_e83d39b4.jpg?resize=1320%2C592&amp;ssl=1 1320w\" sizes=\"auto, (max-width: 640px) 100vw, 640px\" \/><\/a><\/p>\n<p><a href=\"https:\/\/i0.wp.com\/miradordeatarfe.es\/wp-content\/uploads\/2024\/10\/Imagen-de-WhatsApp-2024-10-10-a-las-10.48.42_b6672d91.jpg?ssl=1\"><img data-recalc-dims=\"1\" loading=\"lazy\" decoding=\"async\" class=\"alignnone wp-image-71813 size-full\" src=\"https:\/\/i0.wp.com\/miradordeatarfe.es\/wp-content\/uploads\/2024\/10\/Imagen-de-WhatsApp-2024-10-10-a-las-10.48.42_b6672d91.jpg?resize=640%2C462&#038;ssl=1\" alt=\"\" width=\"640\" height=\"462\" srcset=\"https:\/\/i0.wp.com\/miradordeatarfe.es\/wp-content\/uploads\/2024\/10\/Imagen-de-WhatsApp-2024-10-10-a-las-10.48.42_b6672d91.jpg?w=1080&amp;ssl=1 1080w, https:\/\/i0.wp.com\/miradordeatarfe.es\/wp-content\/uploads\/2024\/10\/Imagen-de-WhatsApp-2024-10-10-a-las-10.48.42_b6672d91.jpg?resize=300%2C216&amp;ssl=1 300w, https:\/\/i0.wp.com\/miradordeatarfe.es\/wp-content\/uploads\/2024\/10\/Imagen-de-WhatsApp-2024-10-10-a-las-10.48.42_b6672d91.jpg?resize=1024%2C739&amp;ssl=1 1024w, https:\/\/i0.wp.com\/miradordeatarfe.es\/wp-content\/uploads\/2024\/10\/Imagen-de-WhatsApp-2024-10-10-a-las-10.48.42_b6672d91.jpg?resize=768%2C554&amp;ssl=1 768w\" sizes=\"auto, (max-width: 640px) 100vw, 640px\" \/><\/a><\/p>\n<p>&nbsp;<\/p>\n","protected":false},"excerpt":{"rendered":"<p>El mi\u00e9rcoles 9 de octubre la clase de 4 a\u00f1os, con el motivo de profundizaci\u00f3n&#8230;<\/p>\n","protected":false},"author":1,"featured_media":71814,"comment_status":"closed","ping_status":"closed","sticky":false,"template":"","format":"standard","meta":{"_coblocks_attr":"","_coblocks_dimensions":"","_coblocks_responsive_height":"","_coblocks_accordion_ie_support":"","jetpack_post_was_ever_published":false,"_jetpack_newsletter_access":"","_jetpack_dont_email_post_to_subs":false,"_jetpack_newsletter_tier_id":0,"_jetpack_memberships_contains_paywalled_content":false,"_jetpack_memberships_contains_paid_content":false,"footnotes":"","jetpack_publicize_message":"","jetpack_publicize_feature_enabled":true,"jetpack_social_post_already_shared":false,"jetpack_social_options":{"image_generator_settings":{"template":"highway","default_image_id":0,"enabled":false},"version":2}},"categories":[187,186,44],"tags":[],"class_list":["post-71811","post","type-post","status-publish","format-standard","has-post-thumbnail","hentry","category-centros-educativos","category-instituciones","category-noticias-de-hoy"],"jetpack_publicize_connections":[],"jetpack_featured_media_url":"https:\/\/i0.wp.com\/miradordeatarfe.es\/wp-content\/uploads\/2024\/10\/Imagen-de-WhatsApp-2024-10-10-a-las-10.48.32_63624add.jpg?fit=1600%2C719&ssl=1","jetpack_likes_enabled":true,"jetpack_sharing_enabled":true,"_links":{"self":[{"href":"https:\/\/miradordeatarfe.es\/index.php?rest_route=\/wp\/v2\/posts\/71811","targetHints":{"allow":["GET"]}}],"collection":[{"href":"https:\/\/miradordeatarfe.es\/index.php?rest_route=\/wp\/v2\/posts"}],"about":[{"href":"https:\/\/miradordeatarfe.es\/index.php?rest_route=\/wp\/v2\/types\/post"}],"author":[{"embeddable":true,"href":"https:\/\/miradordeatarfe.es\/index.php?rest_route=\/wp\/v2\/users\/1"}],"replies":[{"embeddable":true,"href":"https:\/\/miradordeatarfe.es\/index.php?rest_route=%2Fwp%2Fv2%2Fcomments&post=71811"}],"version-history":[{"count":2,"href":"https:\/\/miradordeatarfe.es\/index.php?rest_route=\/wp\/v2\/posts\/71811\/revisions"}],"predecessor-version":[{"id":71816,"href":"https:\/\/miradordeatarfe.es\/index.php?rest_route=\/wp\/v2\/posts\/71811\/revisions\/71816"}],"wp:featuredmedia":[{"embeddable":true,"href":"https:\/\/miradordeatarfe.es\/index.php?rest_route=\/wp\/v2\/media\/71814"}],"wp:attachment":[{"href":"https:\/\/miradordeatarfe.es\/index.php?rest_route=%2Fwp%2Fv2%2Fmedia&parent=71811"}],"wp:term":[{"taxonomy":"category","embeddable":true,"href":"https:\/\/miradordeatarfe.es\/index.php?rest_route=%2Fwp%2Fv2%2Fcategories&post=71811"},{"taxonomy":"post_tag","embeddable":true,"href":"https:\/\/miradordeatarfe.es\/index.php?rest_route=%2Fwp%2Fv2%2Ftags&post=71811"}],"curies":[{"name":"wp","href":"https:\/\/api.w.org\/{rel}","templated":true}]}}