{"id":71817,"date":"2024-10-14T11:31:02","date_gmt":"2024-10-14T09:31:02","guid":{"rendered":"https:\/\/miradordeatarfe.es\/?p=71817"},"modified":"2024-11-12T14:02:20","modified_gmt":"2024-11-12T13:02:20","slug":"el-ayuntamiento-y-el-ceip-medina-elvira-recuerdan-la-plaza-del-amparo","status":"publish","type":"post","link":"https:\/\/miradordeatarfe.es\/?p=71817","title":{"rendered":"El Ayuntamiento y el Ceip Medina Elvira recuerdan la \u00abPLAZA DEL AMPARO\u00bb"},"content":{"rendered":"<h3>El Ayuntamiento de Atarfe ha dado un paso importante hacia el reconocimiento de nuestra historia. Gracias a la iniciativa del alumnado de primaria del Colegio Medina Elvira .<\/h3>\n<p>El 30 de abril de este a\u00f1o asistimos a la ruta producto final de un trabajo en la que se han desarrollado competencias de las \u00e1reas de lengua y conocimiento del medio natural, profundizando en aspectos relacionados con el conocimiento, la conservaci\u00f3n y la apreciaci\u00f3n de diferentes elementos sociales, naturales y culturales del medio natural que nos rodea, as\u00ed como en la elaboraci\u00f3n y producci\u00f3n de diferentes tipos de textos escritos de uso social ( el cartel, el correo electr\u00f3nico, la instancia\u2026.)<\/p>\n<p>Tras investigar las distintas etapas hist\u00f3ricas de Atarfe , descubrieron que en la \u00e9poca de la repoblaci\u00f3n, aqu\u00ed estuvo el<strong> antiguo Ayuntamiento hasta 1907<\/strong> . El documento m\u00e1s importante que refleja la historia moderna de Atarfe, est\u00e1 fechado en 1753, se trata del Catastro del Marqu\u00e9s de la Ensenada, documento de car\u00e1cter fiscal, cuyo fin era el de crear una \u00fanica contribuci\u00f3n en el reino.<\/p>\n<p>Con esta situaci\u00f3n se llega al siglo XX, y aunque la realidad social hab\u00eda cambiado bastante, segu\u00edan perdurando los esquemas que durante mucho tiempo se hab\u00edan configurado.<\/p>\n<p>Atarfe, a principios de siglo estaba formado por<strong> 35 calles<\/strong>, la mayor\u00eda de ellas situadas <strong>a los pies de la Iglesia Parroquial<\/strong> y, sobre todo, por un nutrido n\u00famero de cortijos que se dispersaban por todo su t\u00e9rmino.<\/p>\n<p>La poblaci\u00f3n era muy joven. Hab\u00eda un total de<strong> 4.279 habitantes, de los cuales, el 60% eran menores de 30 a\u00f1os, y su \u00edndice de analfabetismo se situaba en el 65%<\/strong>. La econom\u00eda segu\u00eda basada en la agricultura, aunque el sector industrial empezaba a surgir t\u00edmidamente, siendo la canter\u00eda la profesi\u00f3n que generaba m\u00e1s ingresos<\/p>\n<p>Esta plaza, conocida por generaciones como <strong>la Plaza del Amparo<\/strong> , ha sido un s\u00edmbolo de protecci\u00f3n y ayuda para los repobladores que ven\u00edan a pedir amparo.<\/p>\n<p>Hoy, se ha realizado justicia a nuestra historia , guiados por quienes representan nuestro futuro: nuestros ni\u00f1os y ni\u00f1as . <strong>Ellos han reivindicado la ausencia de nombre en esta plaza<\/strong> y nos recuerdan que la memoria de un pueblo perdura a trav\u00e9s de sus generaciones y\u00a0 que deben perdurar para siempre y as\u00ed ha quedado reflejado en la apertura del letrero que junto con la Alcaldesa y Concejala de Cultura y su maestra Nati,\u00a0 este alumnado ha hecho realidad.<\/p>\n<p>&nbsp;<\/p>\n<p><div class=\"jetpack-video-wrapper\"><iframe loading=\"lazy\" title=\"\ud83d\udd70\ufe0f Atarfe rinde homenaje a su historia con la inauguraci\u00f3n de la Plaza del Amparo \ud83c\udfdb\ufe0f\u2728\" width=\"640\" height=\"360\" src=\"https:\/\/www.youtube.com\/embed\/44rRH3OLLYY?feature=oembed\" frameborder=\"0\" allow=\"accelerometer; autoplay; clipboard-write; encrypted-media; gyroscope; picture-in-picture; web-share\" referrerpolicy=\"strict-origin-when-cross-origin\" allowfullscreen><\/iframe><\/div>\n<\/p>\n<p><a href=\"https:\/\/i0.wp.com\/miradordeatarfe.es\/wp-content\/uploads\/2024\/10\/Imagen-de-WhatsApp-2024-04-26-a-las-19.43.37_1ca07a6a.webp?ssl=1\"><img data-recalc-dims=\"1\" loading=\"lazy\" decoding=\"async\" class=\"alignnone wp-image-71819 \" src=\"https:\/\/i0.wp.com\/miradordeatarfe.es\/wp-content\/uploads\/2024\/10\/Imagen-de-WhatsApp-2024-04-26-a-las-19.43.37_1ca07a6a.webp?resize=285%2C506&#038;ssl=1\" alt=\"\" width=\"285\" height=\"506\" \/>\u00a0 <\/a><a href=\"https:\/\/i0.wp.com\/miradordeatarfe.es\/wp-content\/uploads\/2024\/10\/Imagen-de-WhatsApp-2024-04-26-a-las-19.43.48_70633a5b.webp?ssl=1\"><img data-recalc-dims=\"1\" loading=\"lazy\" decoding=\"async\" class=\"alignnone wp-image-71820 \" src=\"https:\/\/i0.wp.com\/miradordeatarfe.es\/wp-content\/uploads\/2024\/10\/Imagen-de-WhatsApp-2024-04-26-a-las-19.43.48_70633a5b.webp?resize=360%2C509&#038;ssl=1\" alt=\"\" width=\"360\" height=\"509\" \/><\/a>\u00a0 carteles que anunciaron la visita<\/p>\n<p>&nbsp;<\/p>\n","protected":false},"excerpt":{"rendered":"<p>El Ayuntamiento de Atarfe ha dado un paso importante hacia el reconocimiento de nuestra historia&#8230;.<\/p>\n","protected":false},"author":1,"featured_media":0,"comment_status":"closed","ping_status":"closed","sticky":false,"template":"","format":"standard","meta":{"_coblocks_attr":"","_coblocks_dimensions":"","_coblocks_responsive_height":"","_coblocks_accordion_ie_support":"","jetpack_post_was_ever_published":false,"_jetpack_newsletter_access":"","_jetpack_dont_email_post_to_subs":false,"_jetpack_newsletter_tier_id":0,"_jetpack_memberships_contains_paywalled_content":false,"_jetpack_memberships_contains_paid_content":false,"footnotes":"","jetpack_publicize_message":"","jetpack_publicize_feature_enabled":true,"jetpack_social_post_already_shared":true,"jetpack_social_options":{"image_generator_settings":{"template":"highway","default_image_id":0,"enabled":false},"version":2}},"categories":[187,1225,186],"tags":[],"class_list":["post-71817","post","type-post","status-publish","format-standard","hentry","category-centros-educativos","category-ha-de-atarfe","category-instituciones"],"jetpack_publicize_connections":[],"jetpack_featured_media_url":"","jetpack_likes_enabled":true,"jetpack_sharing_enabled":true,"_links":{"self":[{"href":"https:\/\/miradordeatarfe.es\/index.php?rest_route=\/wp\/v2\/posts\/71817","targetHints":{"allow":["GET"]}}],"collection":[{"href":"https:\/\/miradordeatarfe.es\/index.php?rest_route=\/wp\/v2\/posts"}],"about":[{"href":"https:\/\/miradordeatarfe.es\/index.php?rest_route=\/wp\/v2\/types\/post"}],"author":[{"embeddable":true,"href":"https:\/\/miradordeatarfe.es\/index.php?rest_route=\/wp\/v2\/users\/1"}],"replies":[{"embeddable":true,"href":"https:\/\/miradordeatarfe.es\/index.php?rest_route=%2Fwp%2Fv2%2Fcomments&post=71817"}],"version-history":[{"count":2,"href":"https:\/\/miradordeatarfe.es\/index.php?rest_route=\/wp\/v2\/posts\/71817\/revisions"}],"predecessor-version":[{"id":71821,"href":"https:\/\/miradordeatarfe.es\/index.php?rest_route=\/wp\/v2\/posts\/71817\/revisions\/71821"}],"wp:attachment":[{"href":"https:\/\/miradordeatarfe.es\/index.php?rest_route=%2Fwp%2Fv2%2Fmedia&parent=71817"}],"wp:term":[{"taxonomy":"category","embeddable":true,"href":"https:\/\/miradordeatarfe.es\/index.php?rest_route=%2Fwp%2Fv2%2Fcategories&post=71817"},{"taxonomy":"post_tag","embeddable":true,"href":"https:\/\/miradordeatarfe.es\/index.php?rest_route=%2Fwp%2Fv2%2Ftags&post=71817"}],"curies":[{"name":"wp","href":"https:\/\/api.w.org\/{rel}","templated":true}]}}