{"id":71822,"date":"2024-10-12T09:45:49","date_gmt":"2024-10-12T07:45:49","guid":{"rendered":"https:\/\/miradordeatarfe.es\/?p=71822"},"modified":"2024-11-10T11:28:06","modified_gmt":"2024-11-10T10:28:06","slug":"el-carril-ciclopeatonal-por-juan-de-dios-villanueva-roa","status":"publish","type":"post","link":"https:\/\/miradordeatarfe.es\/?p=71822","title":{"rendered":"\u00abEl carril ciclopeatonal\u00bb por Juan de Dios Villanueva Roa"},"content":{"rendered":"<h3 style=\"text-align: justify;\">Iba ser en un suspiro. Las gentes podr\u00edan pasear, correr, pedalear si quisieran entre Armilla y el PTS utilizando el pasadizo que movi\u00f3 autopistas, que rompi\u00f3 moldes.<\/h3>\n<p style=\"text-align: justify;\">En nada de tiempo no ser\u00eda obligatorio ir en coche o en metro de un lado hasta otro. Pero en realidad era un sue\u00f1o. Casi pesadilla aunque a\u00fan no haya habido desgracias, la gente a\u00fan conserva el sentido com\u00fan para algunas cosas. El mismo que le sigue faltando a determinada clase pol\u00edtica que usa su poder administrativo para da\u00f1ar a las personas, a sus votantes y al otro, aunque sea un ente gobernado por quienes no son ellos.<\/p>\n<p style=\"text-align: justify;\">Me refiero al carril ciclopeatonal que lo llaman; solo falta la parte central que coincide con las rotondas de acceso al Centro Comercial Nevada, ese templo de los nuevos tiempos. Parece que las administraciones de ambas partes se han puesto de acuerdo en dar la pincelada \u00faltima, pero ahora toca de nuevo la parte burocr\u00e1tica. Ah\u00ed estamos perdidos, para unas decenas de metros se tardar\u00e1n cientos de d\u00edas, m\u00e1s luego recuperar las obras, y despu\u00e9s colocar luces, asientos, bebederos de agua, elementos de seguridad y, lo m\u00e1s importante, ordenarse para la foto de la inauguraci\u00f3n, a ver d\u00f3nde se coloca cada uno de los culpables del retraso, y luego los dem\u00e1s.<\/p>\n<p style=\"text-align: justify;\">Entre tanto, los materiales para terminar pasar\u00e1n otro invierno m\u00e1s viendo c\u00f3mo las hordas de gentes suben y bajan del metro para ir al templo, c\u00f3mo los miles de coches buscan refugio en sus aparcamientos, como algunos se llenan los bolsillos mientras otros ven cercenadas sus caminatas por la indigencia mental de quien siempre tiene la culpa en y hacia la provincia de Granada.<\/p>\n<p>FOTO:<span class=\"v-fc__t\">Las obras del carril ciclopeatonal han llegado a su fase final.<\/span> <span class=\"v-fc__p\">Pepe Mar\u00edn<\/span><\/p>\n","protected":false},"excerpt":{"rendered":"<p>Iba ser en un suspiro. Las gentes podr\u00edan pasear, correr, pedalear si quisieran entre Armilla&#8230;<\/p>\n","protected":false},"author":1,"featured_media":71823,"comment_status":"closed","ping_status":"closed","sticky":false,"template":"","format":"standard","meta":{"_coblocks_attr":"","_coblocks_dimensions":"","_coblocks_responsive_height":"","_coblocks_accordion_ie_support":"","jetpack_post_was_ever_published":false,"_jetpack_newsletter_access":"","_jetpack_dont_email_post_to_subs":false,"_jetpack_newsletter_tier_id":0,"_jetpack_memberships_contains_paywalled_content":false,"_jetpack_memberships_contains_paid_content":false,"footnotes":"","jetpack_publicize_message":"","jetpack_publicize_feature_enabled":true,"jetpack_social_post_already_shared":true,"jetpack_social_options":{"image_generator_settings":{"template":"highway","default_image_id":0,"enabled":false},"version":2}},"categories":[1161,10781,9772,44],"tags":[],"class_list":["post-71822","post","type-post","status-publish","format-standard","has-post-thumbnail","hentry","category-ciudadania","category-granada","category-opinion-de-juan-de-dios-villanueva","category-noticias-de-hoy"],"jetpack_publicize_connections":[],"jetpack_featured_media_url":"https:\/\/i0.wp.com\/miradordeatarfe.es\/wp-content\/uploads\/2024\/10\/hincab-k0ZC-U2206147179yYE-1200x840%40Ideal.jpg?fit=1200%2C840&ssl=1","jetpack_likes_enabled":true,"jetpack_sharing_enabled":true,"_links":{"self":[{"href":"https:\/\/miradordeatarfe.es\/index.php?rest_route=\/wp\/v2\/posts\/71822","targetHints":{"allow":["GET"]}}],"collection":[{"href":"https:\/\/miradordeatarfe.es\/index.php?rest_route=\/wp\/v2\/posts"}],"about":[{"href":"https:\/\/miradordeatarfe.es\/index.php?rest_route=\/wp\/v2\/types\/post"}],"author":[{"embeddable":true,"href":"https:\/\/miradordeatarfe.es\/index.php?rest_route=\/wp\/v2\/users\/1"}],"replies":[{"embeddable":true,"href":"https:\/\/miradordeatarfe.es\/index.php?rest_route=%2Fwp%2Fv2%2Fcomments&post=71822"}],"version-history":[{"count":2,"href":"https:\/\/miradordeatarfe.es\/index.php?rest_route=\/wp\/v2\/posts\/71822\/revisions"}],"predecessor-version":[{"id":71850,"href":"https:\/\/miradordeatarfe.es\/index.php?rest_route=\/wp\/v2\/posts\/71822\/revisions\/71850"}],"wp:featuredmedia":[{"embeddable":true,"href":"https:\/\/miradordeatarfe.es\/index.php?rest_route=\/wp\/v2\/media\/71823"}],"wp:attachment":[{"href":"https:\/\/miradordeatarfe.es\/index.php?rest_route=%2Fwp%2Fv2%2Fmedia&parent=71822"}],"wp:term":[{"taxonomy":"category","embeddable":true,"href":"https:\/\/miradordeatarfe.es\/index.php?rest_route=%2Fwp%2Fv2%2Fcategories&post=71822"},{"taxonomy":"post_tag","embeddable":true,"href":"https:\/\/miradordeatarfe.es\/index.php?rest_route=%2Fwp%2Fv2%2Ftags&post=71822"}],"curies":[{"name":"wp","href":"https:\/\/api.w.org\/{rel}","templated":true}]}}