{"id":7185,"date":"2016-03-03T07:30:25","date_gmt":"2016-03-03T07:30:25","guid":{"rendered":"http:\/\/miradordeatarfe.es\/?p=7185"},"modified":"2016-03-02T09:55:06","modified_gmt":"2016-03-02T09:55:06","slug":"sin-un-ano-bisiesto-cada-cuatro-hoy-seria-15-de-julio-de-2017","status":"publish","type":"post","link":"https:\/\/miradordeatarfe.es\/?p=7185","title":{"rendered":"Sin un a\u00f1o bisiesto cada cuatro, hoy ser\u00eda 15 de julio de 2017"},"content":{"rendered":"<p class=\"subtitulo\">&#8216;Los Angeles Times&#8217; ha hecho el c\u00e1lculo en un art\u00edculo que recuerda que la Tierra no tarda 365 d\u00edas exactos en dar la vuelta al Sol<!--more--><\/p>\n<p>Si no a\u00f1adi\u00e9ramos un 29 de febrero los a\u00f1os bisiestos, hoy estar\u00edamos a 15 de julio de 2017. Se trata de un c\u00e1lculo que ha hecho <em><a href=\"http:\/\/graphics.latimes.com\/leap-year-2016\/\">Los Angeles Times<\/a>,<\/em> que nos recuerda que la Tierra no tarda 365 d\u00edas exactos en dar la vuelta al Sol: son 365 d\u00edas, 5 horas, 48 minutos y 46 segundos. Cada cuatro a\u00f1os hemos de a\u00f1adir un d\u00eda m\u00e1s para cuadrar esas horas extra.<\/p>\n<p>Tal y como recuerda EL PA\u00cdS,<strong> si no a\u00f1adi\u00e9ramos el 29 de febrero<\/strong>, \u201clas estaciones acabar\u00edan descompasadas del calendario, de tal manera que despu\u00e9s de unos 700 a\u00f1os, en el hemisferio norte la Navidad caer\u00eda en mitad del verano. Al rev\u00e9s, en el hemisferio sur\u201d.<\/p>\n<p>Debemos los a\u00f1os bisiestos a Julio C\u00e9sar, que introdujo en Roma el calendario egipcio de 365 d\u00edas y quien, para ajustarlo, a\u00f1adi\u00f3 un d\u00eda cada cuatro a\u00f1os despu\u00e9s del 24 de febrero. Este d\u00eda era el sexto antes de las calendas de marzo. Y como se contaba dos veces, era \u00abbis sextus\u00bb, es decir, bisiesto<em>.<\/em><\/p>\n<p>Eso s\u00ed<em>,<\/em> nuestro calendario actual no es el juliano, sino el gregoriano, introducido por el Papa Gregorio XIII en el siglo XVI, cuando se hizo necesario un nuevo ajuste: los a\u00f1os divisibles entre 100 no ser\u00edan bisiestos, excepto si tambi\u00e9n lo eran por 400. Es decir, 2100 no ser\u00e1 bisiesto.<\/p>\n<p>Pero para entonces ya hab\u00eda un descuadre de 10 d\u00edas que se resolvi\u00f3, simplemente, elimin\u00e1ndolos. <a href=\"http:\/\/elpais.com\/elpais\/2016\/01\/25\/ciencia\/1453735339_015453.html\">Como explicaba <em>Materia<\/em><\/a><em>,<\/em> al jueves 4 de octubre de 1582 le sigui\u00f3 el 15 de octubre de 1582. Este cambio no se aplic\u00f3 en todos los pa\u00edses al mismo tiempo: los ingleses a\u00fan tardaron dos siglos en hacerlo, por ejemplo. Por eso Miguel de Cervantes y William Shakespeare murieron con diez d\u00edas de diferencia a pesar de que su muerte tiene la misma fecha, el 23 de abril de 1616.<\/p>\n<p>Eso s\u00ed, a pesar de todos estos esfuerzos, nuestro calendario a\u00fan falla por 26 segundos, lo que har\u00e1 necesario a\u00f1adir otro d\u00eda extra en 4909.<\/p>\n","protected":false},"excerpt":{"rendered":"<p>&#8216;Los Angeles Times&#8217; ha hecho el c\u00e1lculo en un art\u00edculo que recuerda que la Tierra&#8230;<\/p>\n","protected":false},"author":1,"featured_media":7187,"comment_status":"closed","ping_status":"closed","sticky":false,"template":"","format":"standard","meta":{"_coblocks_attr":"","_coblocks_dimensions":"","_coblocks_responsive_height":"","_coblocks_accordion_ie_support":"","jetpack_post_was_ever_published":false,"_jetpack_newsletter_access":"","_jetpack_dont_email_post_to_subs":false,"_jetpack_newsletter_tier_id":0,"_jetpack_memberships_contains_paywalled_content":false,"_jetpack_memberships_contains_paid_content":false,"footnotes":"","jetpack_publicize_message":"","jetpack_publicize_feature_enabled":true,"jetpack_social_post_already_shared":false,"jetpack_social_options":{"image_generator_settings":{"template":"highway","default_image_id":0,"enabled":false},"version":2}},"categories":[186,44,15],"tags":[2286,2284,53,2285],"class_list":["post-7185","post","type-post","status-publish","format-standard","has-post-thumbnail","hentry","category-instituciones","category-noticias-de-hoy","category-ultimas-noticias","tag-anos","tag-bisiesto","tag-ciencia","tag-dias"],"jetpack_publicize_connections":[],"jetpack_featured_media_url":"https:\/\/i0.wp.com\/miradordeatarfe.es\/wp-content\/uploads\/2016\/03\/1456745719_674178_1456746864_noticia_normal.jpg?fit=630%2C520&ssl=1","jetpack_likes_enabled":true,"jetpack_sharing_enabled":true,"_links":{"self":[{"href":"https:\/\/miradordeatarfe.es\/index.php?rest_route=\/wp\/v2\/posts\/7185","targetHints":{"allow":["GET"]}}],"collection":[{"href":"https:\/\/miradordeatarfe.es\/index.php?rest_route=\/wp\/v2\/posts"}],"about":[{"href":"https:\/\/miradordeatarfe.es\/index.php?rest_route=\/wp\/v2\/types\/post"}],"author":[{"embeddable":true,"href":"https:\/\/miradordeatarfe.es\/index.php?rest_route=\/wp\/v2\/users\/1"}],"replies":[{"embeddable":true,"href":"https:\/\/miradordeatarfe.es\/index.php?rest_route=%2Fwp%2Fv2%2Fcomments&post=7185"}],"version-history":[{"count":1,"href":"https:\/\/miradordeatarfe.es\/index.php?rest_route=\/wp\/v2\/posts\/7185\/revisions"}],"predecessor-version":[{"id":7186,"href":"https:\/\/miradordeatarfe.es\/index.php?rest_route=\/wp\/v2\/posts\/7185\/revisions\/7186"}],"wp:featuredmedia":[{"embeddable":true,"href":"https:\/\/miradordeatarfe.es\/index.php?rest_route=\/wp\/v2\/media\/7187"}],"wp:attachment":[{"href":"https:\/\/miradordeatarfe.es\/index.php?rest_route=%2Fwp%2Fv2%2Fmedia&parent=7185"}],"wp:term":[{"taxonomy":"category","embeddable":true,"href":"https:\/\/miradordeatarfe.es\/index.php?rest_route=%2Fwp%2Fv2%2Fcategories&post=7185"},{"taxonomy":"post_tag","embeddable":true,"href":"https:\/\/miradordeatarfe.es\/index.php?rest_route=%2Fwp%2Fv2%2Ftags&post=7185"}],"curies":[{"name":"wp","href":"https:\/\/api.w.org\/{rel}","templated":true}]}}