{"id":71887,"date":"2024-10-21T11:16:41","date_gmt":"2024-10-21T09:16:41","guid":{"rendered":"https:\/\/miradordeatarfe.es\/?p=71887"},"modified":"2024-10-20T11:08:23","modified_gmt":"2024-10-20T09:08:23","slug":"atarfe-disfruta-el-9-de-noviembre-de-la-zarzuela-en-el-centro-cultural-medina-elvira","status":"publish","type":"post","link":"https:\/\/miradordeatarfe.es\/?p=71887","title":{"rendered":"ATARFE: DISFRUTA EL 9 DE NOVIEMBRE DE LA ZARZUELA EN EL CENTRO CULTURAL MEDINA ELVIRA"},"content":{"rendered":"<h3>\u00a0<\/h3>\n<h3 style=\"text-align: justify;\">El Teatro L\u00edrico Andaluz presenta el cl\u00e1sico \u00abLa Verbena de la Paloma\u00bb en el Centro Cultural Medina Elvira. \u00a1No te pierdas esta maravillosa obra llena de m\u00fasica, humor y tradici\u00f3n!<\/h3>\n<p style=\"text-align: justify;\">Una verbena es una fiesta popular. Durante los calurosos meses de verano se celebran en la ciudad de Madrid verbenas centenarias que entrelazan rituales sacros y profanos, bailes y plegarias, churros y aires de zarzuela. A trav\u00e9s de verbenas como las de San Antonio de la Florida, San Cayetano o La Paloma, la sociedad del presente establece un coloquio con su alter ego del siglo XIX, reflejo lejano pero tambi\u00e9n semillero cultural, social y urban\u00edstico de la actual metr\u00f3poli. Durante las verbenas, la urbe repliega su escala al per\u00edmetro de sus barrios y las calles pasan a ser escenograf\u00edas de un casticismo que se debate entre la nostalgia y la heterodoxia.<\/p>\n<h4 style=\"text-align: justify;\"><a href=\"https:\/\/i0.wp.com\/miradordeatarfe.es\/wp-content\/uploads\/2024\/10\/240px-La_Verbena_de_la_Paloma_-_zarzuela.jpg?ssl=1\"><img data-recalc-dims=\"1\" loading=\"lazy\" decoding=\"async\" class=\"size-medium wp-image-71889 alignleft\" src=\"https:\/\/i0.wp.com\/miradordeatarfe.es\/wp-content\/uploads\/2024\/10\/240px-La_Verbena_de_la_Paloma_-_zarzuela.jpg?resize=222%2C300&#038;ssl=1\" alt=\"\" width=\"222\" height=\"300\" srcset=\"https:\/\/i0.wp.com\/miradordeatarfe.es\/wp-content\/uploads\/2024\/10\/240px-La_Verbena_de_la_Paloma_-_zarzuela.jpg?resize=222%2C300&amp;ssl=1 222w, https:\/\/i0.wp.com\/miradordeatarfe.es\/wp-content\/uploads\/2024\/10\/240px-La_Verbena_de_la_Paloma_-_zarzuela.jpg?w=240&amp;ssl=1 240w\" sizes=\"auto, (max-width: 222px) 100vw, 222px\" \/><\/a>FOTO: Cartel del estreno de La Verbena de la Paloma en 1894<\/h4>\n<p style=\"text-align: justify;\">La verbena de la Paloma se celebra cada 15 de agosto y es la de mayor resonancia en el imaginario colectivo. La Virgen de la Paloma, en torno a la cual se origina el culto, no es la patrona oficial de Madrid sino su patrona popular. La fiesta es la \u00faltima del verano y, como tal, punto de encuentro y recompensa para los que permanecen en la ciudad en agosto. Adem\u00e1s, inspira y da t\u00edtulo a una de las obras cumbre de la zarzuela, el g\u00e9nero l\u00edrico popular que experimenta su m\u00e1ximo apogeo en la Espa\u00f1a del \u00faltimo tercio del siglo XIX. Escrita por Tom\u00e1s Bret\u00f3n y Ricardo de la Vega en 1894, La Verbena de la Paloma, o el boticario y las chulapas y celos mal reprimidos, es una de las obras m\u00e1s influyentes y representadas de todo el repertorio, se ha traducido a varios idiomas y es punto de partida de tres versiones cinematogr\u00e1ficas.<\/p>\n<p style=\"text-align: justify;\"><strong>Fecha: S\u00e1bado, 9 de noviembre<\/strong><\/p>\n<p><strong>\u00a0Hora: 20:00<\/strong><\/p>\n<p><strong>\u00a0Venta de entradas:<\/strong><\/p>\n<p><strong>Centro Cultural Medina Elvira y\/o<br \/>\n<\/strong><\/p>\n<p><a href=\"https:\/\/www.giglon.com\/todos?idEvent=zarzuela---la-verbena-de-la-paloma-atarfe\">https:\/\/www.giglon.com\/todos?idEvent=zarzuela&#8212;la-verbena-de-la-paloma-atarfe<\/a><\/p>\n<p>\u00a0Precio:<\/p>\n<p>15\u20ac Anticipada<br \/>\n17\u20ac Taquilla<\/p>\n<p>\u00a1No dejes escapar esta oportunidad \u00fanica de disfrutar de la zarzuela en Atarfe!<\/p>\n<p>&nbsp;<\/p>\n<p>&nbsp;<\/p>\n","protected":false},"excerpt":{"rendered":"<p>\u00a0 El Teatro L\u00edrico Andaluz presenta el cl\u00e1sico \u00abLa Verbena de la Paloma\u00bb en el&#8230;<\/p>\n","protected":false},"author":1,"featured_media":71888,"comment_status":"closed","ping_status":"closed","sticky":false,"template":"","format":"standard","meta":{"_coblocks_attr":"","_coblocks_dimensions":"","_coblocks_responsive_height":"","_coblocks_accordion_ie_support":"","jetpack_post_was_ever_published":false,"_jetpack_newsletter_access":"","_jetpack_dont_email_post_to_subs":false,"_jetpack_newsletter_tier_id":0,"_jetpack_memberships_contains_paywalled_content":false,"_jetpack_memberships_contains_paid_content":false,"footnotes":"","jetpack_publicize_message":"","jetpack_publicize_feature_enabled":true,"jetpack_social_post_already_shared":true,"jetpack_social_options":{"image_generator_settings":{"template":"highway","default_image_id":0,"enabled":false},"version":2}},"categories":[12,186,44],"tags":[],"class_list":["post-71887","post","type-post","status-publish","format-standard","has-post-thumbnail","hentry","category-cultura","category-instituciones","category-noticias-de-hoy"],"jetpack_publicize_connections":[],"jetpack_featured_media_url":"https:\/\/i0.wp.com\/miradordeatarfe.es\/wp-content\/uploads\/2024\/10\/Imagen-de-WhatsApp-2024-10-14-a-las-12.41.28_50226490.jpg?fit=600%2C849&ssl=1","jetpack_likes_enabled":true,"jetpack_sharing_enabled":true,"_links":{"self":[{"href":"https:\/\/miradordeatarfe.es\/index.php?rest_route=\/wp\/v2\/posts\/71887","targetHints":{"allow":["GET"]}}],"collection":[{"href":"https:\/\/miradordeatarfe.es\/index.php?rest_route=\/wp\/v2\/posts"}],"about":[{"href":"https:\/\/miradordeatarfe.es\/index.php?rest_route=\/wp\/v2\/types\/post"}],"author":[{"embeddable":true,"href":"https:\/\/miradordeatarfe.es\/index.php?rest_route=\/wp\/v2\/users\/1"}],"replies":[{"embeddable":true,"href":"https:\/\/miradordeatarfe.es\/index.php?rest_route=%2Fwp%2Fv2%2Fcomments&post=71887"}],"version-history":[{"count":4,"href":"https:\/\/miradordeatarfe.es\/index.php?rest_route=\/wp\/v2\/posts\/71887\/revisions"}],"predecessor-version":[{"id":71894,"href":"https:\/\/miradordeatarfe.es\/index.php?rest_route=\/wp\/v2\/posts\/71887\/revisions\/71894"}],"wp:featuredmedia":[{"embeddable":true,"href":"https:\/\/miradordeatarfe.es\/index.php?rest_route=\/wp\/v2\/media\/71888"}],"wp:attachment":[{"href":"https:\/\/miradordeatarfe.es\/index.php?rest_route=%2Fwp%2Fv2%2Fmedia&parent=71887"}],"wp:term":[{"taxonomy":"category","embeddable":true,"href":"https:\/\/miradordeatarfe.es\/index.php?rest_route=%2Fwp%2Fv2%2Fcategories&post=71887"},{"taxonomy":"post_tag","embeddable":true,"href":"https:\/\/miradordeatarfe.es\/index.php?rest_route=%2Fwp%2Fv2%2Ftags&post=71887"}],"curies":[{"name":"wp","href":"https:\/\/api.w.org\/{rel}","templated":true}]}}