{"id":7197,"date":"2016-03-03T08:15:50","date_gmt":"2016-03-03T08:15:50","guid":{"rendered":"http:\/\/miradordeatarfe.es\/?p=7197"},"modified":"2016-03-03T08:35:12","modified_gmt":"2016-03-03T08:35:12","slug":"atarfe-la-regularizacion-de-la-ayuda-a-domicilio-a-debate","status":"publish","type":"post","link":"https:\/\/miradordeatarfe.es\/?p=7197","title":{"rendered":"ATARFE: La regularizaci\u00f3n de la ayuda a domicilio, a debate"},"content":{"rendered":"<p><span class=\"contenidos_subtitulo\">El pleno extraordinario de HOY\u00a0 jueves 3 de marzo abordar\u00e1 como \u00fanico punto del d\u00eda el cambio de modelo de gesti\u00f3n de la ayuda a domicilio. En la actualidad hay 47 trabajadoras y 150 usuarios.<\/span><br \/>\n<!--more--><\/p>\n<p>La <strong>regularizaci\u00f3n de la ayuda a domicilio<\/strong> se debatir\u00e1 este jueves en el pleno extraordinario que se celebrar\u00e1 a las 19 horas en el Ayuntamiento de Atarfe.<\/p>\n<p>El equipo de gobierno, integrado por los concejales de Por Atarfe S\u00ed (PASI), propone un cambio en el modelo de gesti\u00f3n para la prestaci\u00f3n del servicio de ayuda a domicilio que pasa por la aprobaci\u00f3n de las bases reguladoras para la contrataci\u00f3n temporal de 47 trabajadoras mediante el sistema de concurso oposici\u00f3n y la creaci\u00f3n de una bolsa de trabajo que cubra las eventualidades del servicio.<\/p>\n<p>En la actualidad hay en Atarfe 150 usuarios del servicio de ayuda a domicilio,\u00a0vecinos que precisan un apoyo temporal o permanente para continuar en su entorno habitual.<\/p>\n<p>El pleno se retransmitir\u00e1 en directo v\u00eda streaming.<\/p>\n<div><\/div>\n","protected":false},"excerpt":{"rendered":"<p>El pleno extraordinario de HOY\u00a0 jueves 3 de marzo abordar\u00e1 como \u00fanico punto del d\u00eda&#8230;<\/p>\n","protected":false},"author":1,"featured_media":7198,"comment_status":"closed","ping_status":"closed","sticky":false,"template":"","format":"standard","meta":{"_coblocks_attr":"","_coblocks_dimensions":"","_coblocks_responsive_height":"","_coblocks_accordion_ie_support":"","jetpack_post_was_ever_published":false,"_jetpack_newsletter_access":"","_jetpack_dont_email_post_to_subs":false,"_jetpack_newsletter_tier_id":0,"_jetpack_memberships_contains_paywalled_content":false,"_jetpack_memberships_contains_paid_content":false,"footnotes":"","jetpack_publicize_message":"","jetpack_publicize_feature_enabled":true,"jetpack_social_post_already_shared":false,"jetpack_social_options":{"image_generator_settings":{"template":"highway","default_image_id":0,"enabled":false},"version":2}},"categories":[2],"tags":[2287,74],"class_list":["post-7197","post","type-post","status-publish","format-standard","has-post-thumbnail","hentry","category-atarfe","tag-ayuda-a-domicilio","tag-trabajo"],"jetpack_publicize_connections":[],"jetpack_featured_media_url":"https:\/\/i0.wp.com\/miradordeatarfe.es\/wp-content\/uploads\/2016\/03\/AYUDA.jpeg?fit=353%2C143&ssl=1","jetpack_likes_enabled":true,"jetpack_sharing_enabled":true,"_links":{"self":[{"href":"https:\/\/miradordeatarfe.es\/index.php?rest_route=\/wp\/v2\/posts\/7197","targetHints":{"allow":["GET"]}}],"collection":[{"href":"https:\/\/miradordeatarfe.es\/index.php?rest_route=\/wp\/v2\/posts"}],"about":[{"href":"https:\/\/miradordeatarfe.es\/index.php?rest_route=\/wp\/v2\/types\/post"}],"author":[{"embeddable":true,"href":"https:\/\/miradordeatarfe.es\/index.php?rest_route=\/wp\/v2\/users\/1"}],"replies":[{"embeddable":true,"href":"https:\/\/miradordeatarfe.es\/index.php?rest_route=%2Fwp%2Fv2%2Fcomments&post=7197"}],"version-history":[{"count":1,"href":"https:\/\/miradordeatarfe.es\/index.php?rest_route=\/wp\/v2\/posts\/7197\/revisions"}],"predecessor-version":[{"id":7199,"href":"https:\/\/miradordeatarfe.es\/index.php?rest_route=\/wp\/v2\/posts\/7197\/revisions\/7199"}],"wp:featuredmedia":[{"embeddable":true,"href":"https:\/\/miradordeatarfe.es\/index.php?rest_route=\/wp\/v2\/media\/7198"}],"wp:attachment":[{"href":"https:\/\/miradordeatarfe.es\/index.php?rest_route=%2Fwp%2Fv2%2Fmedia&parent=7197"}],"wp:term":[{"taxonomy":"category","embeddable":true,"href":"https:\/\/miradordeatarfe.es\/index.php?rest_route=%2Fwp%2Fv2%2Fcategories&post=7197"},{"taxonomy":"post_tag","embeddable":true,"href":"https:\/\/miradordeatarfe.es\/index.php?rest_route=%2Fwp%2Fv2%2Ftags&post=7197"}],"curies":[{"name":"wp","href":"https:\/\/api.w.org\/{rel}","templated":true}]}}