{"id":72011,"date":"2024-10-20T11:00:00","date_gmt":"2024-10-20T09:00:00","guid":{"rendered":"https:\/\/miradordeatarfe.es\/?p=72011"},"modified":"2024-10-20T11:07:28","modified_gmt":"2024-10-20T09:07:28","slug":"atarfe-celebra-el-dia-internacional-de-las-personas-mayores","status":"publish","type":"post","link":"https:\/\/miradordeatarfe.es\/?p=72011","title":{"rendered":"ATARFE CELEBRA EL DIA INTERNACIONAL DE LAS PERSONAS MAYORES"},"content":{"rendered":"\n<p><strong>Este a\u00f1o, por primera vez, Atarfe ha celebrado el D\u00eda Internacional de las Personas Mayores en un evento lleno de emociones y risas, organizado por las Concejal\u00edas de Bienestar Social y Participaci\u00f3n Ciudadana.<\/strong><\/p>\n\n\n\n<p>El envejecimiento de la poblaci\u00f3n est\u00e1 transformando las estructuras sociales de todo el mundo. La esperanza de vida al nacer supera actualmente los 75 a\u00f1os en la mitad de los pa\u00edses del mundo, 25 a\u00f1os m\u00e1s que en 1950. Para 2030, se prev\u00e9 que el n\u00famero de personas mayores supere al de j\u00f3venes en todo el mundo, y que este aumento sea m\u00e1s r\u00e1pido en los pa\u00edses en desarrollo. Este cambio demogr\u00e1fico ha transformado significativamente el \u00e1mbito de los cuidados, que engloba una amplia gama de necesidades de asistencia, tanto remunerada como no remunerada, en entornos formales e informales.<\/p>\n\n\n\n<p>Nuestros mayores de 65 a\u00f1os disfrutaron de una jornada muy especial, donde la protagonista indiscutible fue nuestra querida <strong>Mary Paz Torres<\/strong>, quien nos hizo re\u00edr con su maravilloso mon\u00f3logo.<\/p>\n\n\n\n<p>A medida que la poblaci\u00f3n envejece, la demanda de servicios integrales de atenci\u00f3n sanitaria, cuidados y apoyo social ha crecido sustancialmente, sobre todo para las personas mayores con enfermedades como la demencia.<\/p>\n\n\n\n<p>\u00a1No te pierdas este video con algunos de los momentos vividos! Un homenaje a todos los mayores de Atarfe, por su esfuerzo, dedicaci\u00f3n y contribuci\u00f3n a nuestra sociedad<\/p>\n\n\n\n<figure class=\"wp-block-embed is-type-video is-provider-youtube wp-block-embed-youtube wp-embed-aspect-16-9 wp-has-aspect-ratio\"><div class=\"wp-block-embed__wrapper\">\n<iframe loading=\"lazy\" title=\"\ud83c\udfa5 Revive el D\u00eda Internacional de las Personas Mayores en Atarfe \ud83c\udfa5\" width=\"540\" height=\"960\" src=\"https:\/\/www.youtube.com\/embed\/Xg2jiEpQjEk?feature=oembed\" frameborder=\"0\" allow=\"accelerometer; autoplay; clipboard-write; encrypted-media; gyroscope; picture-in-picture; web-share\" referrerpolicy=\"strict-origin-when-cross-origin\" allowfullscreen><\/iframe>\n<\/div><\/figure>\n","protected":false},"excerpt":{"rendered":"<p>Este a\u00f1o, por primera vez, Atarfe ha celebrado el D\u00eda Internacional de las Personas Mayores&#8230;<\/p>\n","protected":false},"author":1,"featured_media":72013,"comment_status":"closed","ping_status":"closed","sticky":false,"template":"","format":"standard","meta":{"_coblocks_attr":"","_coblocks_dimensions":"","_coblocks_responsive_height":"","_coblocks_accordion_ie_support":"","jetpack_post_was_ever_published":false,"_jetpack_newsletter_access":"","_jetpack_dont_email_post_to_subs":false,"_jetpack_newsletter_tier_id":0,"_jetpack_memberships_contains_paywalled_content":false,"_jetpack_memberships_contains_paid_content":false,"footnotes":"","jetpack_publicize_message":"","jetpack_publicize_feature_enabled":true,"jetpack_social_post_already_shared":false,"jetpack_social_options":{"image_generator_settings":{"template":"highway","default_image_id":0,"enabled":false},"version":2}},"categories":[12,6916,44],"tags":[],"class_list":["post-72011","post","type-post","status-publish","format-standard","has-post-thumbnail","hentry","category-cultura","category-ayuntamiento-de-atarfe","category-noticias-de-hoy"],"jetpack_publicize_connections":[],"jetpack_featured_media_url":"https:\/\/i0.wp.com\/miradordeatarfe.es\/wp-content\/uploads\/2024\/10\/Dia-internacional-personas-mayores.jpg?fit=512%2C384&ssl=1","jetpack_likes_enabled":true,"jetpack_sharing_enabled":true,"_links":{"self":[{"href":"https:\/\/miradordeatarfe.es\/index.php?rest_route=\/wp\/v2\/posts\/72011","targetHints":{"allow":["GET"]}}],"collection":[{"href":"https:\/\/miradordeatarfe.es\/index.php?rest_route=\/wp\/v2\/posts"}],"about":[{"href":"https:\/\/miradordeatarfe.es\/index.php?rest_route=\/wp\/v2\/types\/post"}],"author":[{"embeddable":true,"href":"https:\/\/miradordeatarfe.es\/index.php?rest_route=\/wp\/v2\/users\/1"}],"replies":[{"embeddable":true,"href":"https:\/\/miradordeatarfe.es\/index.php?rest_route=%2Fwp%2Fv2%2Fcomments&post=72011"}],"version-history":[{"count":1,"href":"https:\/\/miradordeatarfe.es\/index.php?rest_route=\/wp\/v2\/posts\/72011\/revisions"}],"predecessor-version":[{"id":72012,"href":"https:\/\/miradordeatarfe.es\/index.php?rest_route=\/wp\/v2\/posts\/72011\/revisions\/72012"}],"wp:featuredmedia":[{"embeddable":true,"href":"https:\/\/miradordeatarfe.es\/index.php?rest_route=\/wp\/v2\/media\/72013"}],"wp:attachment":[{"href":"https:\/\/miradordeatarfe.es\/index.php?rest_route=%2Fwp%2Fv2%2Fmedia&parent=72011"}],"wp:term":[{"taxonomy":"category","embeddable":true,"href":"https:\/\/miradordeatarfe.es\/index.php?rest_route=%2Fwp%2Fv2%2Fcategories&post=72011"},{"taxonomy":"post_tag","embeddable":true,"href":"https:\/\/miradordeatarfe.es\/index.php?rest_route=%2Fwp%2Fv2%2Ftags&post=72011"}],"curies":[{"name":"wp","href":"https:\/\/api.w.org\/{rel}","templated":true}]}}