{"id":72049,"date":"2024-10-21T08:54:33","date_gmt":"2024-10-21T06:54:33","guid":{"rendered":"https:\/\/miradordeatarfe.es\/?p=72049"},"modified":"2024-10-19T23:55:15","modified_gmt":"2024-10-19T21:55:15","slug":"asi-naufragamos-el-sueno-premonitorio-de-maruja-torres-que-era-una-realidad-al-despertar","status":"publish","type":"post","link":"https:\/\/miradordeatarfe.es\/?p=72049","title":{"rendered":"\u00abAs\u00ed naufragamos\u00bb: el sue\u00f1o premonitorio de Maruja Torres que era una realidad al despertar"},"content":{"rendered":"\n<p class=\"has-medium-font-size\"><strong>Cuando se hizo de d\u00eda alguien nos dijo que el barco de nuestros compa\u00f1eros hab\u00eda naufragado, y que entre los desaparecidos se hallaban mi amigo y su yo peque\u00f1o<\/strong><\/p>\n\n\n\n<p>Creo que ya os he comentado m\u00e1s de una vez, que mis sue\u00f1os suelen tener relaci\u00f3n con la actualidad. Algo deben de tener tambi\u00e9n de premonitorios, porque en la noche del lunes al martes so\u00f1\u00e9 que naufrag\u00e1bamos.<\/p>\n\n\n\n<p>Mejor dicho, so\u00f1\u00e9 que hu\u00edamos. Yo, mis amigos, mi mundo, personas a las que conozco y personas a las que escucho o leo. Vecinos y extra\u00f1os, pero m\u00edos, de este pa\u00eds. Hu\u00edamos, ignor\u00e1bamos por qu\u00e9 o de qu\u00e9, con lo puesto y en dos grandes embarcaciones. Abarrot\u00e1bamos las enormes naves, nos repart\u00edamos como pod\u00edamos, nos desgarr\u00e1bamos. Un ni\u00f1o solo, desde el barco de enfrente, lloraba y agitaba la manita, pidiendo ayuda.<\/p>\n\n\n\n<p>Un amigo, a mi lado, se reconoci\u00f3: \u00abFui yo\u00bb, dijo, y sin dudarlo salt\u00f3 de una cubierta a otra. Su buque avanzaba trabajosamente al lado del m\u00edo, sometidos ambos a las sacudidas de un oleaje inmisericorde. Era de noche y pronto dejamos de vernos. Luego dejamos de o\u00edr sus gritos. Y luego se hizo de d\u00eda y alguien nos dijo que el barco de nuestros compa\u00f1eros hab\u00eda naufragado, y que entre los desaparecidos se hallaban mi amigo y su yo peque\u00f1o.<\/p>\n\n\n\n<p>Al despertar, y aqu\u00ed viene lo premonitorio, puse la SER en su Centenario Feliz y \u00c0ngels estaba dando la noticia de que la Comisi\u00f3n Europea ve con buenos ojos la apertura de centros de deportaci\u00f3n para migrantes fuera de la Uni\u00f3n Europea. Hace poco vi en un v\u00eddeo uno de esos campos de concentraci\u00f3n que esperan a los migrantes en la alquilada <a href=\"https:\/\/cadenaser.com\/nacional\/2024\/10\/14\/el-primer-buque-italiano-con-migrantes-se-dirige-a-albania-alli-se-estudiara-si-se-les-concede-asilo-o-son-devueltos-a-su-pais-de-origen-cadena-ser\/\" target=\"_blank\" rel=\"noreferrer noopener\">Albania: un p\u00e1ramo con maleza, una tierra bald\u00eda que ya tiene, eso s\u00ed, unas alambradas provisionales.<\/a><\/p>\n\n\n\n<p>Despierta record\u00e9 que, en mi sue\u00f1o, los barcos en que hu\u00edamos eran cruceros y que nos apretuj\u00e1bamos en torno a las barras libres y dentro de las piscinas, atrapados en los ascensores, hacinados en las pistas de baile y amorrados a las mesas de los casinos. As\u00ed naufragamos.<\/p>\n\n\n\n<p><strong>Maruja Torres<\/strong><\/p>\n\n\n\n<p>FOTO:CADENA  SER<\/p>\n\n\n\n<p><a href=\"https:\/\/cadenaser.com\/nacional\/2024\/10\/16\/asi-naufragamos-el-sueno-premonitorio-de-maruja-torres-que-era-una-realidad-al-despertar-cadena-ser\">https:\/\/cadenaser.com\/nacional\/2024\/10\/16\/asi-naufragamos-el-sueno-premonitorio-de-maruja-torres-que-era-una-realidad-al-despertar-cadena-ser<\/a><\/p>\n\n\n\n<figure class=\"wp-block-image\"><img decoding=\"async\" src=\"https:\/\/cadenaser.com\/estaticos\/recursosgraficos\/responsive\/img\/ico-whatsapp.svg\" alt=\"Whatsapp\"\/><\/figure>\n\n\n\n<p><a href=\"https:\/\/www.whatsapp.com\/channel\/0029Va633PF9WtC4l7XUzh1e\" target=\"_blank\" rel=\"noreferrer noopener\"><\/a><\/p>\n","protected":false},"excerpt":{"rendered":"<p>Cuando se hizo de d\u00eda alguien nos dijo que el barco de nuestros compa\u00f1eros hab\u00eda&#8230;<\/p>\n","protected":false},"author":1,"featured_media":72050,"comment_status":"closed","ping_status":"closed","sticky":false,"template":"","format":"standard","meta":{"_coblocks_attr":"","_coblocks_dimensions":"","_coblocks_responsive_height":"","_coblocks_accordion_ie_support":"","jetpack_post_was_ever_published":false,"_jetpack_newsletter_access":"","_jetpack_dont_email_post_to_subs":false,"_jetpack_newsletter_tier_id":0,"_jetpack_memberships_contains_paywalled_content":false,"_jetpack_memberships_contains_paid_content":false,"footnotes":"","jetpack_publicize_message":"","jetpack_publicize_feature_enabled":true,"jetpack_social_post_already_shared":true,"jetpack_social_options":{"image_generator_settings":{"template":"highway","default_image_id":0,"enabled":false},"version":2}},"categories":[1161,44,7671],"tags":[],"class_list":["post-72049","post","type-post","status-publish","format-standard","has-post-thumbnail","hentry","category-ciudadania","category-noticias-de-hoy","category-politica"],"jetpack_publicize_connections":[],"jetpack_featured_media_url":"https:\/\/i0.wp.com\/miradordeatarfe.es\/wp-content\/uploads\/2024\/10\/Screenshot-2024-10-19-at-23-52-54-Asi-naufragamos-el-sueno-premonitorio-de-Maruja-Torres-que-era-una-realidad-al-despertar-Opinion-Cadena-SER.png?fit=565%2C236&ssl=1","jetpack_likes_enabled":true,"jetpack_sharing_enabled":true,"_links":{"self":[{"href":"https:\/\/miradordeatarfe.es\/index.php?rest_route=\/wp\/v2\/posts\/72049","targetHints":{"allow":["GET"]}}],"collection":[{"href":"https:\/\/miradordeatarfe.es\/index.php?rest_route=\/wp\/v2\/posts"}],"about":[{"href":"https:\/\/miradordeatarfe.es\/index.php?rest_route=\/wp\/v2\/types\/post"}],"author":[{"embeddable":true,"href":"https:\/\/miradordeatarfe.es\/index.php?rest_route=\/wp\/v2\/users\/1"}],"replies":[{"embeddable":true,"href":"https:\/\/miradordeatarfe.es\/index.php?rest_route=%2Fwp%2Fv2%2Fcomments&post=72049"}],"version-history":[{"count":1,"href":"https:\/\/miradordeatarfe.es\/index.php?rest_route=\/wp\/v2\/posts\/72049\/revisions"}],"predecessor-version":[{"id":72051,"href":"https:\/\/miradordeatarfe.es\/index.php?rest_route=\/wp\/v2\/posts\/72049\/revisions\/72051"}],"wp:featuredmedia":[{"embeddable":true,"href":"https:\/\/miradordeatarfe.es\/index.php?rest_route=\/wp\/v2\/media\/72050"}],"wp:attachment":[{"href":"https:\/\/miradordeatarfe.es\/index.php?rest_route=%2Fwp%2Fv2%2Fmedia&parent=72049"}],"wp:term":[{"taxonomy":"category","embeddable":true,"href":"https:\/\/miradordeatarfe.es\/index.php?rest_route=%2Fwp%2Fv2%2Fcategories&post=72049"},{"taxonomy":"post_tag","embeddable":true,"href":"https:\/\/miradordeatarfe.es\/index.php?rest_route=%2Fwp%2Fv2%2Ftags&post=72049"}],"curies":[{"name":"wp","href":"https:\/\/api.w.org\/{rel}","templated":true}]}}