{"id":72122,"date":"2024-10-23T09:55:00","date_gmt":"2024-10-23T07:55:00","guid":{"rendered":"https:\/\/miradordeatarfe.es\/?p=72122"},"modified":"2024-10-21T12:35:53","modified_gmt":"2024-10-21T10:35:53","slug":"donde-tengo-la-cabeza-como-la-falta-de-sueno-afecta-a-tu-memoria","status":"publish","type":"post","link":"https:\/\/miradordeatarfe.es\/?p=72122","title":{"rendered":"\u00a1D\u00f3nde tengo la cabeza!: c\u00f3mo la falta de sue\u00f1o afecta a tu memoria"},"content":{"rendered":"\n<p class=\"has-medium-font-size\"><strong>El sue\u00f1o es necesario para la consolidaci\u00f3n de los recuerdos, y dormir mal afecta a nuestra memoria mucho m\u00e1s all\u00e1 de lo que suponemos: \u201cA medida que un problema de sue\u00f1o se cronifica y se acorta m\u00e1s el tiempo de sue\u00f1o, m\u00e1s probable es que se afecte a los procesos de memoria\u201d<\/strong><\/p>\n\n\n\n<p>Es posible que hayas observado que, si has dormido mal, a la ma\u00f1ana siguiente es m\u00e1s probable que te olvides las llaves, el paraguas o tenga lugar cualquiera de estos peque\u00f1os incidentes que te hacen exclamar \u201c\u00a1d\u00f3nde tendr\u00e9 la cabeza!\u201d.&nbsp; <a href=\"https:\/\/www.eldiario.es\/era\/cambio-de-hora-dias-mas-cortos-efectos_1_10636599.html\">Cambio de hora y d\u00edas m\u00e1s cortos: as\u00ed afectan a nuestro sue\u00f1o y descanso<\/a><\/p>\n\n\n\n<p>El <a href=\"https:\/\/www.eldiario.es\/era\/sueno\/\" target=\"_blank\" rel=\"noreferrer noopener\">sue\u00f1o<\/a> es fundamental para la salud general del ser humano, pero, sobre todo, para la salud del cerebro. El autor romano del siglo I Quintiliano ya observ\u00f3 que \u201cuna sola noche de sue\u00f1o aumentar\u00e1 en gran medida la fuerza de la memoria\u201d. A lo largo del siglo XX los cient\u00edficos encontraron una correlaci\u00f3n entre la capacidad de recordar y la duraci\u00f3n del sue\u00f1o y, al contrario, el olvido y la p\u00e9rdida de sue\u00f1o. En los a\u00f1os 60 se descubre el sue\u00f1o REM, en el que tienen lugar los sue\u00f1os, y desde el principio se comprendi\u00f3 que esta fase del sue\u00f1o ten\u00eda una gran influencia en la memoria.&nbsp;<\/p>\n\n\n\n<h2 class=\"wp-block-heading\">C\u00f3mo funciona la memoria<\/h2>\n\n\n\n<p>A veces pensamos que la memoria es como un archivo de cintas de v\u00eddeo que podemos reproducir cuando lo necesitamos, pero nada m\u00e1s lejos de la realidad. La memoria en el cerebro funciona mediante la interacci\u00f3n de diferentes \u00e1reas que se encargan de almacenar, consolidar y recuperar informaci\u00f3n, y tambi\u00e9n de olvidar lo que no necesitamos.&nbsp;<\/p>\n\n\n\n<p>Durante el d\u00eda, el cerebro recibe una gran cantidad de informaci\u00f3n de los sentidos que se almacena de manera temporal en el hipocampo, la estructura encargada de la formaci\u00f3n de recuerdos a corto plazo. Por ejemplo, cuando recordamos un n\u00famero de calle al que debemos ir, o lo que cenamos la noche anterior, cosas que olvidamos al poco tiempo.<\/p>\n\n\n\n<blockquote class=\"wp-block-quote is-layout-flow wp-block-quote-is-layout-flow\">\n<p>La repetici\u00f3n refuerza las conexiones, pero el sue\u00f1o es imprescindible para la consolidaci\u00f3n de los recuerdos, es decir, para que pasen de la memoria a corto plazo a la memoria a largo plazo<\/p>\n<\/blockquote>\n\n\n\n<p>La corteza cerebral se encarga de almacenar la memoria a largo plazo, como esos poemas que aprendimos de memoria en la escuela y a\u00fan recordamos. Cuando aprendemos algo nuevo, las neuronas se conectan mediante sinapsis, y esas conexiones se pueden perder o reforzar. La repetici\u00f3n refuerza las conexiones, pero el sue\u00f1o es imprescindible para la consolidaci\u00f3n de los recuerdos, es decir, para que pasen de la memoria a corto plazo a la memoria a largo plazo.<\/p>\n\n\n\n<p>Existen varios tipos de memoria: la memoria declarativa, que involucra hechos y eventos, y la memoria procedimental, que se refiere a habilidades motoras. El sue\u00f1o, especialmente las fases profundas como el <a href=\"https:\/\/www.eldiario.es\/era\/recordamos-suenos-no-afecta_1_11540977.html\" target=\"_blank\" rel=\"noreferrer noopener\">sue\u00f1o REM<\/a> y el <a href=\"https:\/\/www.eldiario.https:\/\/www.eldiario.es\/era\/aumentar-sueno-profundo-reparador_1_11327931.htmles\/consumoclaro\/tu-mejor-yo\/importancia-crucial-sueno-profundo_1_6466331.html\" target=\"_blank\" rel=\"noreferrer noopener\">sue\u00f1o profundo<\/a> de ondas lentas, es el momento en el que el cerebro reorganiza y almacena la informaci\u00f3n de nuestros recuerdos. A lo largo de la vida, el cerebro sigue creando y fortaleciendo redes neuronales que permiten recordar y aplicar lo que hemos aprendido.<\/p>\n\n\n\n<p>La doctora Ver\u00f3nica Gim\u00e9nez de B\u00e9jar, responsable de la Unidad de Neurolog\u00eda en Cl\u00ednica DKF, explica que \u201ces un proceso biol\u00f3gico complejo e interrelacionado con funciones cerebrales y extracerebrales, con relevancia en todas las etapas de la vida\u201d. \u201cEn la infancia por la necesidad de procesar m\u00e1s informaci\u00f3n y est\u00edmulos asociados al desarrollo, durante la edad adulta para uso y ampliaci\u00f3n de informaci\u00f3n y en ancianos por el aumento del riesgo de enfermedades neurodegenerativas\u201d, afirma.<\/p>\n\n\n\n<h2 class=\"wp-block-heading\">El sue\u00f1o y la memoria<\/h2>\n\n\n\n<p>Durante el sue\u00f1o, y en particular durante el sue\u00f1o profundo o sue\u00f1o de ondas lentas (SWS), el cerebro <a href=\"https:\/\/www.ncbi.nlm.nih.gov\/pmc\/articles\/PMC3768102\/\" target=\"_blank\" rel=\"noreferrer noopener\">repite la activaci\u00f3n de las neuronas<\/a> que han recibido la informaci\u00f3n aprendida recientemente. Se cree que este proceso de repetici\u00f3n es fundamental para transferir los recuerdos del almacenamiento a corto plazo al almacenamiento a largo plazo.<\/p>\n\n\n\n<p>Este trasvase de recuerdos, conocido como <a href=\"https:\/\/www.nature.com\/articles\/s41593-019-0467-3\" target=\"_blank\" rel=\"noreferrer noopener\">consolidaci\u00f3n de sistemas<\/a>, permite que los recuerdos del d\u00eda se vuelvan m\u00e1s estables y se integren con el conocimiento existente, es decir, con los otros recuerdos que ya tenemos consolidados.<\/p>\n\n\n\n<p>El sue\u00f1o, adem\u00e1s, favorece la neuroplasticidad, es decir, la capacidad del cerebro para crear y eliminar conexiones entre neuronas. Por eso, durante el sue\u00f1o, <a href=\"https:\/\/www.frontiersin.org\/journals\/cellular-neuroscience\/articles\/10.3389\/fncel.2019.00071\/full\" target=\"_blank\" rel=\"noreferrer noopener\">se refuerzan las conexiones sin\u00e1pticas importantes<\/a> y se podan las innecesarias.<\/p>\n\n\n\n<figure class=\"wp-block-image\"><img data-recalc-dims=\"1\" decoding=\"async\" src=\"https:\/\/i0.wp.com\/static.eldiario.es\/clip\/f3aeaca3-07b7-41df-baf1-ec3e2dd79e3e_16-9-discover-aspect-ratio_default_0.jpg?w=640&#038;ssl=1\" alt=\"\"\/><figcaption class=\"wp-element-caption\">Pexels El sue\u00f1o es necesario para la consolidaci\u00f3n de los recuerdos.<\/figcaption><\/figure>\n\n\n\n<h2 class=\"wp-block-heading\">Procesamiento de los recuerdos emocionales<\/h2>\n\n\n\n<p>Entonces, \u00bfpara qu\u00e9 sirven los sue\u00f1os? Los sue\u00f1os se producen en distintas fases del ciclo de sue\u00f1o, pero en especial en la fase llamada REM (movimiento r\u00e1pido de ojos por sus siglas en ingles). Al contrario que en el sue\u00f1o profundo, en esta fase el cerebro est\u00e1 muy activo, tanto como durante la vigilia, sin embargo, el cuerpo est\u00e1 paralizado excepto los ojos, que se mueven siguiendo la acci\u00f3n que contienen los sue\u00f1os. Esto tiene sentido, ya que se reactivan los mismos circuitos cerebrales que usamos para movernos cuando estamos despiertos, y si no se produjera esta par\u00e1lisis podr\u00edamos movernos y sufrir un accidente.<\/p>\n\n\n\n<p>Durante el sue\u00f1o REM no se consolidan los recuerdos declarativos, como la lecci\u00f3n de matem\u00e1ticas de ese d\u00eda, sino los recuerdos emocionales y procedimentales. En esta fase se vuelven a activar las experiencias con carga emocional, por eso en nuestros sue\u00f1os m\u00e1s v\u00edvidos&nbsp;podemos sentir miedo, verg\u00fcenza, alegr\u00eda o tristeza. Esto es muy importante para regular nuestras emociones durante el d\u00eda y atenuar el impacto negativo de estas emociones. Distintos estudios han comprobado que <a href=\"https:\/\/pubmed.ncbi.nlm.nih.gov\/33190030\/\" target=\"_blank\" rel=\"noreferrer noopener\">cuando se pierde el sue\u00f1o REM<\/a> por el insomnio, las personas tienen dificultades para controlar sus emociones y su comportamiento, as\u00ed como para reconocer emociones en los dem\u00e1s.<\/p>\n\n\n\n<h2 class=\"wp-block-heading\">C\u00f3mo afecta la falta de sue\u00f1o a la memoria<\/h2>\n\n\n\n<p>La privaci\u00f3n de sue\u00f1o, incluso en grados leves o moderados, puede interferir con la capacidad del cerebro para llevar a cabo estos procesos tan fundamentales. Diferentes estudios han demostrado que una noche de sue\u00f1o insuficiente afecta la capacidad de formar nuevos recuerdos, ya que el hipocampo, que act\u00faa como una especie de repositorio para la memoria a corto plazo, funciona de manera menos eficiente. Investigaciones <a href=\"https:\/\/www.sciencedirect.com\/science\/article\/abs\/pii\/S0306452215003942\" target=\"_blank\" rel=\"noreferrer noopener\">realizadas mediante resonancia magn\u00e9tica<\/a> han mostrado que el hipocampo de personas privadas de sue\u00f1o tiene una actividad reducida y, adem\u00e1s, con el tiempo se reduce su tama\u00f1o.<\/p>\n\n\n\n<p>El sue\u00f1o tambi\u00e9n protege a nuestra memoria contra algo llamado <a href=\"https:\/\/link.springer.com\/article\/10.3758\/s13423-023-02264-8?fromPaywallRec=true#Sec6\" target=\"_blank\" rel=\"noreferrer noopener\">interferencia retroactiva<\/a>, es decir, la tendencia de nuestro cerebro a, cuando aprendemos algo nuevo, dificultar el recuerdo del material aprendido previamente. El sue\u00f1o ayuda a que recordemos tanto lo nuevo como lo antiguo.<\/p>\n\n\n\n<p>Un estudio publicado en Nature concluy\u00f3 que el sue\u00f1o facilita tambi\u00e9n la <a href=\"https:\/\/www.nature.com\/articles\/nrn2762\" target=\"_blank\" rel=\"noreferrer noopener\">reorganizaci\u00f3n de los recuerdos<\/a>, mejorando nuestra capacidad de acceder a informaci\u00f3n relevante y de combinar diferentes piezas de informaci\u00f3n, nuevas y antiguas, para resolver problemas. Sin un sue\u00f1o adecuado, no solo se resiente la memoria sino tambi\u00e9n el razonamiento l\u00f3gico.<\/p>\n\n\n\n<p>Cuando el insomnio afecta al sue\u00f1o REM, es la memoria emocional la que se resiente. Su interrupci\u00f3n puede distorsionar la manera en que procesamos y recordamos experiencias con carga emocional. Hay estudios que indican que las personas privadas de sue\u00f1o tienden a recordar <a href=\"https:\/\/link.springer.com\/article\/10.1007\/s40675-024-00306-8\" target=\"_blank\" rel=\"noreferrer noopener\">m\u00e1s detalles negativos<\/a> de las experiencias vividas, algo que con el suficiente sue\u00f1o REM se equilibrar\u00eda.<\/p>\n\n\n\n<p><a href=\"https:\/\/www.eldiario.es\/autores\/dario_pescador\/\"><strong>Dar\u00edo Pescador<\/strong><\/a><\/p>\n\n\n\n<p>FOTO: \u00bfC\u00f3mo afecta la falta de sue\u00f1o a tu memoria? Cristina Garc\u00eda Ruiz<\/p>\n\n\n\n<p>https:\/\/www.eldiario.es\/era\/mal-sueno-insomnio-afecta-memoria_1_11708247.html<\/p>\n\n\n\n<figure class=\"wp-block-embed is-type-wp-embed is-provider-typeform wp-block-embed-typeform\"><div class=\"wp-block-embed__wrapper\">\n<iframe class=\"wp-embedded-content\" sandbox=\"allow-scripts\" security=\"restricted\" title=\"Consultorio &#039;Tu mejor yo&#039;\" src=\"https:\/\/eldiarioes.typeform.com\/to\/JVWSf2F9?typeform-embed=embed-widget&#038;typeform-medium=snippet&#038;typeform-embed-id=09594368819152066&#038;typeform-source=eldiario.es&#038;typeform-medium-version=next&#038;embed-opacity=100&#038;typeform-embed-handles-redirect=1&#038;typeform-embed-no-heading=true&#038;maxwidth=640&#038;maxheight=960&#038;dnt=1&#038;format=json#?secret=IcJvNE8LK8\" data-secret=\"IcJvNE8LK8\"><\/iframe>\n<\/div><\/figure>\n","protected":false},"excerpt":{"rendered":"<p>El sue\u00f1o es necesario para la consolidaci\u00f3n de los recuerdos, y dormir mal afecta a&#8230;<\/p>\n","protected":false},"author":1,"featured_media":72123,"comment_status":"closed","ping_status":"closed","sticky":false,"template":"","format":"standard","meta":{"_coblocks_attr":"","_coblocks_dimensions":"","_coblocks_responsive_height":"","_coblocks_accordion_ie_support":"","jetpack_post_was_ever_published":false,"_jetpack_newsletter_access":"","_jetpack_dont_email_post_to_subs":false,"_jetpack_newsletter_tier_id":0,"_jetpack_memberships_contains_paywalled_content":false,"_jetpack_memberships_contains_paid_content":false,"footnotes":"","jetpack_publicize_message":"","jetpack_publicize_feature_enabled":true,"jetpack_social_post_already_shared":true,"jetpack_social_options":{"image_generator_settings":{"template":"highway","default_image_id":0,"enabled":false},"version":2}},"categories":[10797,1161,44,10],"tags":[],"class_list":["post-72122","post","type-post","status-publish","format-standard","has-post-thumbnail","hentry","category-ciencia","category-ciudadania","category-noticias-de-hoy","category-salud"],"jetpack_publicize_connections":[],"jetpack_featured_media_url":"https:\/\/i0.wp.com\/miradordeatarfe.es\/wp-content\/uploads\/2024\/10\/08dfac26-13a2-4f94-b217-d4abbcdae46d_16-9-discover-aspect-ratio_default_0.webp?fit=1200%2C675&ssl=1","jetpack_likes_enabled":true,"jetpack_sharing_enabled":true,"_links":{"self":[{"href":"https:\/\/miradordeatarfe.es\/index.php?rest_route=\/wp\/v2\/posts\/72122","targetHints":{"allow":["GET"]}}],"collection":[{"href":"https:\/\/miradordeatarfe.es\/index.php?rest_route=\/wp\/v2\/posts"}],"about":[{"href":"https:\/\/miradordeatarfe.es\/index.php?rest_route=\/wp\/v2\/types\/post"}],"author":[{"embeddable":true,"href":"https:\/\/miradordeatarfe.es\/index.php?rest_route=\/wp\/v2\/users\/1"}],"replies":[{"embeddable":true,"href":"https:\/\/miradordeatarfe.es\/index.php?rest_route=%2Fwp%2Fv2%2Fcomments&post=72122"}],"version-history":[{"count":1,"href":"https:\/\/miradordeatarfe.es\/index.php?rest_route=\/wp\/v2\/posts\/72122\/revisions"}],"predecessor-version":[{"id":72124,"href":"https:\/\/miradordeatarfe.es\/index.php?rest_route=\/wp\/v2\/posts\/72122\/revisions\/72124"}],"wp:featuredmedia":[{"embeddable":true,"href":"https:\/\/miradordeatarfe.es\/index.php?rest_route=\/wp\/v2\/media\/72123"}],"wp:attachment":[{"href":"https:\/\/miradordeatarfe.es\/index.php?rest_route=%2Fwp%2Fv2%2Fmedia&parent=72122"}],"wp:term":[{"taxonomy":"category","embeddable":true,"href":"https:\/\/miradordeatarfe.es\/index.php?rest_route=%2Fwp%2Fv2%2Fcategories&post=72122"},{"taxonomy":"post_tag","embeddable":true,"href":"https:\/\/miradordeatarfe.es\/index.php?rest_route=%2Fwp%2Fv2%2Ftags&post=72122"}],"curies":[{"name":"wp","href":"https:\/\/api.w.org\/{rel}","templated":true}]}}