{"id":72128,"date":"2024-10-24T11:19:00","date_gmt":"2024-10-24T09:19:00","guid":{"rendered":"https:\/\/miradordeatarfe.es\/?p=72128"},"modified":"2024-10-21T12:19:48","modified_gmt":"2024-10-21T10:19:48","slug":"refugios-de-tranquilidad-oasis-de-cultura-por-fran-lopez","status":"publish","type":"post","link":"https:\/\/miradordeatarfe.es\/?p=72128","title":{"rendered":"Refugios de tranquilidad, oasis de cultura &#8211; por Fran L\u00f3pez"},"content":{"rendered":"\n<p class=\"has-medium-font-size\"><strong>Pertenecer a una sociedad avanzada, cimentada y construida en la inmediatez, nos<br \/>hace pagar un alto precio. Incluso, hemos alcanzado un momento en que la mayor\u00eda de<br \/>los bienes materiales que poseemos, o susceptibles de ser adquiridos, son accesibles a<br \/>golpe de clic. <\/strong><\/p>\n\n\n\n<p>A diario, inmersos en esta carrera constante de ef\u00edmeras rutinas, olvidamos la existencia de bienes que no son tangibles, para los que no existe moneda que pueda pagarlos: el tiempo, la felicidad, la pausa, la reflexi\u00f3n y el conocimiento profundo. Cada uno de estos elementos converge en una misma l\u00ednea de uni\u00f3n que redunda en el beneficio de algo, hasta la fecha, irremplazable: nuestra propia salud mental.<br \/><\/p>\n\n\n\n<p>Ser\u00eda ingenuo por mi parte, pretender en este espacio, ofrecer una soluci\u00f3n a una realidad tan intrincada y compleja. Sin embargo, s\u00ed que me atrever\u00e9 a invitarte a descubrir un lugar donde poder eludirte, tan asequible, que su acceso solo depender\u00e1 de tu propia voluntad. Es posible que hayas pasado por su puerta, incluso es posible que, lejanamente hayas o\u00eddo hablar de su existencia, sin haberte aventurado a cruzar su umbral. <strong>Hoy, 24 de octubre, D\u00eda Internacional de las Bibliotecas,<\/strong> pueda ser una buena oportunidad para pasar a descubrirlas. Un espacio que invita a la tranquilidad y a la calma, donde adquirir conocimientos y viajar de forma sedentaria a trav\u00e9s de las p\u00e1ginas de sus libros. <\/p>\n\n\n\n<figure class=\"wp-block-image size-full is-resized\"><img data-recalc-dims=\"1\" loading=\"lazy\" decoding=\"async\" width=\"640\" height=\"150\" src=\"https:\/\/i0.wp.com\/miradordeatarfe.es\/wp-content\/uploads\/2024\/10\/bib-copia.jpg?resize=640%2C150&#038;ssl=1\" alt=\"\" class=\"wp-image-72129\" style=\"width:936px;height:auto\" srcset=\"https:\/\/i0.wp.com\/miradordeatarfe.es\/wp-content\/uploads\/2024\/10\/bib-copia.jpg?w=730&amp;ssl=1 730w, https:\/\/i0.wp.com\/miradordeatarfe.es\/wp-content\/uploads\/2024\/10\/bib-copia.jpg?resize=300%2C70&amp;ssl=1 300w\" sizes=\"auto, (max-width: 640px) 100vw, 640px\" \/><\/figure>\n\n\n\n<p>Sum\u00e9rgete en su fragancia, combinaci\u00f3n de madera, barnices y papel impreso. Rod\u00e9ate de estanter\u00edas repletas de historias, esperando que descubras las experiencias que tienen reservadas para ti.<br \/>Bajo la permanente custodia de estos templos de la cultura, encontramos la figura del bibliotecario o la bibliotecaria. Profesionales dispuestos a ayudarte, a guiarte con su infinita paciencia y sabidur\u00eda. Personas con la habilidad de entregarte el libro perfecto, ese que te permitir\u00e1 escapar de una realidad que intentar\u00e1 arrastrarte continuamente a al abandono por la voluntad de su fren\u00e9tica inmediatez. Sin embargo, una vez consigas vencerla y permanecer en la quietud de sus p\u00e1ginas, terminar\u00e1s agradecido<br \/>eternamente, pues ya nunca podr\u00e1s dejar de alimentar la sabidur\u00eda que te otorgar\u00e1n sus lecturas.<br \/>En nuestro pueblo o, mejor dicho, en nuestra ciudad, son muchas las personas que de forma cotidiana promueven la cultura, tantas, que a riesgo de dejarme atr\u00e1s alguna, evitar\u00e9 mencionarlas de forma individual, que cada quien se reconozca en la parte que le corresponda. Desde aqu\u00ed, animarles a continuar con su labor, la cultura no es un lujo, es una necesidad. Nunca perd\u00e1is de vista la importancia de vuestro trabajo, pues como afirm\u00f3 Jos\u00e9 Ortega y Gasset:<em> \u201cLa cultura es la \u00fanica cosa que hace posible<br \/>la vida en com\u00fan.\u201d<\/em><br \/>En este D\u00eda Internacional de las Bibliotecas, ser\u00eda imperdonable no recordar a una de las personas clave en su impulso a nivel estatal. Si hoy en d\u00eda, es posible su acceso independientemente de la escala social a la que pertenezcas, en gran medida se lo debemos al trabajo de <strong>Mar\u00eda Moliner<\/strong>. Ella fue quien el a\u00f1o 1937, en plena Guerra Civil Espa\u00f1ola, public\u00f3 las Instrucciones para el Servicio de Peque\u00f1as Bibliotecas y en cuyo pr\u00f3logo conclu\u00eda con esta reflexi\u00f3n:<br \/><em>\u00ab(\u2026) pensad tan s\u00f3lo en lo que ser\u00eda nuestra Espa\u00f1a si en todas las ciudades, en todos los pueblos, en las aldeas m\u00e1s humildes, hombres y mujeres dedicasen los ratos no ocupados por sus tareas vitales a leer, a asomarse al mundo material y al mundo inmenso del esp\u00edritu por esas ventanas maravillosas que son los libros. \u00a1Tantas son las consecuencias que se adivinan si una tal situaci\u00f3n llegase a ser realidad, que no es<br \/>posible ni empezar a enunciarlas\u2026!\u00bb<\/em><\/p>\n\n\n\n<p><br \/><strong>Larga vida a las BIBLIOTECAS, larga vida a la CULTURA.<\/strong><\/p>\n\n\n\n<figure class=\"wp-block-image size-full is-resized\"><img data-recalc-dims=\"1\" loading=\"lazy\" decoding=\"async\" width=\"640\" height=\"226\" src=\"https:\/\/i0.wp.com\/miradordeatarfe.es\/wp-content\/uploads\/2024\/10\/900_cb-dia-bibliotecas-2023.jpg?resize=640%2C226&#038;ssl=1\" alt=\"\" class=\"wp-image-72131\" style=\"width:958px;height:auto\" srcset=\"https:\/\/i0.wp.com\/miradordeatarfe.es\/wp-content\/uploads\/2024\/10\/900_cb-dia-bibliotecas-2023.jpg?w=900&amp;ssl=1 900w, https:\/\/i0.wp.com\/miradordeatarfe.es\/wp-content\/uploads\/2024\/10\/900_cb-dia-bibliotecas-2023.jpg?resize=300%2C106&amp;ssl=1 300w, https:\/\/i0.wp.com\/miradordeatarfe.es\/wp-content\/uploads\/2024\/10\/900_cb-dia-bibliotecas-2023.jpg?resize=768%2C271&amp;ssl=1 768w\" sizes=\"auto, (max-width: 640px) 100vw, 640px\" \/><\/figure>\n","protected":false},"excerpt":{"rendered":"<p>Pertenecer a una sociedad avanzada, cimentada y construida en la inmediatez, noshace pagar un alto&#8230;<\/p>\n","protected":false},"author":1,"featured_media":72130,"comment_status":"closed","ping_status":"closed","sticky":false,"template":"","format":"standard","meta":{"_coblocks_attr":"","_coblocks_dimensions":"","_coblocks_responsive_height":"","_coblocks_accordion_ie_support":"","jetpack_post_was_ever_published":false,"_jetpack_newsletter_access":"","_jetpack_dont_email_post_to_subs":false,"_jetpack_newsletter_tier_id":0,"_jetpack_memberships_contains_paywalled_content":false,"_jetpack_memberships_contains_paid_content":false,"footnotes":"","jetpack_publicize_message":"","jetpack_publicize_feature_enabled":true,"jetpack_social_post_already_shared":true,"jetpack_social_options":{"image_generator_settings":{"template":"highway","default_image_id":0,"enabled":false},"version":2}},"categories":[1161,10794,186,44],"tags":[],"class_list":["post-72128","post","type-post","status-publish","format-standard","has-post-thumbnail","hentry","category-ciudadania","category-fran-lopez","category-instituciones","category-noticias-de-hoy"],"jetpack_publicize_connections":[],"jetpack_featured_media_url":"https:\/\/i0.wp.com\/miradordeatarfe.es\/wp-content\/uploads\/2024\/10\/f.elconfidencial.com_original_4dd_95f_5e9_4dd95f5e99ef14d0d1e7cdc022e4b0b5.jpg?fit=992%2C700&ssl=1","jetpack_likes_enabled":true,"jetpack_sharing_enabled":true,"_links":{"self":[{"href":"https:\/\/miradordeatarfe.es\/index.php?rest_route=\/wp\/v2\/posts\/72128","targetHints":{"allow":["GET"]}}],"collection":[{"href":"https:\/\/miradordeatarfe.es\/index.php?rest_route=\/wp\/v2\/posts"}],"about":[{"href":"https:\/\/miradordeatarfe.es\/index.php?rest_route=\/wp\/v2\/types\/post"}],"author":[{"embeddable":true,"href":"https:\/\/miradordeatarfe.es\/index.php?rest_route=\/wp\/v2\/users\/1"}],"replies":[{"embeddable":true,"href":"https:\/\/miradordeatarfe.es\/index.php?rest_route=%2Fwp%2Fv2%2Fcomments&post=72128"}],"version-history":[{"count":2,"href":"https:\/\/miradordeatarfe.es\/index.php?rest_route=\/wp\/v2\/posts\/72128\/revisions"}],"predecessor-version":[{"id":72133,"href":"https:\/\/miradordeatarfe.es\/index.php?rest_route=\/wp\/v2\/posts\/72128\/revisions\/72133"}],"wp:featuredmedia":[{"embeddable":true,"href":"https:\/\/miradordeatarfe.es\/index.php?rest_route=\/wp\/v2\/media\/72130"}],"wp:attachment":[{"href":"https:\/\/miradordeatarfe.es\/index.php?rest_route=%2Fwp%2Fv2%2Fmedia&parent=72128"}],"wp:term":[{"taxonomy":"category","embeddable":true,"href":"https:\/\/miradordeatarfe.es\/index.php?rest_route=%2Fwp%2Fv2%2Fcategories&post=72128"},{"taxonomy":"post_tag","embeddable":true,"href":"https:\/\/miradordeatarfe.es\/index.php?rest_route=%2Fwp%2Fv2%2Ftags&post=72128"}],"curies":[{"name":"wp","href":"https:\/\/api.w.org\/{rel}","templated":true}]}}