{"id":72145,"date":"2024-10-22T09:00:00","date_gmt":"2024-10-22T07:00:00","guid":{"rendered":"https:\/\/miradordeatarfe.es\/?p=72145"},"modified":"2024-10-22T10:45:02","modified_gmt":"2024-10-22T08:45:02","slug":"tener-trabajo-y-ser-pobre","status":"publish","type":"post","link":"https:\/\/miradordeatarfe.es\/?p=72145","title":{"rendered":"Tener trabajo y ser pobre"},"content":{"rendered":"\n<p class=\"has-medium-font-size\"><strong>La pobreza laboral reclama una redistribuci\u00f3n de la riqueza que evite su cronificaci\u00f3n<\/strong><\/p>\n\n\n\n<p>Diecis\u00e9is a\u00f1os de crisis encadenadas han dibujado un nuevo rostro de la pobreza en Espa\u00f1a. Tener un trabajo en un pa\u00eds con un razonable crecimiento econ\u00f3mico y que crea empleo ya no significa escapar de la precariedad. En 2022, casi una de cada tres personas (el 29%) en riesgo de pobreza ten\u00eda trabajo, pero de tan baja calidad que resultaba insuficiente para salir de la escasez, seg\u00fan <a href=\"https:\/\/elpais.com\/economia\/2024-10-16\/el-mapa-de-la-pobreza-laboral-en-espana-andalucia-triplica-a-navarra.html\" target=\"_blank\" rel=\"noreferrer noopener\">un informe publicado la semana pasada por Oxfam Interm\u00f3n. <\/a>Otro estudio difundido en junio por la Red Europea de Lucha contra la Pobreza y la Exclusi\u00f3n Social precisa que los empleados son el grupo m\u00e1s numeroso entre la poblaci\u00f3n pobre, por encima de parados, jubilados y otros inactivos. Seg\u00fan este mismo an\u00e1lisis, el a\u00f1o pasado casi 2,5 millones de ciudadanos eran pobres pese a tener un empleo.<\/p>\n\n\n\n<p>Espa\u00f1a padece un problema estructural de pobreza que no es m\u00e1s grave gracias al crecimiento econ\u00f3mico de los \u00faltimos a\u00f1os y a <a href=\"https:\/\/elpais.com\/sociedad\/2024-10-14\/las-prestaciones-sociales-salvan-de-estar-en-riesgo-de-pobreza-a-casi-11-millones-de-espanoles.html\" target=\"_blank\" rel=\"noreferrer noopener\">las medidas de protecci\u00f3n social <\/a>desarrolladas durante la pandemia. Pero ese mismo car\u00e1cter sist\u00e9mico implica que la reducci\u00f3n de la desigualdad no puede resolverse solo con medidas de generaci\u00f3n de empleo si estas no van acompa\u00f1adas de otras \u2014de car\u00e1cter fiscal, por ejemplo\u2014 destinadas a la redistribuci\u00f3n de la riqueza. Desde la crisis de 2008, la tasa de empleo entre la poblaci\u00f3n que sufre necesidad aguda nunca ha bajado del 25%.<\/p>\n\n\n\n<p>Los datos confirman adem\u00e1s una doble desigualdad territorial: entre el norte y el sur de Espa\u00f1a y entre las zonas rurales y urbanas, lo que de nuevo alerta sobre el fiasco de <a href=\"https:\/\/cincodias.elpais.com\/opinion\/2023-05-25\/la-desigualad-en-el-reparto-de-la-riqueza-en-espana-la-clave-generacional.html\" target=\"_blank\" rel=\"noreferrer noopener\">los mecanismos de redistribuci\u00f3n territorial<\/a> y la disparidad del modelo productivo. Andaluc\u00eda y Extremadura encabezan la tabla de la pobreza laboral, que cierran el Pa\u00eds Vasco y Navarra.<\/p>\n\n\n\n<p>Con todo, el factor determinante del empobrecimiento es el pa\u00eds de nacimiento: mientras quienes nacieron en Espa\u00f1a registran una tasa del 9,8%, entre los extranjeros no comunitarios llega al 29,5%. Una vez m\u00e1s, <a href=\"https:\/\/elpais.com\/economia\/2024-10-09\/los-inmigrantes-ni-quitan-el-empleo-a-los-espanoles-ni-hacen-que-sus-sueldos-sean-menores.html\" target=\"_blank\" rel=\"noreferrer noopener\">los datos desmienten los bulos xen\u00f3fobos. <\/a>Miles de inmigrantes, especialmente los no nacidos en la UE, ocupan empleos en sectores esenciales, pero peor remunerados y con peores condiciones laborales.<\/p>\n\n\n\n<p>Como en toda situaci\u00f3n estructural, muchos elementos influyen en este problema, pero uno de los m\u00e1s destacados es hoy <a href=\"https:\/\/elpais.com\/economia\/vivienda\/\" target=\"_blank\" rel=\"noreferrer noopener\">la carest\u00eda de la vivienda,<\/a> convertida en uno de los grandes causantes de precariedad y desigualdad. Los hogares con pobreza laboral viven con mayor frecuencia de alquiler, cuyos precios se han disparado desde la d\u00e9cada pasada, muy por encima de los salarios. A eso hay que sumar que se trata de sueldos golpeados adem\u00e1s por una inflaci\u00f3n que se ceba siempre con las familias m\u00e1s vulnerables. El progreso ya no es una l\u00ednea ascendente. Revertir esa ca\u00edda hace imperioso que los poderes p\u00fablicos tomen medidas para que la pobreza, incluso con un trabajo, no siga convirti\u00e9ndose en Espa\u00f1a en algo cr\u00f3nico.<\/p>\n\n\n\n<p>EDITORIAL EL PAIS<\/p>\n\n\n\n<p>FOTO: Dos trabajadores inmigrantes recogen coles en una huerta en Valencia.M\u00f3nica Torres<\/p>\n\n\n\n<p><a href=\"https:\/\/elpais.com\/opinion\/2024-10-21\/tener-trabajo-y-ser-pobre.html\">https:\/\/elpais.com\/opinion\/2024-10-21\/tener-trabajo-y-ser-pobre.html<\/a><\/p>\n\n\n\n\n","protected":false},"excerpt":{"rendered":"<p>La pobreza laboral reclama una redistribuci\u00f3n de la riqueza que evite su cronificaci\u00f3n Diecis\u00e9is a\u00f1os&#8230;<\/p>\n","protected":false},"author":1,"featured_media":72146,"comment_status":"closed","ping_status":"closed","sticky":false,"template":"","format":"standard","meta":{"_coblocks_attr":"","_coblocks_dimensions":"","_coblocks_responsive_height":"","_coblocks_accordion_ie_support":"","jetpack_post_was_ever_published":false,"_jetpack_newsletter_access":"","_jetpack_dont_email_post_to_subs":false,"_jetpack_newsletter_tier_id":0,"_jetpack_memberships_contains_paywalled_content":false,"_jetpack_memberships_contains_paid_content":false,"footnotes":"","jetpack_publicize_message":"","jetpack_publicize_feature_enabled":true,"jetpack_social_post_already_shared":true,"jetpack_social_options":{"image_generator_settings":{"template":"highway","default_image_id":0,"enabled":false},"version":2}},"categories":[1161,44,6937],"tags":[],"class_list":["post-72145","post","type-post","status-publish","format-standard","has-post-thumbnail","hentry","category-ciudadania","category-noticias-de-hoy","category-sociedad"],"jetpack_publicize_connections":[],"jetpack_featured_media_url":"https:\/\/i0.wp.com\/miradordeatarfe.es\/wp-content\/uploads\/2024\/10\/Screenshot-2024-10-21-at-12-53-04-Tener-trabajo-y-ser-pobre-Opinion-EL-PAIS.png?fit=381%2C233&ssl=1","jetpack_likes_enabled":true,"jetpack_sharing_enabled":true,"_links":{"self":[{"href":"https:\/\/miradordeatarfe.es\/index.php?rest_route=\/wp\/v2\/posts\/72145","targetHints":{"allow":["GET"]}}],"collection":[{"href":"https:\/\/miradordeatarfe.es\/index.php?rest_route=\/wp\/v2\/posts"}],"about":[{"href":"https:\/\/miradordeatarfe.es\/index.php?rest_route=\/wp\/v2\/types\/post"}],"author":[{"embeddable":true,"href":"https:\/\/miradordeatarfe.es\/index.php?rest_route=\/wp\/v2\/users\/1"}],"replies":[{"embeddable":true,"href":"https:\/\/miradordeatarfe.es\/index.php?rest_route=%2Fwp%2Fv2%2Fcomments&post=72145"}],"version-history":[{"count":1,"href":"https:\/\/miradordeatarfe.es\/index.php?rest_route=\/wp\/v2\/posts\/72145\/revisions"}],"predecessor-version":[{"id":72147,"href":"https:\/\/miradordeatarfe.es\/index.php?rest_route=\/wp\/v2\/posts\/72145\/revisions\/72147"}],"wp:featuredmedia":[{"embeddable":true,"href":"https:\/\/miradordeatarfe.es\/index.php?rest_route=\/wp\/v2\/media\/72146"}],"wp:attachment":[{"href":"https:\/\/miradordeatarfe.es\/index.php?rest_route=%2Fwp%2Fv2%2Fmedia&parent=72145"}],"wp:term":[{"taxonomy":"category","embeddable":true,"href":"https:\/\/miradordeatarfe.es\/index.php?rest_route=%2Fwp%2Fv2%2Fcategories&post=72145"},{"taxonomy":"post_tag","embeddable":true,"href":"https:\/\/miradordeatarfe.es\/index.php?rest_route=%2Fwp%2Fv2%2Ftags&post=72145"}],"curies":[{"name":"wp","href":"https:\/\/api.w.org\/{rel}","templated":true}]}}