{"id":72153,"date":"2024-10-25T10:09:00","date_gmt":"2024-10-25T08:09:00","guid":{"rendered":"https:\/\/miradordeatarfe.es\/?p=72153"},"modified":"2024-10-21T13:22:11","modified_gmt":"2024-10-21T11:22:11","slug":"los-premios-nacionales-de-investigacion-galardonan-a-mas-mujeres-que-hombres-por-primera-vez-desde-1982","status":"publish","type":"post","link":"https:\/\/miradordeatarfe.es\/?p=72153","title":{"rendered":"Los Premios Nacionales de Investigaci\u00f3n galardonan a m\u00e1s mujeres que hombres por primera vez desde 1982"},"content":{"rendered":"\n<p class=\"has-medium-font-size\"><strong>El Ministerio de Ciencia reconoce el trabajo de 12 cient\u00edficas y ocho cient\u00edficos, tras implantar medidas para aumentar el n\u00famero de candidaturas femeninas<\/strong><\/p>\n\n\n\n<p>La ministra de Ciencia, Innovaci\u00f3n y Universidades, <a href=\"https:\/\/elpais.com\/ciencia\/2023-11-20\/diana-morant-una-ministra-alabada-y-poco-conocida-que-asume-mas-competencias.html\" target=\"_blank\" rel=\"noreferrer noopener\">Diana Morant<\/a>, ha anunciado este jueves a los ganadores de los Premios Nacionales de Investigaci\u00f3n, uno de los reconocimientos m\u00e1s importantes de Espa\u00f1a en el \u00e1mbito cient\u00edfico. Morant ha destacado en <a href=\"https:\/\/www.ciencia.gob.es\/Noticias\/2024\/Octubre\/premios-nacionales-investigacion.html\" target=\"_blank\" rel=\"noreferrer noopener\">un comunicado<\/a> que esta \u201ces la edici\u00f3n con mayor n\u00famero de mujeres premiadas\u201d desde la creaci\u00f3n de los galardones en 1982, siendo adem\u00e1s la primera vez que dos investigadoras ganan en las categor\u00edas de F\u00edsica (Mar\u00eda Carmen Garc\u00eda) y Medicina (Carmen Ayuso). Las bases de este a\u00f1o inclu\u00edan medidas para aumentar el n\u00famero de candidatas, como exigir al menos un 40% de mujeres a las instituciones que presentasen m\u00e1s de dos candidaturas.<\/p>\n\n\n\n<p>Carmen Ayuso, directora cient\u00edfica del Instituto de Investigaci\u00f3n Sanitaria de la Fundaci\u00f3n Jim\u00e9nez D\u00edaz, ha sido distinguida en la modalidad Gregorio Mara\u00f1\u00f3n por su reconocida trayectoria, orientada a la investigaci\u00f3n gen\u00e9tica, epidemiol\u00f3gica, cl\u00ednica y terap\u00e9utica en enfermedades raras.<\/p>\n\n\n\n<p>La modalidad Blas Cabrera recay\u00f3 en Mar\u00eda Carmen Garc\u00eda, profesora de investigaci\u00f3n del Consejo Superior de Investigaciones Cient\u00edficas en el Instituto de F\u00edsica Corpuscular por sus avances en f\u00edsica de part\u00edculas, centrados en el estudio de los componentes fundamentales de la materia y sus interacciones. Garc\u00eda particip\u00f3 en el proyecto ATLAS, <a href=\"https:\/\/elpais.com\/ciencia\/2022-07-04\/boson-de-higgs-diez-anos-del-descubrimiento-del-siglo-hasta-ahora.html\" target=\"_blank\" rel=\"noreferrer noopener\">clave para el descubrimiento del bos\u00f3n de Higgs<\/a>.M\u00e1s informaci\u00f3n<\/p>\n\n\n\n<p>La ministra ha destacado el talento de las premiadas y premiados, cuya \u201cciencia de excelencia no solo contribuye al progreso y bienestar de la sociedad, sino tambi\u00e9n al fortalecimiento\u201d de Espa\u00f1a. Los galardones, creados para distinguir a los mejores cient\u00edficos espa\u00f1oles, fueron eliminados por el Gobierno de Mariano Rajoy. <a href=\"https:\/\/elpais.com\/elpais\/2018\/12\/05\/ciencia\/1544018419_219123.html\">El Ejecutivo de Pedro S\u00e1nchez los recuper\u00f3 en 2018<\/a>, recortando su cuant\u00eda original de 100.000 a 30.000 euros.<\/p>\n\n\n\n<p>En el \u00e1mbito de la biolog\u00eda, el premio Santiago Ram\u00f3n y Cajal ha sido para <a href=\"https:\/\/elpais.com\/elpais\/2018\/09\/21\/ciencia\/1537483595_817060.html\" target=\"_blank\" rel=\"noreferrer noopener\">Isabel Fari\u00f1as<\/a>, catedr\u00e1tica de la Universidad de Valencia en el departamento de Biolog\u00eda Celular, Biolog\u00eda Funcional y Antropolog\u00eda F\u00edsica. Destacan sus aportes a la biolog\u00eda de las c\u00e9lulas madre neurales y sus aplicaciones al tratamiento de enfermedades neurol\u00f3gicas, como el alzh\u00e9imer. \u201cLa sociedad debe ser consciente de que hay que apoyar la investigaci\u00f3n. Y necesitamos financiaci\u00f3n\u201d, <a href=\"https:\/\/elpais.com\/elpais\/2018\/09\/21\/ciencia\/1537483595_817060.html\" target=\"_blank\" rel=\"noreferrer noopener\">declar\u00f3 Fari\u00f1as a EL PA\u00cdS<\/a> en 2018.<\/p>\n\n\n\n<p><a href=\"https:\/\/elpais.com\/ciencia\/2024-02-23\/un-mismo-hombre-al-mando-durante-decadas-la-monarquia-de-los-centros-de-ciencia-de-elite.html\" target=\"_blank\" rel=\"noreferrer noopener\">Eugenio O\u00f1ate<\/a>, investigador y fundador del Centro Internacional de M\u00e9todos Num\u00e9ricos en Ingenier\u00eda, ha recibido el premio Leonardo Torres Quevedo por su trabajo en el desarrollo de m\u00e9todos computacionales para aplicaciones de ingenier\u00eda. Por su parte, la catedr\u00e1tica <a href=\"https:\/\/www.uma.es\/departments\/teachers\/STVtV1JRM2pobm5WSGJ0STFmU3RKQT09\/\" target=\"_blank\" rel=\"noreferrer noopener\">Gloria Corpas<\/a>, de la Facultad de Filosof\u00eda y Letras de la Universidad de M\u00e1laga, ha recibido el premio por su trayectoria cient\u00edfica en el \u00e1rea de la filolog\u00eda.<\/p>\n\n\n\n<p>Miquel Canals, catedr\u00e1tico de Geociencias Marinas de la Facultad de Ciencias de la Tierra de la Universidad de Barcelona, ha sido reconocido por su aporte al estudio de la biogeoqu\u00edmica y los impactos antr\u00f3picos en el medio marino con el Premio Alejandro Malaspina. \u201cEl camino pasa por un c\u00f3ctel de fuentes de energ\u00eda en el que habr\u00eda que favorecer a las energ\u00edas menos contaminantes\u201d, <a href=\"https:\/\/elpais.com\/elpais\/2014\/11\/28\/ciencia\/1417200788_987389.html\" target=\"_blank\" rel=\"noreferrer noopener\">indicaba a EL PA\u00cdS en 2022<\/a>.<\/p>\n\n\n\n<p>Tom\u00e1s Torres, cient\u00edfico del Instituto IMDEA Nanociencia, ha sido premiado en la modalidad Enrique Moles por sus contribuciones en el campo de los nuevos materiales moleculares en \u00e1reas tecnol\u00f3gicas emergentes. En el \u00e1mbito de la transferencia de tecnolog\u00eda, Ram\u00f3n Mart\u00ednez, catedr\u00e1tico de la Universidad Polit\u00e9cnica de Valencia, ha sido el ganador del Premio Juan de la Cierva por su contribuci\u00f3n a la nanotecnolog\u00eda.<\/p>\n\n\n\n<p>Xavier Tolsa, ganador de la modalidad Julio Rey Pastor, es profesor de investigaci\u00f3n ICREA y ha sido premiado por sus estudios en el \u00e1rea de an\u00e1lisis arm\u00f3nico y la teor\u00eda geom\u00e9trica de funciones. Las contribuciones en el \u00e1mbito de la psicolog\u00eda cognitiva y la neurociencia del lenguaje de N\u00faria Sebasti\u00e1n, de la Universidad Pompeu Fabra, la han hecho merecedora del Premio Pascual Madoz.<\/p>\n\n\n\n<p>\u201cAunque en el mundo hay muchas lenguas, en el fondo no son m\u00e1s que variedades de la lengua humana. Las redes neuronales que subyacen y posibilitan su aprendizaje y uso son extraordinariamente similares, por no decir las mismas\u201d, opinaba Sebasti\u00e1n <a href=\"https:\/\/elpais.com\/elpais\/2017\/03\/11\/ciencia\/1489250382_815487.html\" target=\"_blank\" rel=\"noreferrer noopener\">en una columna publicada<\/a> en EL PA\u00cdS en 2017.<\/p>\n\n\n\n<p>Una decena de cient\u00edficos menores de 40 a\u00f1os ha recibido los Premios Nacionales de Investigaci\u00f3n para J\u00f3venes: Jer\u00f3nimo Carlos Rodr\u00edguez, V\u00edctor Vilarrasa, Cristina Blanco, Patricia Altea, Rosa Mar\u00eda Fern\u00e1ndez, Beatriz Pelaz, Mar\u00eda Escudero, Aitor Villafranca, Ver\u00f3nica Bol\u00f3n y Mar Reguant. El jurado, presidido por la secretaria general de Investigaci\u00f3n, <a href=\"https:\/\/x.com\/EvaOrtegaPaino\" target=\"_blank\" rel=\"noreferrer noopener\">Eva Ortega Pa\u00edno<\/a>, ha concedido los galardones de manera igualitaria por primera vez en su historia, con un 50% de premiadas en la categor\u00eda s\u00e9nior y un 70% de mujeres en los menores de 40 a\u00f1os.<\/p>\n\n\n\n<p>EL PAIS<\/p>\n\n\n\n<p>FOTO: La doctora Carmen Ayuso, jefa del Departamento de Gen\u00e9tica de la Fundaci\u00f3n Jim\u00e9nez D\u00edaz.Miguel Barreto (EFE)<\/p>\n\n\n\n<p><a href=\"https:\/\/elpais.com\/ciencia\/2024-10-17\/los-premios-nacionales-de-investigacion-galardonan-a-mas-mujeres-que-hombres-por-primera-vez-desde-1982.html\">https:\/\/elpais.com\/ciencia\/2024-10-17\/los-premios-nacionales-de-investigacion-galardonan-a-mas-mujeres-que-hombres-por-primera-vez-desde-1982.html<\/a><\/p>\n","protected":false},"excerpt":{"rendered":"<p>El Ministerio de Ciencia reconoce el trabajo de 12 cient\u00edficas y ocho cient\u00edficos, tras implantar&#8230;<\/p>\n","protected":false},"author":1,"featured_media":72154,"comment_status":"closed","ping_status":"closed","sticky":false,"template":"","format":"standard","meta":{"_coblocks_attr":"","_coblocks_dimensions":"","_coblocks_responsive_height":"","_coblocks_accordion_ie_support":"","jetpack_post_was_ever_published":false,"_jetpack_newsletter_access":"","_jetpack_dont_email_post_to_subs":false,"_jetpack_newsletter_tier_id":0,"_jetpack_memberships_contains_paywalled_content":false,"_jetpack_memberships_contains_paid_content":false,"footnotes":"","jetpack_publicize_message":"","jetpack_publicize_feature_enabled":true,"jetpack_social_post_already_shared":true,"jetpack_social_options":{"image_generator_settings":{"template":"highway","default_image_id":0,"enabled":false},"version":2}},"categories":[10797,1161,14,44],"tags":[],"class_list":["post-72153","post","type-post","status-publish","format-standard","has-post-thumbnail","hentry","category-ciencia","category-ciudadania","category-feminismo","category-noticias-de-hoy"],"jetpack_publicize_connections":[],"jetpack_featured_media_url":"https:\/\/i0.wp.com\/miradordeatarfe.es\/wp-content\/uploads\/2024\/10\/Screenshot-2024-10-21-at-13-19-09-Los-Premios-Nacionales-de-Investigacion-galardonan-a-mas-mujeres-que-hombres-por-primera-vez-desde-1982-Ciencia-EL-PAIS.png?fit=539%2C385&ssl=1","jetpack_likes_enabled":true,"jetpack_sharing_enabled":true,"_links":{"self":[{"href":"https:\/\/miradordeatarfe.es\/index.php?rest_route=\/wp\/v2\/posts\/72153","targetHints":{"allow":["GET"]}}],"collection":[{"href":"https:\/\/miradordeatarfe.es\/index.php?rest_route=\/wp\/v2\/posts"}],"about":[{"href":"https:\/\/miradordeatarfe.es\/index.php?rest_route=\/wp\/v2\/types\/post"}],"author":[{"embeddable":true,"href":"https:\/\/miradordeatarfe.es\/index.php?rest_route=\/wp\/v2\/users\/1"}],"replies":[{"embeddable":true,"href":"https:\/\/miradordeatarfe.es\/index.php?rest_route=%2Fwp%2Fv2%2Fcomments&post=72153"}],"version-history":[{"count":2,"href":"https:\/\/miradordeatarfe.es\/index.php?rest_route=\/wp\/v2\/posts\/72153\/revisions"}],"predecessor-version":[{"id":72157,"href":"https:\/\/miradordeatarfe.es\/index.php?rest_route=\/wp\/v2\/posts\/72153\/revisions\/72157"}],"wp:featuredmedia":[{"embeddable":true,"href":"https:\/\/miradordeatarfe.es\/index.php?rest_route=\/wp\/v2\/media\/72154"}],"wp:attachment":[{"href":"https:\/\/miradordeatarfe.es\/index.php?rest_route=%2Fwp%2Fv2%2Fmedia&parent=72153"}],"wp:term":[{"taxonomy":"category","embeddable":true,"href":"https:\/\/miradordeatarfe.es\/index.php?rest_route=%2Fwp%2Fv2%2Fcategories&post=72153"},{"taxonomy":"post_tag","embeddable":true,"href":"https:\/\/miradordeatarfe.es\/index.php?rest_route=%2Fwp%2Fv2%2Ftags&post=72153"}],"curies":[{"name":"wp","href":"https:\/\/api.w.org\/{rel}","templated":true}]}}