{"id":72164,"date":"2024-10-22T09:35:00","date_gmt":"2024-10-22T07:35:00","guid":{"rendered":"https:\/\/miradordeatarfe.es\/?p=72164"},"modified":"2024-10-22T10:45:16","modified_gmt":"2024-10-22T08:45:16","slug":"mujeres-que-han-pasado-por-un-cancer-de-mama-se-rebelan-contra-el-negocio-del-lazo-rosa","status":"publish","type":"post","link":"https:\/\/miradordeatarfe.es\/?p=72164","title":{"rendered":"Mujeres que han pasado por un c\u00e1ncer de mama se rebelan contra el negocio del lazo rosa"},"content":{"rendered":"\n<p class=\"has-medium-font-size\"><strong>El movimiento \u201819 de octubre marr\u00f3n\u2019 critica la dulcificaci\u00f3n y la comercializaci\u00f3n de la enfermedad<\/strong><\/p>\n\n\n\n<p>Como infinidad de marcas llevan d\u00edas record\u00e1ndonos en sus anuncios, ma\u00f1ana, 19 de octubre, se celebra el D\u00eda contra el C\u00e1ncer de Mama, una enfermedad que cada a\u00f1o mata a miles de mujeres (en Espa\u00f1a, el a\u00f1o pasado, fueron 6.677) y parte en dos la vida de miles m\u00e1s que cada a\u00f1o reciben el diagn\u00f3stico.<\/p>\n\n\n\n<p>Lo que sigue a ese diagn\u00f3stico es cirug\u00eda, radioterapia, quimioterapia, mastectom\u00eda, reconstrucci\u00f3n, extirpaci\u00f3n de ovarios, linfedema, rehabilitaci\u00f3n, fisioterapia, hormonoterapia&#8230; Una realidad dura, a menudo cruel, que tiene poco que ver con lo que suelen reflejar la publicidad y los medios. Eso es precisamente lo que denuncia el movimiento <a href=\"https:\/\/19deoctubremarron.org\/\" target=\"_blank\" rel=\"noreferrer noopener\">19deoctubremarron.org<\/a>, impulsado por el colectivo Teta&amp;Teta, porque, se\u00f1alan, \u201cel c\u00e1ncer de mama no es rosa, sino un&nbsp;marr\u00f3n&nbsp;muy grande\u201d.<\/p>\n\n\n\n<figure class=\"wp-block-embed is-type-video is-provider-youtube wp-block-embed-youtube wp-embed-aspect-16-9 wp-has-aspect-ratio\"><div class=\"wp-block-embed__wrapper\">\n<iframe loading=\"lazy\" title=\"19 de octubre marr\u00f3n - rosa\" width=\"640\" height=\"360\" src=\"https:\/\/www.youtube.com\/embed\/MeRNJEDAMlQ?feature=oembed\" frameborder=\"0\" allow=\"accelerometer; autoplay; clipboard-write; encrypted-media; gyroscope; picture-in-picture; web-share\" referrerpolicy=\"strict-origin-when-cross-origin\" allowfullscreen><\/iframe>\n<\/div><\/figure>\n\n\n\n<p>Menos utilizaci\u00f3n comercial y m\u00e1s investigaci\u00f3n y apoyo a las pacientes es su reivindicaci\u00f3n. Bajo esta consigna han convocado ma\u00f1ana una manifestaci\u00f3n, a las 12 horas, en Barcelona, Valencia, Madrid, Bilbao, Donosti y Pontevedra. &nbsp;\u201cEl c\u00e1ncer de mama no es rosa. Ni la atm\u00f3sfera festiva de este d\u00eda ni las cintas rosas que se ven por todos lados nos representan. No somos valientes. Somos mujeres que quieren vivir y hacerlo con calidad de vida\u201d, indica el manifiesto que all\u00ed se leer\u00e1. Diagn\u00f3sticos tempranos y controles gratuitos, bajar la edad de los cribados, m\u00e1s investigaci\u00f3n p\u00fablica, que se acelere la inclusi\u00f3n de tratamientos farmacol\u00f3gicos innovadores en la sanidad p\u00fablica y un enfoque integral en el tratamiento de la enfermedad son algunas de las cosas que reclaman.<\/p>\n\n\n\n<p>El 19 de octubre marr\u00f3n se inspira, entre otras cosas, en la campa\u00f1a <em><a href=\"https:\/\/www.breastcancer.org\/es\/podcast\/think-before-you-pink\" target=\"_blank\" rel=\"noreferrer noopener\">Think before you pink<\/a><\/em> (<em>Piensa antes de comprar lo de color rosa<\/em>), promovida por Karuna Jaggar, directora ejecutiva de Breast Cancer Action. Jaggar habla sobre el \u201cespejismo de la imagen rosa\u201d, que se refiere a la utilizaci\u00f3n interesada del lazo rosa por parte de empresas que dicen estar muy preocupadas por la salud de las mujeres, pero, por otro lado, utilizan en sus productos sustancias qu\u00edmicas que podr\u00edan aumentar el riesgo de padecer la enfermedad. En la misma l\u00ednea, el documental de 2011 \u2018<a href=\"https:\/\/www.nfb.ca\/film\/pink_ribbons_inc\/\" target=\"_blank\" rel=\"noreferrer noopener\">Pink Ribbons, Inc<\/a>\u2019 tambi\u00e9n mostraba c\u00f3mo la realidad del c\u00e1ncer de mama est\u00e1 siendo \u2018secuestrada\u2019 por algunas compa\u00f1\u00edas que utilizan el lazo rosa para aumentar sus ventas y solo dedican a la causa una peque\u00f1a parte de lo que ingresan.<\/p>\n\n\n\n<p><a href=\"https:\/\/www.mujeresaseguir.com\/social\/noticia\/1184599048615\/el-cancer-se-padece-no-se-combate-las-expedicionarias-del-reto-pelayo-vida-2024-cuestionan-la-utilizacion-de-terminologia-belica-al-hablar-de-la-enfermedad.1.html\"><\/a><\/p>\n\n\n\n<h4 class=\"wp-block-heading\">En la web del movimiento \u201819 de octubre marr\u00f3n\u2019 se anuncia la creaci\u00f3n de un observatorio de <em>pinkwashing<\/em>, como se denomina a ese \u2018lavado de cara\u2019 de las empresas que se muestran comprometidas con un fin social que en realidad responde a una estrategia comercial. \u201cEl octubre rosa es una industria millonaria cada vez m\u00e1s grande. De hecho, hacer el octubre es el nuevo hacer el agosto. Pero es muy dif\u00edcil encontrar informaci\u00f3n transparente sobre las donaciones de las marcas. Por lo que sea, no es tan visible como sus campa\u00f1as\u201d, se\u00f1alan.<\/h4>\n\n\n\n<p><strong>Silvia Oca\u00f1a<\/strong><\/p>\n\n\n\n<p><a href=\"https:\/\/www.mujeresaseguir.com\/social\/noticia\/1185306048615\/mujeres-que-han-pasado-por-un-cancer-de-mama-se-rebelan-contra-el-negocio-del-lazo-rosa.1.html\">https:\/\/www.mujeresaseguir.com\/social\/noticia\/1185306048615\/mujeres-que-han-pasado-por-un-cancer-de-mama-se-rebelan-contra-el-negocio-del-lazo-rosa.1.html<\/a><\/p>\n","protected":false},"excerpt":{"rendered":"<p>El movimiento \u201819 de octubre marr\u00f3n\u2019 critica la dulcificaci\u00f3n y la comercializaci\u00f3n de la enfermedad&#8230;<\/p>\n","protected":false},"author":1,"featured_media":72165,"comment_status":"closed","ping_status":"closed","sticky":false,"template":"","format":"standard","meta":{"_coblocks_attr":"","_coblocks_dimensions":"","_coblocks_responsive_height":"","_coblocks_accordion_ie_support":"","jetpack_post_was_ever_published":false,"_jetpack_newsletter_access":"","_jetpack_dont_email_post_to_subs":false,"_jetpack_newsletter_tier_id":0,"_jetpack_memberships_contains_paywalled_content":false,"_jetpack_memberships_contains_paid_content":false,"footnotes":"","jetpack_publicize_message":"","jetpack_publicize_feature_enabled":true,"jetpack_social_post_already_shared":true,"jetpack_social_options":{"image_generator_settings":{"template":"highway","default_image_id":0,"enabled":false},"version":2}},"categories":[14,186,44,10],"tags":[],"class_list":["post-72164","post","type-post","status-publish","format-standard","has-post-thumbnail","hentry","category-feminismo","category-instituciones","category-noticias-de-hoy","category-salud"],"jetpack_publicize_connections":[],"jetpack_featured_media_url":"https:\/\/i0.wp.com\/miradordeatarfe.es\/wp-content\/uploads\/2024\/10\/90.webp?fit=1270%2C589&ssl=1","jetpack_likes_enabled":true,"jetpack_sharing_enabled":true,"_links":{"self":[{"href":"https:\/\/miradordeatarfe.es\/index.php?rest_route=\/wp\/v2\/posts\/72164","targetHints":{"allow":["GET"]}}],"collection":[{"href":"https:\/\/miradordeatarfe.es\/index.php?rest_route=\/wp\/v2\/posts"}],"about":[{"href":"https:\/\/miradordeatarfe.es\/index.php?rest_route=\/wp\/v2\/types\/post"}],"author":[{"embeddable":true,"href":"https:\/\/miradordeatarfe.es\/index.php?rest_route=\/wp\/v2\/users\/1"}],"replies":[{"embeddable":true,"href":"https:\/\/miradordeatarfe.es\/index.php?rest_route=%2Fwp%2Fv2%2Fcomments&post=72164"}],"version-history":[{"count":2,"href":"https:\/\/miradordeatarfe.es\/index.php?rest_route=\/wp\/v2\/posts\/72164\/revisions"}],"predecessor-version":[{"id":72168,"href":"https:\/\/miradordeatarfe.es\/index.php?rest_route=\/wp\/v2\/posts\/72164\/revisions\/72168"}],"wp:featuredmedia":[{"embeddable":true,"href":"https:\/\/miradordeatarfe.es\/index.php?rest_route=\/wp\/v2\/media\/72165"}],"wp:attachment":[{"href":"https:\/\/miradordeatarfe.es\/index.php?rest_route=%2Fwp%2Fv2%2Fmedia&parent=72164"}],"wp:term":[{"taxonomy":"category","embeddable":true,"href":"https:\/\/miradordeatarfe.es\/index.php?rest_route=%2Fwp%2Fv2%2Fcategories&post=72164"},{"taxonomy":"post_tag","embeddable":true,"href":"https:\/\/miradordeatarfe.es\/index.php?rest_route=%2Fwp%2Fv2%2Ftags&post=72164"}],"curies":[{"name":"wp","href":"https:\/\/api.w.org\/{rel}","templated":true}]}}