{"id":72216,"date":"2024-10-30T09:01:00","date_gmt":"2024-10-30T08:01:00","guid":{"rendered":"https:\/\/miradordeatarfe.es\/?p=72216"},"modified":"2024-10-28T15:59:00","modified_gmt":"2024-10-28T14:59:00","slug":"la-imagen-especial-de-la-alcaiceria-en-los-50-libre-de-comercios-y-con-ninos-jugando","status":"publish","type":"post","link":"https:\/\/miradordeatarfe.es\/?p=72216","title":{"rendered":"La imagen \u00abespecial\u00bb de la Alcaicer\u00eda en los 50: libre de comercios y con ni\u00f1os jugando"},"content":{"rendered":"\n<p class=\"has-medium-font-size\"><strong>Una fotograf\u00eda de 1950 muestra esta v\u00eda tan tur\u00edstica en la actualidad sin los productos t\u00edpicos inundando su espacio<\/strong><\/p>\n\n\n\n<p>La mirada se pierde entre bolsos, pa\u00f1uelos, abanicos y fulares. Las columnas a los lados, la estrechez y el bullicio conviven a diario en la Alcaicer\u00eda, un pasadizo paralelo a la calle Zacat\u00edn en la que los turistas se sumergen en otro mundo, el de la Granada nazar\u00ed. El viaje es geogr\u00e1fico, cultural e hist\u00f3rico. Una sensaci\u00f3n distinta para el turista, menos c\u00f3moda para el local, que suele elegir otra alternativa en su camino a hacer un &#8216;manda\u00edllo&#8217;.<\/p>\n\n\n\n<p>La Alcaicer\u00eda siempre ha sido una v\u00eda tan comercial. Sin embargo, a veces ha dejado im\u00e1genes de un espacio en el que los ni\u00f1os jugaban sin la oposici\u00f3n de souvenires o turistas en su paseo por el Centro. Una instant\u00e1nea del fot\u00f3grafo alem\u00e1n Walter Schr\u00f6der, viajero empedernido que recorri\u00f3 con su c\u00e1mara medio mundo fotografiando multitud de pa\u00edses, centrando su mirada principalmente en el arte y en la arquitectura, da fe de ello. Por Granada pas\u00f3 en los a\u00f1os 50 para dejar una imagen singular: \u00abEl momento y los personajes hacen esta fotograf\u00eda especial. Y lo mejor, sin turistas\u00bb, compart\u00eda la cuenta de fotograf\u00edas hist\u00f3ricas de la provincia @granadaoldpics1.<\/p>\n\n\n\n<figure class=\"wp-block-image\"><img data-recalc-dims=\"1\" decoding=\"async\" src=\"https:\/\/i0.wp.com\/s1.ppllstatics.com\/ideal\/www\/multimedia\/2024\/10\/22\/alcaiceria-actual-pepe-kuc--650x365%40Ideal.JPG?w=640&#038;ssl=1\" alt=\"Imagen despu\u00e9s - La Alcaicer\u00eda en pleno siglo XXI.\"\/><\/figure>\n\n\n\n<figure class=\"wp-block-image\"><img data-recalc-dims=\"1\" decoding=\"async\" src=\"https:\/\/i0.wp.com\/s2.ppllstatics.com\/ideal\/www\/multimedia\/2024\/10\/22\/alcaiceria-anos50-kuc--650x365%40Ideal.jpg?w=640&#038;ssl=1\" alt=\"Imagen antes - La Alcaicer\u00eda en pleno siglo XXI.\"\/><\/figure>\n\n\n\n<p>La Alcaicer\u00eda en pleno siglo XXI. Pepe Mar\u00edn<\/p>\n\n\n\n<p>Sin embargo, la historia nos recuerda que la Alcaicer\u00eda siempre fue un punto de encuentro de comerciantes. Cambia solo el g\u00e9nero a la venta. Se ha ido adaptando a los tiempos y los gustos de la clientela, pero nunca ha perdido ese aire de zoco. Recuerda \u00c1ngel Rodr\u00edguez, especialista en Historia y Arqueolog\u00eda Medieval por la Universidad de Granada, el origen del t\u00e9rmino \u2013en \u00e1rabe al-qaisariyya\u2013 es ambiguo, interpretado como una derivaci\u00f3n de otro de origen griego que significa &#8216;Casa del C\u00e9sar&#8217; por ser el lugar destinado a guardar las mercanc\u00edas m\u00e1s valiosas. El arque\u00f3logo aclara en un art\u00edculo publicado en IDEAL que hubo alcaicer\u00edas en las principales ciudades de al-Andalus, pero la \u00fanica que ha llegado a nuestros d\u00edas es la de Granada.<\/p>\n\n\n\n<p>La Alcaicer\u00eda es uno de los espacios m\u00e1s singulares de Granada, camuflado entre las fachadas de edificios del siglo XIX y XX de la calle Zacat\u00edn pero que no ha perdido su esencia a lo largo de la historia. Eso s\u00ed, hay que tener en cuenta que sufri\u00f3 una importante reconstrucci\u00f3n del siglo XIX, con ciertos tintes rom\u00e1nticos que idealizan la imagen est\u00e9tica del lugar que nada tienen que ver con la alcaicer\u00eda medieval, apunta el arque\u00f3logo.<\/p>\n\n\n\n<figure class=\"wp-block-image size-large\"><img data-recalc-dims=\"1\" loading=\"lazy\" decoding=\"async\" width=\"640\" height=\"627\" src=\"https:\/\/i0.wp.com\/miradordeatarfe.es\/wp-content\/uploads\/2024\/10\/GaVH1TnWMAEp3df.jpeg?resize=640%2C627&#038;ssl=1\" alt=\"\" class=\"wp-image-72217\" srcset=\"https:\/\/i0.wp.com\/miradordeatarfe.es\/wp-content\/uploads\/2024\/10\/GaVH1TnWMAEp3df.jpeg?resize=1024%2C1003&amp;ssl=1 1024w, https:\/\/i0.wp.com\/miradordeatarfe.es\/wp-content\/uploads\/2024\/10\/GaVH1TnWMAEp3df.jpeg?resize=300%2C294&amp;ssl=1 300w, https:\/\/i0.wp.com\/miradordeatarfe.es\/wp-content\/uploads\/2024\/10\/GaVH1TnWMAEp3df.jpeg?resize=768%2C752&amp;ssl=1 768w, https:\/\/i0.wp.com\/miradordeatarfe.es\/wp-content\/uploads\/2024\/10\/GaVH1TnWMAEp3df.jpeg?w=1225&amp;ssl=1 1225w\" sizes=\"auto, (max-width: 640px) 100vw, 640px\" \/><\/figure>\n\n\n\n<p>Un incendio en 1843 y los procesos de alineaciones de calles y renovaci\u00f3n de edificios de las d\u00e9cadas siguientes moldearon la actual Alcaicer\u00eda. Se a\u00f1adieron motivos decorativos neonazar\u00eds. Antes de este momento se sabe que fue un recinto acotado, fortificado y cerrado al resto de la ciudad, que ten\u00eda diez puertas de acceso y que en su interior se distingu\u00eda una zona donde se concentraban las tiendas en las que vend\u00edan la seda, oro y otros productos de gran valor, y otra en la que se concentraba la Aduana de la seda, edificio en donde antes del incendio exist\u00edan los \u00fanicos restos de decoraci\u00f3n nazar\u00ed del siglo XIV, hoy desaparecidos.<\/p>\n\n\n\n<h3 class=\"wp-block-heading\">Un laberinto con alcaide<\/h3>\n\n\n\n<p>Adem\u00e1s, ubicaba la casa del alcalde, o m\u00e1s bien del alcaide. Y es que su jurisdicci\u00f3n correspond\u00eda al Real Patrimonio de la Alhambra, que nombraba a un regidor para velar por su seguridad. El valioso g\u00e9nero que albergaba en su interior (ricos tejidos, tafetanes, gasas, brocados y felpas) se proteg\u00eda con diez puertas que se cerraban cada noche al toque de \u00e1nimas. Vista de la Alcaicer\u00eda en 1892 Biblioteca Nacional<\/p>\n\n\n\n<p>G\u00f3mez-Moreno describe este espacio cerrado y salpicado de callejuelas, llenas por todas partes de tiendas muy peque\u00f1as y de \u00abmezquina construcci\u00f3n\u00bb organizadas por calles seg\u00fan los oficios. La calle principal era de los sederos. Desde ella hasta la plaza se abr\u00edan las calles de traperos, algodoneros y lineros. Le siguen la alh\u00f3ndiga del Lino, la calle Hamiz-minaleyman, los Capoteros y el Mercantil, donde se vend\u00edan marlotas y almaizares, vestimentas t\u00edpicas de los moriscos. Ten\u00eda tambi\u00e9n una peque\u00f1a mezquita y la aduana de la Seda. Todo esto qued\u00f3 destruido en el incendio del 20 de julio de 1843.<\/p>\n\n\n\n<p>Resurgi\u00f3 de la mano del comercio y ya entonces se apostaba por una medida usada actualmente en el centro de Granada para combatir el calor: los toldos. Con la irrupci\u00f3n del turismo como motor econ\u00f3mico de desarrollo de la ciudad, la estrecha v\u00eda comercial ha ido acumulando comercios enfocados al turista.<\/p>\n\n\n\n<p>Sin embargo, y a pesar de que la Alcaicer\u00eda de hoy en d\u00eda es un recuerdo rom\u00e1ntico de la primitiva construcci\u00f3n, con una reconstrucci\u00f3n que sepult\u00f3 los restos de la v\u00eda comercial medieval, mantiene ese sensaci\u00f3n de espacio reservado y herm\u00e9tico con el que fue creado.<\/p>\n\n\n\n<p><a href=\"https:\/\/www.ideal.es\/autor\/camilo-alvarez-407.html\"><strong>Camilo \u00c1lvarez<\/strong><\/a><\/p>\n\n\n\n<p>FOTO: GRANADA OLD PICS <\/p>\n\n\n\n<p><a href=\"https:\/\/www.ideal.es\/granada\/imagen-especial-alcaiceria-libre-comercios-ninos-jugando-20241024124647-nt.html\">https:\/\/www.ideal.es\/granada\/imagen-especial-alcaiceria-libre-comercios-ninos-jugando-20241024124647-nt.html<\/a><\/p>\n","protected":false},"excerpt":{"rendered":"<p>Una fotograf\u00eda de 1950 muestra esta v\u00eda tan tur\u00edstica en la actualidad sin los productos&#8230;<\/p>\n","protected":false},"author":1,"featured_media":72218,"comment_status":"closed","ping_status":"closed","sticky":false,"template":"","format":"standard","meta":{"_coblocks_attr":"","_coblocks_dimensions":"","_coblocks_responsive_height":"","_coblocks_accordion_ie_support":"","jetpack_post_was_ever_published":false,"_jetpack_newsletter_access":"","_jetpack_dont_email_post_to_subs":false,"_jetpack_newsletter_tier_id":0,"_jetpack_memberships_contains_paywalled_content":false,"_jetpack_memberships_contains_paid_content":false,"footnotes":"","jetpack_publicize_message":"","jetpack_publicize_feature_enabled":true,"jetpack_social_post_already_shared":true,"jetpack_social_options":{"image_generator_settings":{"template":"highway","default_image_id":0,"enabled":false},"version":2}},"categories":[1161,10781,44],"tags":[],"class_list":["post-72216","post","type-post","status-publish","format-standard","has-post-thumbnail","hentry","category-ciudadania","category-granada","category-noticias-de-hoy"],"jetpack_publicize_connections":[],"jetpack_featured_media_url":"https:\/\/i0.wp.com\/miradordeatarfe.es\/wp-content\/uploads\/2024\/10\/GaVH1TlXMAAB9_L.jpeg?fit=1383%2C778&ssl=1","jetpack_likes_enabled":true,"jetpack_sharing_enabled":true,"_links":{"self":[{"href":"https:\/\/miradordeatarfe.es\/index.php?rest_route=\/wp\/v2\/posts\/72216","targetHints":{"allow":["GET"]}}],"collection":[{"href":"https:\/\/miradordeatarfe.es\/index.php?rest_route=\/wp\/v2\/posts"}],"about":[{"href":"https:\/\/miradordeatarfe.es\/index.php?rest_route=\/wp\/v2\/types\/post"}],"author":[{"embeddable":true,"href":"https:\/\/miradordeatarfe.es\/index.php?rest_route=\/wp\/v2\/users\/1"}],"replies":[{"embeddable":true,"href":"https:\/\/miradordeatarfe.es\/index.php?rest_route=%2Fwp%2Fv2%2Fcomments&post=72216"}],"version-history":[{"count":1,"href":"https:\/\/miradordeatarfe.es\/index.php?rest_route=\/wp\/v2\/posts\/72216\/revisions"}],"predecessor-version":[{"id":72219,"href":"https:\/\/miradordeatarfe.es\/index.php?rest_route=\/wp\/v2\/posts\/72216\/revisions\/72219"}],"wp:featuredmedia":[{"embeddable":true,"href":"https:\/\/miradordeatarfe.es\/index.php?rest_route=\/wp\/v2\/media\/72218"}],"wp:attachment":[{"href":"https:\/\/miradordeatarfe.es\/index.php?rest_route=%2Fwp%2Fv2%2Fmedia&parent=72216"}],"wp:term":[{"taxonomy":"category","embeddable":true,"href":"https:\/\/miradordeatarfe.es\/index.php?rest_route=%2Fwp%2Fv2%2Fcategories&post=72216"},{"taxonomy":"post_tag","embeddable":true,"href":"https:\/\/miradordeatarfe.es\/index.php?rest_route=%2Fwp%2Fv2%2Ftags&post=72216"}],"curies":[{"name":"wp","href":"https:\/\/api.w.org\/{rel}","templated":true}]}}