{"id":72254,"date":"2024-10-29T08:31:47","date_gmt":"2024-10-29T07:31:47","guid":{"rendered":"https:\/\/miradordeatarfe.es\/?p=72254"},"modified":"2024-10-26T20:17:58","modified_gmt":"2024-10-26T18:17:58","slug":"lluvia-de-otono","status":"publish","type":"post","link":"https:\/\/miradordeatarfe.es\/?p=72254","title":{"rendered":"Lluvia de oto\u00f1o"},"content":{"rendered":"\n<p class=\"has-medium-font-size\"><strong>Una soluci\u00f3n ecol\u00f3gica que proponen algunos colectivos es la recogida del agua de lluvia para su reutilizaci\u00f3n. No obstante, \u00bfqu\u00e9 tan viable es esta t\u00e9cnica?<\/strong><\/p>\n\n\n\n<p>\u00abCada gota de lluvia tiembla en el cristal turbio\/ y le dejan divinas heridas de diamante.\/ Son poetas del agua que han visto y que meditan\/ lo que la muchedumbre de los r\u00edos no sabe\u00bb. Federico Garc\u00eda Lorca conoc\u00eda el valor de la intempestiva di\u00e1spora de gotas de agua que se difumina sobre ciudades y campi\u00f1as.<\/p>\n\n\n\n<p>Hoy, ciento cinco a\u00f1os despu\u00e9s de que escribiera este poema, la lluvia en el continente europeo es un <em>rara avis <\/em>creciente. Los datos son reveladores. En 2020, <strong>la media de precipitaciones entre los pa\u00edses de la UE fue de 756 mm por metro cuadrado y a\u00f1o<\/strong>, siendo entre 178 pa\u00edses del mundo de 1.168 mm, un 54% m\u00e1s que en el Viejo Continente, seg\u00fan&nbsp;datos de la <a target=\"_blank\" href=\"https:\/\/es.theglobaleconomy.com\/rankings\/precipitation\/\" rel=\"noreferrer noopener\">FAO.<\/a> En Espa\u00f1a, la situaci\u00f3n a\u00fan es m\u00e1s comprometida teniendo en cuenta que la media de precipitaci\u00f3n anual en 2010 fue de 640,95 mm y que parece tener una tendencia la baja, <a target=\"_blank\" href=\"https:\/\/clices.unizar.es\/es\/2023\/12\/18\/evolucion-de-la-precipitacion-mensual-y-anual-en-la-espana-peninsular\/\" rel=\"noreferrer noopener\">de acuerdo con un estudio de la <\/a>Universidad de Zaragoza, donde el m\u00e1ximo, 86 puntos superior, se alcanz\u00f3 en <a target=\"_blank\" href=\"https:\/\/clices.unizar.es\/es\/2023\/12\/18\/evolucion-de-la-precipitacion-mensual-y-anual-en-la-espana-peninsular\/\" rel=\"noreferrer noopener\">1964.<\/a><\/p>\n\n\n\n<p>En cualquier caso, el oto\u00f1o europeo sigue siendo sin\u00f3nimo de dulces borrascas que ablandan la tierra con copiosas lloviznas. Por ese motivo, hay iniciativas ecol\u00f3gicas que recomiendan aprovechar las precipitaciones como una herramienta para ahorrar recursos y, sobre todo, un agua dulce cada d\u00eda m\u00e1s escasa tanto en superficie como en las reservas subterr\u00e1neas. Sin embargo, \u00bfcu\u00e1n viable es esta soluci\u00f3n? \u00bfPara qu\u00e9 podr\u00edamos aprovechar este regalo del planeta que es el agua de lluvia?<\/p>\n\n\n\n<h2 class=\"wp-block-heading\">Recuperar agua, preservar la vida<\/h2>\n\n\n\n<p>Cuando llega la lluvia, las peque\u00f1as corrientes de agua, y luego los r\u00edos, son los primeros en alimentarse de las diminutas gotas. Como un diluvio sibilino, el r\u00edo que discurre discreto se convierte en una peligrosa serpiente acuosa, embistiendo las orillas con la violencia de su corriente. Este juego de fuerzas dibuja en el paisaje los meandros, allana las elevaciones y colma de vida las tierras que abrazan su recorrido. Pero todo r\u00edo ha de ir a morir a otro m\u00e1s grande, y finalmente a los mares y oc\u00e9anos. Seg\u00fan los datos del Comit\u00e9 Espa\u00f1ol de Grandes Presas, organismo oficial filial de su hom\u00f3nimo internacional<a target=\"_blank\" href=\"https:\/\/www.spancold.org\/news\/espana-desaprovecha-el-45-del-agua-de-la-lluvia-que-va-a-los-rios\/\" rel=\"noreferrer noopener\">,<\/a> <strong>un 45% del agua que conducen los r\u00edos se pierde en el mar.<\/strong> Teniendo en cuenta que solo el 2,5% del agua de nuestro <a target=\"_blank\" href=\"https:\/\/dialnet.unirioja.es\/servlet\/articulo?codigo=7663550\" rel=\"noreferrer noopener\">planeta<\/a> es dulce retener la m\u00e1xima cantidad posible de la mol\u00e9cula de la vida que nos llega del cielo se ha convertido en una posibilidad interesante.<\/p>\n\n\n\n<p>Un posible m\u00e9todo paliativo a este desaf\u00edo consiste en la <strong>recogida activa del agua de lluvia<\/strong>. Las posibilidades son variadas: desde la construcci\u00f3n de edificaciones con tejados optimizados para la canalizaci\u00f3n del agua de lluvia hasta balsas, dep\u00f3sitos e instalaciones que la recogen en grandes dep\u00f3sitos bajo tierra.<\/p>\n\n\n\n<blockquote class=\"wp-block-quote is-layout-flow wp-block-quote-is-layout-flow\">\n<p>Esta agua, sin depurar, no es indicada para ser consumida por el ser humano. M\u00e1s all\u00e1 de la contaminaci\u00f3n atmosf\u00e9rica producida por la actividad del ser humano, las got\u00edculas de agua recogen peque\u00f1as part\u00edculas de muy distinta procedencia, desde la actividad volc\u00e1nica hasta las propias emisiones naturales de los seres vivos, arena levantada por el viento y un largo etc\u00e9tera. Todo ello sin contar la suciedad y la carga biol\u00f3gica que adquiere el agua al discurrir por los mecanismos de recogida. Sin embargo, hay m\u00e1s usos para el agua de <a href=\"https:\/\/islaurbana.org\/wp-content\/uploads\/2022\/10\/pluvioteca-captacion-agua-lluvia-como-opcion-agua-potable-ciudad-mexico-imaz-armienta-lomnitz-torregrosa-2018.pdf\" target=\"_blank\" rel=\"noreferrer noopener\">lluvia.<\/a> El m\u00e1s evidente, para<strong> reducir el impacto sobre las reservas h\u00eddricas que conlleva la agricultura de regad\u00ed<\/strong>o. Tambi\u00e9n es especialmente \u00fatil para el autoconsumo en huertos y jardines particulares, en el uso dom\u00e9stico de la limpieza de instalaciones, de veh\u00edculos y, tratada correctamente, para uso potable.<\/p>\n\n\n\n<p>Aunque suene hermoso, este m\u00e9todo asume algunas dificultades log\u00edsticas. La primera de ellas es que resulta alentadora desde una perspectiva dom\u00e9stica. Para uso particular, la recogida de litros de agua para uso diverso facilitar\u00eda un cierto <strong>ahorro de agua corriente<\/strong>. Por ejemplo, para una superficie de recogida de 100 metros cuadrados permitir\u00eda recuperar m\u00e1s de 60.000 litros al a\u00f1o tomando en cuenta la precipitaci\u00f3n media en Espa\u00f1a medida en <a target=\"_blank\" href=\"https:\/\/publicaciones.ucuenca.edu.ec\/ojs\/index.php\/estoa\/article\/view\/313\" rel=\"noreferrer noopener\">2010.<\/a> En otras palabras, el equivalente a 2.000 d\u00edas de consumo medio por persona (estimado en unos 30 litros). La diferencia entre la necesidad b\u00e1sica de agua y la que puede recogerse en potencia permite optimizar recursos y superficies repartiendo la cuota de recogido en distintas edificaciones. Para actividad industrial y ganadera, la acumulaci\u00f3n de agua pluvial generar\u00eda una importante <strong>reducci\u00f3n del impacto medioambiental<\/strong>. En las grandes <a href=\"https:\/\/ethic.es\/2024\/10\/asi-son-las-ciudades-esponja\/\">ciudades<\/a>, este sistema podr\u00eda implantarse de manera comunitaria en bloques de viviendas.<\/p>\n\n\n\n<p>No obstante, la situaci\u00f3n cambia en el momento en que se enfoca la medida a la acumulaci\u00f3n de agua para suministro continuo. La viabilidad de este sistema es m\u00ednima: habr\u00eda que optimizar grandes superficies que se precisan para otros fines, como la agricultura y la industria, o que pertenecen al ecosistema. Sigue siendo m\u00e1s rentable <strong>aprovechar los cursos naturales de agua y emplear el m\u00e9todo m\u00e1s antiguo conocido para recoger agua: el embalse<\/strong>. Inventado por la inteligencia del castor, uno de las m\u00e1s hermosas obras de ingenier\u00eda de este tipo realizadas por el hombre fue la Gran Presa de Marib, levantada en el siglo VIII a.C. en la seca \u00e1rea del sur de la pen\u00ednsula <a href=\"https:\/\/www.torrossa.com\/en\/resources\/an\/2450662\" target=\"_blank\" rel=\"noreferrer noopener\">ar\u00e1biga.<\/a> Bajo su amparo crecieron los regad\u00edos, prosperaron ciudades y se desafi\u00f3 al calor abrasador del desierto. Hoy en d\u00eda, la construcci\u00f3n de presas y su conservaci\u00f3n sigue siendo clave para garantizar un suministro de agua dulce eficiente para la actividad humana. Porque, en definitiva, nuestra especie lleva recogiendo agua el agua de oto\u00f1o desde nuestros or\u00edgenes, solo que lo hemos olvidado.<\/p>\n\n\n\n<p><a href=\"https:\/\/ethic.es\/articulistas\/david-lorenzo-cardiel?_gl=1*wbeupj*_up*MQ..*_ga*MTg5NTM0NDc3Ny4xNzI5ODUwMzU2*_ga_0LL6WCT924*MTcyOTg1MDM1My4xLjEuMTcyOTg1MDQ4NC4wLjAuMjg5Njk5Mjkx\"><strong>David Lorenzo Cardiel<\/strong><\/a><\/p>\n\n\n\n<p>PUBLICADO EN ETHIC<\/p>\n<\/blockquote>\n","protected":false},"excerpt":{"rendered":"<p>Una soluci\u00f3n ecol\u00f3gica que proponen algunos colectivos es la recogida del agua de lluvia para&#8230;<\/p>\n","protected":false},"author":1,"featured_media":72255,"comment_status":"closed","ping_status":"closed","sticky":false,"template":"","format":"standard","meta":{"_coblocks_attr":"","_coblocks_dimensions":"","_coblocks_responsive_height":"","_coblocks_accordion_ie_support":"","jetpack_post_was_ever_published":false,"_jetpack_newsletter_access":"","_jetpack_dont_email_post_to_subs":false,"_jetpack_newsletter_tier_id":0,"_jetpack_memberships_contains_paywalled_content":false,"_jetpack_memberships_contains_paid_content":false,"footnotes":"","jetpack_publicize_message":"","jetpack_publicize_feature_enabled":true,"jetpack_social_post_already_shared":true,"jetpack_social_options":{"image_generator_settings":{"template":"highway","default_image_id":0,"enabled":false},"version":2}},"categories":[10797,9,44],"tags":[],"class_list":["post-72254","post","type-post","status-publish","format-standard","has-post-thumbnail","hentry","category-ciencia","category-medio-ambiente","category-noticias-de-hoy"],"jetpack_publicize_connections":[],"jetpack_featured_media_url":"https:\/\/i0.wp.com\/miradordeatarfe.es\/wp-content\/uploads\/2024\/10\/lluvia-otono-1280x768-1.webp?fit=1280%2C768&ssl=1","jetpack_likes_enabled":true,"jetpack_sharing_enabled":true,"_links":{"self":[{"href":"https:\/\/miradordeatarfe.es\/index.php?rest_route=\/wp\/v2\/posts\/72254","targetHints":{"allow":["GET"]}}],"collection":[{"href":"https:\/\/miradordeatarfe.es\/index.php?rest_route=\/wp\/v2\/posts"}],"about":[{"href":"https:\/\/miradordeatarfe.es\/index.php?rest_route=\/wp\/v2\/types\/post"}],"author":[{"embeddable":true,"href":"https:\/\/miradordeatarfe.es\/index.php?rest_route=\/wp\/v2\/users\/1"}],"replies":[{"embeddable":true,"href":"https:\/\/miradordeatarfe.es\/index.php?rest_route=%2Fwp%2Fv2%2Fcomments&post=72254"}],"version-history":[{"count":1,"href":"https:\/\/miradordeatarfe.es\/index.php?rest_route=\/wp\/v2\/posts\/72254\/revisions"}],"predecessor-version":[{"id":72256,"href":"https:\/\/miradordeatarfe.es\/index.php?rest_route=\/wp\/v2\/posts\/72254\/revisions\/72256"}],"wp:featuredmedia":[{"embeddable":true,"href":"https:\/\/miradordeatarfe.es\/index.php?rest_route=\/wp\/v2\/media\/72255"}],"wp:attachment":[{"href":"https:\/\/miradordeatarfe.es\/index.php?rest_route=%2Fwp%2Fv2%2Fmedia&parent=72254"}],"wp:term":[{"taxonomy":"category","embeddable":true,"href":"https:\/\/miradordeatarfe.es\/index.php?rest_route=%2Fwp%2Fv2%2Fcategories&post=72254"},{"taxonomy":"post_tag","embeddable":true,"href":"https:\/\/miradordeatarfe.es\/index.php?rest_route=%2Fwp%2Fv2%2Ftags&post=72254"}],"curies":[{"name":"wp","href":"https:\/\/api.w.org\/{rel}","templated":true}]}}