{"id":72290,"date":"2024-10-31T10:30:33","date_gmt":"2024-10-31T09:30:33","guid":{"rendered":"https:\/\/miradordeatarfe.es\/?p=72290"},"modified":"2024-10-31T14:01:50","modified_gmt":"2024-10-31T13:01:50","slug":"nuevo-exito-de-la-xxi-carrera-nocturna-atarfena","status":"publish","type":"post","link":"https:\/\/miradordeatarfe.es\/?p=72290","title":{"rendered":"NUEVO \u00c9XITO DE LA XXI CARRERA NOCTURNA ATARFE\u00d1A"},"content":{"rendered":"\n<p class=\"has-medium-font-size\"> <strong>Atarfe celebr\u00f3 el viernes 25 de noviembre la veintiuna edici\u00f3n de la carrera popular nocturna que reuni\u00f3 a un millar de participantes en una prueba que discurre por las principales calles del municipio.<\/strong><\/p>\n\n\n\n<p>La iniciativa de car\u00e1cter popular naci\u00f3 con la intenci\u00f3n de fomentar h\u00e1bitos de vida saludables entre la poblaci\u00f3n atarfe\u00f1a. Deportistas profesionales y aficionados  corrieron sobre  8 kil\u00f3metros, en la que han participado deportistas profesionales y aficionados de todas las edades.<\/p>\n\n\n\n<p><strong>Atarfe<\/strong> ha consolidado su carrera nocturna  como \u201cuna gran fiesta deportiva y familiar en la que prima m\u00e1s la participaci\u00f3n y el esp\u00edritu de convivencia que la competici\u00f3n\u201d todo ello con la implicaci\u00f3n de la sociedad civil y empresarial de Atarfe, cuyas empresas y comercios \u201cse han volcado con la organizaci\u00f3n para dar una mayor proyecci\u00f3n a la carrera\u201d. Igualmente es de destacar la labor de coordinaci\u00f3n que desarroll\u00f3 la Polic\u00eda Local y Protecci\u00f3n Civil, \u201cimprescindible\u201d para que la prueba discurriera con normalidad.<\/p>\n\n\n\n<p>Al igual que en anteriores ediciones la carrera nocturna tuvo su salida (22.00 horas) y llegada en la Plaza de Toros.&nbsp;<\/p>\n\n\n\n<p>Desde el <a href=\"https:\/\/www.facebook.com\/p\/club-atletismo-y-monta%C3%B1a-de-atarfe-100057663189400\/?__cft__[0]=AZVmpBE8ijua4Vp7rlSEvlEW8nFdU-HEUFvQa0XxMi11xcMuCP7IfadeN65zwhwCgQFdk599n0LOiGH-rtzYk4X0gIj9_AgrEEhhxqmE5FIoT8vtFM0hXiWKSF6Fztg-jAc0fkKzPRv2qCdjR-ZChid-ZrFvNZ3F7MBg-_7wu2xW960K_RJImZdkvEYRwrcx-Ru_UcTM5NRiyuGfGcKnL0U2&amp;__tn__=-]K-R\">Club Atletismo y Monta\u00f1a de Atarfe<\/a>  nos comunican que estan muy agradecidos a todos los corredores y corredoras que desafiaron al mal tiempo para estar juntos a nosotros en la XXI carrera popular nocturna de Atarfe.<\/p>\n\n\n\n<figure class=\"wp-block-embed is-type-video is-provider-youtube wp-block-embed-youtube wp-embed-aspect-16-9 wp-has-aspect-ratio\"><div class=\"wp-block-embed__wrapper\">\n<iframe loading=\"lazy\" title=\"\ud83c\udfc3\u200d\u2642\ufe0f\ud83c\udf19 Momentos Inolvidables en la XXI Carrera Popular Nocturna de Atarfe \ud83c\udf19\ud83c\udfc3\u200d\u2640\ufe0f\" width=\"640\" height=\"360\" src=\"https:\/\/www.youtube.com\/embed\/hV6sdHENPk0?feature=oembed\" frameborder=\"0\" allow=\"accelerometer; autoplay; clipboard-write; encrypted-media; gyroscope; picture-in-picture; web-share\" referrerpolicy=\"strict-origin-when-cross-origin\" allowfullscreen><\/iframe>\n<\/div><\/figure>\n\n\n\n<p>El club pone  2 enlaces para que pod\u00e1is descargaros alguna foto:<\/p>\n\n\n\n<p><a href=\"https:\/\/we.tl\/t-b7FByiooar\">https:\/\/we.tl\/t-b7FByiooar<\/a><\/p>\n\n\n\n<p><a href=\"https:\/\/we.tl\/t-m2SBzeCf0N\">https:\/\/we.tl\/t-m2SBzeCf0N<\/a><\/p>\n\n\n\n\n","protected":false},"excerpt":{"rendered":"<p>Atarfe celebr\u00f3 el viernes 25 de noviembre la veintiuna edici\u00f3n de la carrera popular nocturna&#8230;<\/p>\n","protected":false},"author":1,"featured_media":72340,"comment_status":"closed","ping_status":"closed","sticky":false,"template":"","format":"standard","meta":{"_coblocks_attr":"","_coblocks_dimensions":"","_coblocks_responsive_height":"","_coblocks_accordion_ie_support":"","jetpack_post_was_ever_published":false,"_jetpack_newsletter_access":"","_jetpack_dont_email_post_to_subs":false,"_jetpack_newsletter_tier_id":0,"_jetpack_memberships_contains_paywalled_content":false,"_jetpack_memberships_contains_paid_content":false,"footnotes":"","jetpack_publicize_message":"","jetpack_publicize_feature_enabled":true,"jetpack_social_post_already_shared":true,"jetpack_social_options":{"image_generator_settings":{"template":"highway","default_image_id":0,"enabled":false},"version":2}},"categories":[1161,182,186,44],"tags":[],"class_list":["post-72290","post","type-post","status-publish","format-standard","has-post-thumbnail","hentry","category-ciudadania","category-deportes","category-instituciones","category-noticias-de-hoy"],"jetpack_publicize_connections":[],"jetpack_featured_media_url":"https:\/\/i0.wp.com\/miradordeatarfe.es\/wp-content\/uploads\/2024\/10\/DSC0404-scaled.jpg?fit=2560%2C1702&ssl=1","jetpack_likes_enabled":true,"jetpack_sharing_enabled":true,"_links":{"self":[{"href":"https:\/\/miradordeatarfe.es\/index.php?rest_route=\/wp\/v2\/posts\/72290","targetHints":{"allow":["GET"]}}],"collection":[{"href":"https:\/\/miradordeatarfe.es\/index.php?rest_route=\/wp\/v2\/posts"}],"about":[{"href":"https:\/\/miradordeatarfe.es\/index.php?rest_route=\/wp\/v2\/types\/post"}],"author":[{"embeddable":true,"href":"https:\/\/miradordeatarfe.es\/index.php?rest_route=\/wp\/v2\/users\/1"}],"replies":[{"embeddable":true,"href":"https:\/\/miradordeatarfe.es\/index.php?rest_route=%2Fwp%2Fv2%2Fcomments&post=72290"}],"version-history":[{"count":2,"href":"https:\/\/miradordeatarfe.es\/index.php?rest_route=\/wp\/v2\/posts\/72290\/revisions"}],"predecessor-version":[{"id":72335,"href":"https:\/\/miradordeatarfe.es\/index.php?rest_route=\/wp\/v2\/posts\/72290\/revisions\/72335"}],"wp:featuredmedia":[{"embeddable":true,"href":"https:\/\/miradordeatarfe.es\/index.php?rest_route=\/wp\/v2\/media\/72340"}],"wp:attachment":[{"href":"https:\/\/miradordeatarfe.es\/index.php?rest_route=%2Fwp%2Fv2%2Fmedia&parent=72290"}],"wp:term":[{"taxonomy":"category","embeddable":true,"href":"https:\/\/miradordeatarfe.es\/index.php?rest_route=%2Fwp%2Fv2%2Fcategories&post=72290"},{"taxonomy":"post_tag","embeddable":true,"href":"https:\/\/miradordeatarfe.es\/index.php?rest_route=%2Fwp%2Fv2%2Ftags&post=72290"}],"curies":[{"name":"wp","href":"https:\/\/api.w.org\/{rel}","templated":true}]}}