{"id":72317,"date":"2024-11-02T08:03:00","date_gmt":"2024-11-02T07:03:00","guid":{"rendered":"https:\/\/miradordeatarfe.es\/?p=72317"},"modified":"2024-10-30T13:42:45","modified_gmt":"2024-10-30T12:42:45","slug":"la-globalizacion-en-retirada","status":"publish","type":"post","link":"https:\/\/miradordeatarfe.es\/?p=72317","title":{"rendered":"La globalizaci\u00f3n en retirada"},"content":{"rendered":"\n<p class=\"has-medium-font-size\"><strong>Pese a las frecuentes denuncias contra el comercio internacional, el proteccionismo es mucho peor: es el empobrecimiento de todos, sobre todo de los m\u00e1s vulnerables<\/strong><\/p>\n\n\n\n<p><article class=\"a _g _g-lg _g-o\"><div class=\"a_c clearfix\" data-dtm-region=\"articulo_cuerpo\"><p class=\"\">Los ministros de finanzas y presidentes de bancos centrales de m\u00e1s de 191 pa\u00edses se han reunido en Washington estos d\u00edas. <a data-link-track-dtm=\"\" data-mrf-link=\"https:\/\/elpais.com\/economia\/2024-10-25\/el-banco-mundial-situa-al-empleo-como-prioridad-en-la-lucha-contra-la-pobreza.html\" href=\"https:\/\/elpais.com\/economia\/2024-10-25\/el-banco-mundial-situa-al-empleo-como-prioridad-en-la-lucha-contra-la-pobreza.html\" target=\"_blank\" rel=\"noopener\">Esta reuni\u00f3n la organizan anualmente <\/a>el  Fondo Monetario Internacional y el Banco Mundial. Como siempre, mucho  m\u00e1s interesantes que los discursos p\u00fablicos fueron las conversaciones en  los pasillos.<\/p><\/div><\/article><\/p>\n\n\n\n<p><article class=\"a _g _g-lg _g-o\"><div class=\"a_c clearfix\" data-dtm-region=\"articulo_cuerpo\"><p class=\"\">Este a\u00f1o, un fantasma recorri\u00f3 esos pasillos: <a data-link-track-dtm=\"\" data-mrf-link=\"https:\/\/elpais.com\/opinion\/2022-10-03\/se-acabo-la-globalizacion.html\" href=\"https:\/\/elpais.com\/opinion\/2022-10-03\/se-acabo-la-globalizacion.html\" target=\"_blank\" rel=\"noopener\">el fantasma de la desglobalizaci\u00f3n. <\/a>La  ola global de populismo, las fricciones comerciales, las restricciones a  la inversi\u00f3n extranjera y la hostilidad hacia la inmigraci\u00f3n han venido  ganando terreno. <a data-link-track-dtm=\"\" data-mrf-link=\"https:\/\/elpais.com\/economia\/2024-10-24\/georgieva-llama-a-la-cooperacion-frente-a-los-conflictos-y-el-proteccionismo.html\" href=\"https:\/\/elpais.com\/economia\/2024-10-24\/georgieva-llama-a-la-cooperacion-frente-a-los-conflictos-y-el-proteccionismo.html\" target=\"_blank\" rel=\"noopener\">El proteccionismo est\u00e1 en auge.<\/a>Esto  hay que lamentarlo, porque a pesar de las frecuentes denuncias contra  el comercio internacional, la experiencia con el proteccionismo es mucho  peor: <strong>es el empobrecimiento de todos, sobre todo de los m\u00e1s <br \/>vulnerables.<\/strong><\/p><\/div><\/article>Esto no quiere decir que <a data-mrf-link=\"https:\/\/cincodias.elpais.com\/opinion\/2023-06-28\/estamos-ante-el-final-de-la-globalizacion.html\" data-link-track-dtm=\"\" href=\"https:\/\/cincodias.elpais.com\/opinion\/2023-06-28\/estamos-ante-el-final-de-la-globalizacion.html\" target=\"_blank\" rel=\"noopener\">la globalizaci\u00f3n carezca de defectos. <\/a> Entre sus principales fallas est\u00e1n el haber contribuido a la desigualdad en la distribuci\u00f3n de la riqueza y los ingresos y el no haber ofrecido, hasta ahora, respuestas a gran escala para <a data-link-track-dtm=\"\" data-mrf-link=\"https:\/\/elpais.com\/economia\/2023-10-13\/el-banco-mundial-se-lanza-a-por-mas-fondos-para-asumir-la-mision-de-luchar-contra-el-cambio-climatico.html\" href=\"https:\/\/elpais.com\/economia\/2023-10-13\/el-banco-mundial-se-lanza-a-por-mas-fondos-para-asumir-la-mision-de-luchar-contra-el-cambio-climatico.html\" target=\"_blank\" rel=\"noopener\">contener la emergencia clim\u00e1tica. <\/a>Esto,  sin embargo, no debe impulsar a los gobiernos a adoptar posturas  proteccionistas y aislacionistas. M\u00e1s bien hay que trabajar para  corregir estos problemas sin perder los beneficios generados por el  comercio entre naciones.Las barreras comerciales, manifestaci\u00f3n principal de la desglobalizaci\u00f3n econ\u00f3mica en marcha, se presentan en forma de aranceles y regulaciones que entraban el comercio.<article class=\"a _g _g-lg _g-o\"><div class=\"a_c clearfix\" data-dtm-region=\"articulo_cuerpo\"><p class=\"\"> En Estados Unidos, muchos de los aranceles impuestos por Donald Trump  durante su presidencia fueron sigilosamente mantenidos por Joe Biden, prueba clara de que, en este ambiente pol\u00edtico, nadie se atreve a enarbolar la bandera de la liberalizaci\u00f3n comercial. En estos tiempos, calificar a alguien de \u201cglobalista\u201d es un insulto.La desglobalizaci\u00f3n no solo afecta a la movilidad de bienes y capitales, sino tambi\u00e9n al de las personas. El cierre de fronteras y las pol\u00edticas antinmigratorias reflejan otro aspecto de este retroceso. En Estados Unidos y en Europa se ha instalado <a data-link-track-dtm=\"\" data-mrf-link=\"https:\/\/elpais.com\/internacional\/2024-10-20\/el-derecho-al-asilo-se-resquebraja-en-la-union-europea.html\" href=\"https:\/\/elpais.com\/internacional\/2024-10-20\/el-derecho-al-asilo-se-resquebraja-en-la-union-europea.html\" target=\"_blank\" rel=\"noopener\">un clima pol\u00edtico en el que se demoniza la inmigraci\u00f3n <\/a>y<br \/> se asocian los flujos migratorios con amenazas a la seguridad, y a la estabilidad econ\u00f3mica. Esto se traduce en un trato m\u00e1s restrictivo hacia  los migrantes, quienes a menudo son utilizados como chivos expiatorios de <a data-link-track-dtm=\"\" data-mrf-link=\"https:\/\/elpais.com\/economia\/2024-10-09\/los-inmigrantes-ni-quitan-el-empleo-a-los-espanoles-ni-hacen-que-sus-sueldos-sean-menores.html\" href=\"https:\/\/elpais.com\/economia\/2024-10-09\/los-inmigrantes-ni-quitan-el-empleo-a-los-espanoles-ni-hacen-que-sus-sueldos-sean-menores.html\" target=\"_blank\" rel=\"noopener\">problemas econ\u00f3micos y sociales que nada tienen que ver con ellos. <\/a>No se trata de tolerar fronteras sin control, aceptar continuas crisis  migratorias o esperar que muros, cercas y agentes armados contengan las mareas de inmigrantes.<\/p><\/div><\/article><\/p>\n\n\n\n<p><article class=\"a _g _g-lg _g-o\"><div class=\"a_c clearfix\" data-dtm-region=\"articulo_cuerpo\"><p class=\"\"> Se trata de tener pol\u00edticas migratorias realistas  y m\u00e1s influidas por el an\u00e1lisis racional que por el oportunismo pol\u00edtico. As\u00ed, el intento de cerrar fronteras se convierte en un s\u00edmbolo m\u00e1s de la desglobalizaci\u00f3n, y quienes m\u00e1s sufren  son los m\u00e1s vulnerables, que huyen de crisis humanas y colapsos <br \/>econ\u00f3micos solo para enfrentarse a nuevos obst\u00e1culos. Por  ejemplo, el Brexit, un desaforado acto de autolesi\u00f3n econ\u00f3mica para Reino Unido, introdujo nuevos controles que impusieron barreras <br \/>significativas a los exportadores brit\u00e1nicos y europeos por igual. Los retrasos en aduanas y los costes adicionales afectan a empresas que alguna vez se beneficiaron del acceso fluido a un atractivo mercado <br \/>com\u00fan. En la misma l\u00ednea, <a data-link-track-dtm=\"\" data-mrf-link=\"https:\/\/elpais.com\/internacional\/2024-10-17\/la-melonizacion-del-debate-migratorio-avanza-en-la-ue.html\" href=\"https:\/\/elpais.com\/internacional\/2024-10-17\/la-melonizacion-del-debate-migratorio-avanza-en-la-ue.html\" target=\"_blank\" rel=\"noopener\">la creciente ret\u00f3rica nacionalista en Europa <\/a>dificulta  cada vez m\u00e1s las inversiones extranjeras, y los fracasos de las pol\u00edticas migratorias nutren los resultados electorales de los partidos de la ultraderecha radical.<\/p><\/div><\/article><\/p>\n\n\n\n<p><article class=\"a _g _g-lg _g-o\"><div class=\"a_c clearfix\" data-dtm-region=\"articulo_cuerpo\"><p class=\"\">El proceso de desglobalizaci\u00f3n es gradual, e inicialmente no es f\u00e1cil detectar c\u00f3mo se  va perdiendo el dinamismo econ\u00f3mico y social. A medida que las barreras al comercio, la inversi\u00f3n y la movilidad de personas aumentan, las cadenas de suministro globales se fragmentan, los precios suben y las <br \/>econom\u00edas de los pa\u00edses en desarrollo se vuelven m\u00e1s vulnerables. Los trabajadores y las peque\u00f1as empresas, que dependen de un flujo constante de bienes y capital, se ven atrapados en el fuego cruzado, enfrentando la incertidumbre de un sistema econ\u00f3mico que se vuelve cada vez m\u00e1s cerrado y excluyente.<\/p><\/div><\/article><\/p>\n\n\n\n<p><article class=\"a _g _g-lg _g-o\"><div class=\"a_c clearfix\" data-dtm-region=\"articulo_cuerpo\"><p class=\"\">Quienes alguna vez prosperaron gracias al comercio internacional afrontar\u00e1n el estancamiento, el <br \/>desempleo y la falta de oportunidades. Los aumentos de costos que aparecen cuando se imposibilita el comercio y se restringe la movilidad humana ir\u00e1n socavando la prosperidad de familias trabajadoras que, <br \/>muchas veces sin saberlo, dependen de la integraci\u00f3n global para su bienestar.A\u00fan estamos a tiempo de cambiar de rumbo. <\/p><\/div><\/article><\/p>\n\n\n\n<p><article class=\"a _g _g-lg _g-o\"><div class=\"a_c clearfix\" data-dtm-region=\"articulo_cuerpo\"><p class=\"\">Revertir estas tendencias y restaurar un enfoque de cooperaci\u00f3n  internacional, que incluya tanto el comercio como la inversi\u00f3n y la movilidad humana, podr\u00eda evitar un empobrecimiento generalizado y <br \/>devolver al mundo a un camino de prosperidad compartida. El reto es reconocer el error que estamos cometiendo antes de que sea demasiado tarde.<\/p><\/div><\/article><\/p>\n","protected":false},"excerpt":{"rendered":"<p>Pese a las frecuentes denuncias contra el comercio internacional, el proteccionismo es mucho peor: es&#8230;<\/p>\n","protected":false},"author":1,"featured_media":72318,"comment_status":"closed","ping_status":"closed","sticky":false,"template":"","format":"standard","meta":{"_coblocks_attr":"","_coblocks_dimensions":"","_coblocks_responsive_height":"","_coblocks_accordion_ie_support":"","jetpack_post_was_ever_published":false,"_jetpack_newsletter_access":"","_jetpack_dont_email_post_to_subs":false,"_jetpack_newsletter_tier_id":0,"_jetpack_memberships_contains_paywalled_content":false,"_jetpack_memberships_contains_paid_content":false,"footnotes":"","jetpack_publicize_message":"","jetpack_publicize_feature_enabled":true,"jetpack_social_post_already_shared":true,"jetpack_social_options":{"image_generator_settings":{"template":"highway","default_image_id":0,"enabled":false},"version":2}},"categories":[1161,44,7671,6937],"tags":[],"class_list":["post-72317","post","type-post","status-publish","format-standard","has-post-thumbnail","hentry","category-ciudadania","category-noticias-de-hoy","category-politica","category-sociedad"],"jetpack_publicize_connections":[],"jetpack_featured_media_url":"https:\/\/i0.wp.com\/miradordeatarfe.es\/wp-content\/uploads\/2024\/10\/Screenshot-2024-10-28-at-14-04-14-La-globalizacion-en-retirada-Opinion-EL-PAIS.png?fit=437%2C226&ssl=1","jetpack_likes_enabled":true,"jetpack_sharing_enabled":true,"_links":{"self":[{"href":"https:\/\/miradordeatarfe.es\/index.php?rest_route=\/wp\/v2\/posts\/72317","targetHints":{"allow":["GET"]}}],"collection":[{"href":"https:\/\/miradordeatarfe.es\/index.php?rest_route=\/wp\/v2\/posts"}],"about":[{"href":"https:\/\/miradordeatarfe.es\/index.php?rest_route=\/wp\/v2\/types\/post"}],"author":[{"embeddable":true,"href":"https:\/\/miradordeatarfe.es\/index.php?rest_route=\/wp\/v2\/users\/1"}],"replies":[{"embeddable":true,"href":"https:\/\/miradordeatarfe.es\/index.php?rest_route=%2Fwp%2Fv2%2Fcomments&post=72317"}],"version-history":[{"count":1,"href":"https:\/\/miradordeatarfe.es\/index.php?rest_route=\/wp\/v2\/posts\/72317\/revisions"}],"predecessor-version":[{"id":72319,"href":"https:\/\/miradordeatarfe.es\/index.php?rest_route=\/wp\/v2\/posts\/72317\/revisions\/72319"}],"wp:featuredmedia":[{"embeddable":true,"href":"https:\/\/miradordeatarfe.es\/index.php?rest_route=\/wp\/v2\/media\/72318"}],"wp:attachment":[{"href":"https:\/\/miradordeatarfe.es\/index.php?rest_route=%2Fwp%2Fv2%2Fmedia&parent=72317"}],"wp:term":[{"taxonomy":"category","embeddable":true,"href":"https:\/\/miradordeatarfe.es\/index.php?rest_route=%2Fwp%2Fv2%2Fcategories&post=72317"},{"taxonomy":"post_tag","embeddable":true,"href":"https:\/\/miradordeatarfe.es\/index.php?rest_route=%2Fwp%2Fv2%2Ftags&post=72317"}],"curies":[{"name":"wp","href":"https:\/\/api.w.org\/{rel}","templated":true}]}}